{"id":2568,"date":"2008-10-29T20:35:20","date_gmt":"2008-10-29T20:35:20","guid":{"rendered":"https:\/\/moir.org.co\/web\/con-permiso-opinamos\/"},"modified":"2008-10-29T20:35:20","modified_gmt":"2008-10-29T20:35:20","slug":"con-permiso-opinamos","status":"publish","type":"post","link":"https:\/\/moir.com.co\/web\/con-permiso-opinamos\/","title":{"rendered":"Con permiso Opinamos"},"content":{"rendered":"<p><b>Tejido de Comunicaci\u00f3n ACIN, Cauca, octubre 29 de 2008<\/b><\/p>\n<p>Con permiso opinamos que si La Minga y el Gobierno nos encontramos en La Mar\u00eda, ser\u00e1 dos d\u00edas antes de las elecciones de los EEUU, es decir, el momento para darle a conocer a los presentes y ausentes, que venga quien venga, no queremos TLC, ni guerra, ni leyes para entregar el pa\u00eds a transnacionales, ni un modelo de desarrollo para ellos que nos sigue matando a nosotros. Por eso opinamos, con permiso, que el domingo la cita es de La Minga de los Pueblos con el Mundo.<\/p>\n<p>Por fin al Presidente Uribe parece que le va a tocar ir a la asamblea en La Mar\u00eda y con La Minga, o por lo menos esperamos que ese sea el caso y que despu\u00e9s de la violenta agresi\u00f3n contra una protesta pac\u00edfica, el uso indebido e injustificado de un asalto militar armado, el asesinato de por lo menos dos ind\u00edgenas en La Mar\u00eda y los m\u00e1s de 100 heridos, la fabricaci\u00f3n de un encuentro y de un falso acuerdo entre sus Ministros y los l\u00edderes indigenas, la presentaci\u00f3n de un montaje para justificar todo lo anterior, el incumplimiento de la cita en Cali, la manipulaci\u00f3n de cifras sobre tierras ind\u00edgenas, la asistencia tard\u00eda al CAM en Cali donde vocifer\u00f3 provocaciones a los pocos que quedaban all\u00ed y a quienes no les permit\u00edan irse para que el Presidente tuviera p\u00fablico y la recurrente distorsi\u00f3n de la agenda para presentarla como un problema de ind\u00edgenas, de tierras y del Cauca, despu\u00e9s de todo esto, pues, ojal\u00e1 fuera cierto que va a escuchar respetuosamente la agenda de cinco puntos. Lo dudamos y con raz\u00f3n.<\/p>\n<p>De todos modos, en estos d\u00edas, anda exigiendo que el ej\u00e9rcito respete los derechos humanos y dando de baja oficiales involucrados en falsos positivos. Claro que se trata de encubrir 6 a\u00f1os de promover y ordenar violaciones sistem\u00e1ticas de derechos humanos por parte del ej\u00e9rcito, la polic\u00eda y los paramilitares, sin siquiera expresar condolencias una sola vez a sus v\u00edctimas o familiares, aunque fuera para encubrir estos cr\u00edmenes atroces. No creemos que se nos vaya a olvidar jam\u00e1s el que luego de la masacre de San \u00e9de Apartad\u00f3, saliera a acusar a las v\u00edctimas que inclu\u00edan ni\u00f1os degollados. Su ej\u00e9rcito fue condenado por la CIDH, pero \u00e9l nunca mostr\u00f3 el menor remordimiento. De modo que esto no puede ser mas que una fabricaci\u00f3n medi\u00e1tica de sus m\u00faltiples y transnacionales asesores para mejorar la imagen de un Presidente que el mundo reconoce como el conductor de una tiran\u00eda construida a sangre y fuego para las transnacionales.<\/p>\n<p>Si el Presidente va a La Mar\u00eda, ojal\u00e1 sea a atender a la Minga y no solamente a los ind\u00edgenas. Si va all\u00ed, ojal\u00e1 sea en presencia de medios de comunicaci\u00f3n del mundo entero que transmitan la agenda de los pueblos. Ojal\u00e1 la evidencia se presente. Ojal\u00e1 se sepa que el TLC fue impuesto contra los pueblos y que no lo queremos. Que las leyes se pasan contra los pueblos y que esto es ilegal, injusto e inaceptable y por ello deben derogarse de inmediato. Que la tiran\u00eda se ejerce desde el Estado y por lo tanto los pueblos merecemos y requerimos verificaci\u00f3n de los hechos y protecci\u00f3n internacional, porque nuestro propio Estado es un peligro, el mayor peligro que enfrentamos. Que, finalmente, deben crearse las condiciones para que los pueblos y procesos y nuestras organizaciones podamos construir una agenda nuestra, tejida desde nuestro dolor constante y recurrente para que ac\u00e1 haya democracia. Ojal\u00e1, que esto sea dicho por voceros y voceras de todos los pueblos que hemos hecho la Minga de los pueblos.<\/p>\n<p>Con permiso opinamos, que si esto no es as\u00ed, que si se manipulan las agendas, que si se trata solamente de tierras y derechos ind\u00edgenas, que si las vocer\u00edas no representan a los pueblos, pues mejor dejemos constancia de que los puntos est\u00e1n planteados, la agenda ha sido la palabra nombrada y que pase lo que pase, \u00e9sta sigue siendo la agenda no negociable y permanecer\u00e1 hasta cuando sea abordada. Ac\u00e1 dejamos constancia.<\/p>\n<p>Con permiso opinamos que si La Minga y el Gobierno nos encontramos en La Mar\u00eda, ser\u00e1 dos d\u00edas antes de las elecciones de los EEUU, es decir, el momento para darle a conocer a los presentes y ausentes, que venga quien venga, no queremos TLC, ni guerra, ni leyes para entregar el pa\u00eds a transnacionales, ni un modelo de desarrollo para ellos que nos sigue matando a nosotros. Por eso opinamos, con permiso, que el domingo la cita es de La Minga de los Pueblos con el Mundo.<\/p>\n<p>Cordialmente invitadas e invitados. Ustedes deciden si respetan o no.<\/p>\n","protected":false},"excerpt":{"rendered":"<p>Tejido de Comunicaci\u00f3n ACIN, Cauca, octubre 29 de 2008 Con permiso opinamos que si La Minga y el Gobierno nos encontramos en La Mar\u00eda, ser\u00e1 dos d\u00edas antes de las elecciones de los EEUU, es decir, el momento para darle a conocer a los presentes y ausentes, que venga quien venga, no queremos TLC, ni [&hellip;]<\/p>\n","protected":false},"author":1,"featured_media":0,"comment_status":"open","ping_status":"open","sticky":false,"template":"","format":"standard","meta":{"advanced_seo_description":"","jetpack_seo_html_title":"","jetpack_seo_noindex":false,"_jetpack_memberships_contains_paid_content":false,"footnotes":""},"categories":[7],"tags":[],"class_list":["post-2568","post","type-post","status-publish","format-standard","hentry","category-pronunciamientos-de-organizaciones-sociales"],"jetpack_featured_media_url":"","jetpack-related-posts":[{"id":2551,"url":"https:\/\/moir.com.co\/web\/la-minga-continua-no-somos-ni-condonamos-terroristas\/","url_meta":{"origin":2568,"position":0},"title":"La Minga Contin\u00faa. No somos, ni condonamos Terroristas.","author":"admin","date":"octubre 16, 2008","format":false,"excerpt":"Asociaci\u00f3n de Cabildos Ind\u00edgenas del Norte del Cauca, octubre 16 de 2008 La Minga de los Pueblos crece. El Presidente Uribe ha mentido de una manera tan desmesurada y evidente que hasta los medios de comunicaci\u00f3n a su servicio, dedicados a hacerle eco, lo han puesto en evidencia. Ha dicho\u2026","rel":"","context":"En \u00abPronunciamientos de Organizaciones Sociales\u00bb","block_context":{"text":"Pronunciamientos de Organizaciones Sociales","link":"https:\/\/moir.com.co\/web\/category\/pronunciamientos-de-organizaciones-sociales\/"},"img":{"alt_text":"","src":"","width":0,"height":0},"classes":[]},{"id":2600,"url":"https:\/\/moir.com.co\/web\/minga-el-desafio-de-los-pueblos\/","url_meta":{"origin":2568,"position":1},"title":"Minga: el desaf\u00edo de los pueblos","author":"admin","date":"noviembre 22, 2008","format":false,"excerpt":"Tejido de Comunicaci\u00f3n para la Verdad y la Vida-ACIN, Bogot\u00e1, noviembre 21 de 2008 El desaf\u00edo es grande, porque nos obliga a despojarnos de ego\u00edsmos, de protagonismos, de desconfianzas, de prejuicios y de envidias que rompen los procesos organizativos, pero tambi\u00e9n nos invita a escuchar, a comprender, a aconsejar, a\u2026","rel":"","context":"En \u00abPronunciamientos de Organizaciones Sociales\u00bb","block_context":{"text":"Pronunciamientos de Organizaciones Sociales","link":"https:\/\/moir.com.co\/web\/category\/pronunciamientos-de-organizaciones-sociales\/"},"img":{"alt_text":"","src":"","width":0,"height":0},"classes":[]},{"id":2623,"url":"https:\/\/moir.com.co\/web\/la-minga-el-personaje-del-ano-2008\/","url_meta":{"origin":2568,"position":2},"title":"LA MINGA, EL PERSONAJE DEL A\u00d1O 2008","author":"admin","date":"diciembre 15, 2008","format":false,"excerpt":"Aurelio Su\u00e1rez Montoya, La Tarde, Pereira, 16 de diciembre de 2008 A la hora de los balances finales se usa definir el personaje del a\u00f1o. Analistas, medios de comunicaci\u00f3n y distintos centros seleccionan, acorde con el impacto de los hechos acaecidos o con la concordancia de estos con los fines\u2026","rel":"","context":"En \u00abTemas\u00bb","block_context":{"text":"Temas","link":"https:\/\/moir.com.co\/web\/category\/temas\/"},"img":{"alt_text":"","src":"","width":0,"height":0},"classes":[]},{"id":2596,"url":"https:\/\/moir.com.co\/web\/en-respaldo-a-la-minga-indigena\/","url_meta":{"origin":2568,"position":3},"title":"EN RESPALDO A LA MINGA IND\u00cdGENA","author":"admin","date":"noviembre 20, 2008","format":false,"excerpt":"Declaraci\u00f3n, Senador Jorge Enrique Robledo, Bogot\u00e1, 20 de noviembre de 2008 Arriban a Bogot\u00e1 miles de ind\u00edgenas provenientes de todo el pa\u00eds. Despu\u00e9s de declararse en Minga ante la actitud desobligante del gobierno nacional, iniciaron una nutrida y entusiasta marcha desde el norte del Cauca, a la cual se han\u2026","rel":"","context":"En \u00abJorge Enrique Robledo\u00bb","block_context":{"text":"Jorge Enrique Robledo","link":"https:\/\/moir.com.co\/web\/category\/jorge-enrique-robledo\/"},"img":{"alt_text":"","src":"","width":0,"height":0},"classes":[]},{"id":8004,"url":"https:\/\/moir.com.co\/web\/minga-por-la-soberania\/","url_meta":{"origin":2568,"position":4},"title":"Minga por la Soberan\u00eda","author":"admin","date":"octubre 20, 2013","format":false,"excerpt":"En quechua mink'a o minga significa \u201ctrabajo colectivo hecho en favor de la comunidad\u201d; en sus or\u00edgenes se relacionaba con la siembra comunitaria o el arreglo de bienes comunales en infraestructura local, con el transcurso de los tiempos y en la \u00e9poca actual como un mecanismo de resistencia a los\u2026","rel":"","context":"En \u00abTemas\u00bb","block_context":{"text":"Temas","link":"https:\/\/moir.com.co\/web\/category\/temas\/"},"img":{"alt_text":"","src":"","width":0,"height":0},"classes":[]},{"id":1285,"url":"https:\/\/moir.com.co\/web\/condeno-la-violencia-oficial-contra-el-pueblo-embera-y-exijo-al-gobierno-nacional-deje-realizar-minga-indigena\/","url_meta":{"origin":2568,"position":5},"title":"CONDENO LA VIOLENCIA OFICIAL CONTRA EL PUEBLO EMBERA Y EXIJO AL GOBIERNO NACIONAL, DEJE  REALIZAR MINGA IND\u00cdGENA","author":"admin","date":"septiembre 30, 2005","format":false,"excerpt":"A partir de hoy 9 de Octubre y hasta el 12, deber\u00eda realizarse de manera pac\u00edfica la Minga del Pueblo Embera. Sin embargo, est\u00e1 no ha podido comenzar porque el gobierno nacional y particularmente el presidente Uribe V\u00e9lez, han impedido el desplazamiento de los ind\u00edgenas, que est\u00e1n apostados al lado\u2026","rel":"","context":"En \u00abEscritos del Moir\u00bb","block_context":{"text":"Escritos del Moir","link":"https:\/\/moir.com.co\/web\/category\/moir\/escritos-del-moir\/"},"img":{"alt_text":"","src":"","width":0,"height":0},"classes":[]}],"jetpack_sharing_enabled":true,"_links":{"self":[{"href":"https:\/\/moir.com.co\/web\/wp-json\/wp\/v2\/posts\/2568","targetHints":{"allow":["GET"]}}],"collection":[{"href":"https:\/\/moir.com.co\/web\/wp-json\/wp\/v2\/posts"}],"about":[{"href":"https:\/\/moir.com.co\/web\/wp-json\/wp\/v2\/types\/post"}],"author":[{"embeddable":true,"href":"https:\/\/moir.com.co\/web\/wp-json\/wp\/v2\/users\/1"}],"replies":[{"embeddable":true,"href":"https:\/\/moir.com.co\/web\/wp-json\/wp\/v2\/comments?post=2568"}],"version-history":[{"count":0,"href":"https:\/\/moir.com.co\/web\/wp-json\/wp\/v2\/posts\/2568\/revisions"}],"wp:attachment":[{"href":"https:\/\/moir.com.co\/web\/wp-json\/wp\/v2\/media?parent=2568"}],"wp:term":[{"taxonomy":"category","embeddable":true,"href":"https:\/\/moir.com.co\/web\/wp-json\/wp\/v2\/categories?post=2568"},{"taxonomy":"post_tag","embeddable":true,"href":"https:\/\/moir.com.co\/web\/wp-json\/wp\/v2\/tags?post=2568"}],"curies":[{"name":"wp","href":"https:\/\/api.w.org\/{rel}","templated":true}]}}