{"id":2551,"date":"2008-10-16T22:53:06","date_gmt":"2008-10-16T22:53:06","guid":{"rendered":"https:\/\/moir.org.co\/web\/la-minga-continua-no-somos-ni-condonamos-terroristas\/"},"modified":"2008-10-16T22:53:06","modified_gmt":"2008-10-16T22:53:06","slug":"la-minga-continua-no-somos-ni-condonamos-terroristas","status":"publish","type":"post","link":"https:\/\/moir.com.co\/web\/la-minga-continua-no-somos-ni-condonamos-terroristas\/","title":{"rendered":"La Minga Contin\u00faa. No somos, ni condonamos Terroristas."},"content":{"rendered":"<p><b>Asociaci\u00f3n de Cabildos Ind\u00edgenas del Norte del Cauca, octubre 16 de 2008<\/b><\/p>\n<p> La Minga de los Pueblos crece. El Presidente Uribe ha mentido de una manera tan desmesurada y evidente que hasta los medios de comunicaci\u00f3n a su servicio, dedicados a hacerle eco, lo han puesto en evidencia. Ha dicho y repetido que los polic\u00edas solo ten\u00edan sus escudos y bastones y los ind\u00edgenas, los \u201cbandidos\u201d estaban armados.<\/p>\n<p>La desfachatez es incre\u00edble. Orden\u00f3 un asalto militar contra una protesta pac\u00edfica en una acci\u00f3n combinada de ej\u00e9rcito y polic\u00eda con saldo de heridos y muertos a bala. Pero no es porque le digamos nosotros sino porque los medios los mostraron disparando r\u00e1fagas de fusil. El Presidente Uribe, su Gabinete, el Gobernador del Cauca, los oficiales, deben responder ante la justicia en donde la dejen operar con independencia.<\/p>\n<p>La Minga contin\u00faa. Se desarrollan m\u00e1s movilizaciones, m\u00e1s acciones de hecho hasta cuando la agenda de los pueblos sea escuchada y se ponga en marcha un mecanismo concreto para abordarla. Tenemos agenda. No solamente exigimos que cumplan con sus obligaciones, porque nuestras demandas son de fondo y no son solamente de los pueblos ind\u00edgenas.<\/p>\n<p>Vamos a realizar m\u00e1s acciones en el Cauca y en el resto de Colombia. Las acciones de los pueblos ind\u00edgenas son directas y masivas. No utilizamos armas de fuego ni explosivos porque nos oponemos a las acciones armadas. Nos defenderemos si nos atacan sin otras armas que los bastones. Llamamos a todos los movimientos sociales y pueblos a movilizarse, pero a hacerlo sin armas, pac\u00edficamente y para alcanzar los objetivos de la agenda propuesta. Quienquiera que realice acciones armadas act\u00faa expresamente contra la orientaci\u00f3n y posici\u00f3n del proceso y de la Minga, brind\u00e1ndole al r\u00e9gimen excusas para se\u00f1alarnos y atacarnos, lo que ayuda a los enemigos de la lucha popular contra el modelo de desarrollo del capital transnacional.<\/p>\n<p>A continuaci\u00f3n compartimos audios con informaci\u00f3n de eventos del d\u00eda de hoy en todo el pa\u00eds. Fotograf\u00edas del ataque brutal a La Mar\u00eda Piendam\u00f3. Enviamos adem\u00e1s la s\u00edntesis de nuestra propuesta pol\u00edtica y el ofrecimiento por parte de la CONIC de realizar una Misi\u00f3n de Verificaci\u00f3n y acompa\u00f1amiento. Adem\u00e1s incluimos unas de las much\u00edsimas expresiones de solidaridad que recibimos y necesitamos. <\/p>\n","protected":false},"excerpt":{"rendered":"<p>Asociaci\u00f3n de Cabildos Ind\u00edgenas del Norte del Cauca, octubre 16 de 2008 La Minga de los Pueblos crece. El Presidente Uribe ha mentido de una manera tan desmesurada y evidente que hasta los medios de comunicaci\u00f3n a su servicio, dedicados a hacerle eco, lo han puesto en evidencia. Ha dicho y repetido que los polic\u00edas [&hellip;]<\/p>\n","protected":false},"author":1,"featured_media":0,"comment_status":"open","ping_status":"open","sticky":false,"template":"","format":"standard","meta":{"advanced_seo_description":"","jetpack_seo_html_title":"","jetpack_seo_noindex":false,"_jetpack_memberships_contains_paid_content":false,"footnotes":""},"categories":[7],"tags":[],"class_list":["post-2551","post","type-post","status-publish","format-standard","hentry","category-pronunciamientos-de-organizaciones-sociales"],"jetpack_featured_media_url":"","jetpack-related-posts":[{"id":2568,"url":"https:\/\/moir.com.co\/web\/con-permiso-opinamos\/","url_meta":{"origin":2551,"position":0},"title":"Con permiso Opinamos","author":"admin","date":"octubre 29, 2008","format":false,"excerpt":"Tejido de Comunicaci\u00f3n ACIN, Cauca, octubre 29 de 2008 Con permiso opinamos que si La Minga y el Gobierno nos encontramos en La Mar\u00eda, ser\u00e1 dos d\u00edas antes de las elecciones de los EEUU, es decir, el momento para darle a conocer a los presentes y ausentes, que venga quien\u2026","rel":"","context":"En \u00abPronunciamientos de Organizaciones Sociales\u00bb","block_context":{"text":"Pronunciamientos de Organizaciones Sociales","link":"https:\/\/moir.com.co\/web\/category\/pronunciamientos-de-organizaciones-sociales\/"},"img":{"alt_text":"","src":"","width":0,"height":0},"classes":[]},{"id":17314,"url":"https:\/\/moir.com.co\/web\/la-represion-a-la-protesta-social\/","url_meta":{"origin":2551,"position":1},"title":"La represi\u00f3n a la protesta social","author":"admin","date":"abril 15, 2019","format":false,"excerpt":"Jos\u00e9 Arlex Arias, Cartagena, abril 15 de 2019 Por principios debemos rechazar la violencia en las protestas sociales, pero es una verdad hist\u00f3rica que estos eventos reivindicativos son infiltrados por agentes del Estado que realizan actos con el objetivo de justificar la represi\u00f3n y ejercer el \u201ccontrol disuasivo\" con la\u2026","rel":"","context":"En \u00abAgro\u00bb","block_context":{"text":"Agro","link":"https:\/\/moir.com.co\/web\/category\/temas\/agro\/"},"img":{"alt_text":"","src":"","width":0,"height":0},"classes":[]},{"id":2596,"url":"https:\/\/moir.com.co\/web\/en-respaldo-a-la-minga-indigena\/","url_meta":{"origin":2551,"position":2},"title":"EN RESPALDO A LA MINGA IND\u00cdGENA","author":"admin","date":"noviembre 20, 2008","format":false,"excerpt":"Declaraci\u00f3n, Senador Jorge Enrique Robledo, Bogot\u00e1, 20 de noviembre de 2008 Arriban a Bogot\u00e1 miles de ind\u00edgenas provenientes de todo el pa\u00eds. Despu\u00e9s de declararse en Minga ante la actitud desobligante del gobierno nacional, iniciaron una nutrida y entusiasta marcha desde el norte del Cauca, a la cual se han\u2026","rel":"","context":"En \u00abJorge Enrique Robledo\u00bb","block_context":{"text":"Jorge Enrique Robledo","link":"https:\/\/moir.com.co\/web\/category\/jorge-enrique-robledo\/"},"img":{"alt_text":"","src":"","width":0,"height":0},"classes":[]},{"id":1285,"url":"https:\/\/moir.com.co\/web\/condeno-la-violencia-oficial-contra-el-pueblo-embera-y-exijo-al-gobierno-nacional-deje-realizar-minga-indigena\/","url_meta":{"origin":2551,"position":3},"title":"CONDENO LA VIOLENCIA OFICIAL CONTRA EL PUEBLO EMBERA Y EXIJO AL GOBIERNO NACIONAL, DEJE  REALIZAR MINGA IND\u00cdGENA","author":"admin","date":"septiembre 30, 2005","format":false,"excerpt":"A partir de hoy 9 de Octubre y hasta el 12, deber\u00eda realizarse de manera pac\u00edfica la Minga del Pueblo Embera. Sin embargo, est\u00e1 no ha podido comenzar porque el gobierno nacional y particularmente el presidente Uribe V\u00e9lez, han impedido el desplazamiento de los ind\u00edgenas, que est\u00e1n apostados al lado\u2026","rel":"","context":"En \u00abEscritos del Moir\u00bb","block_context":{"text":"Escritos del Moir","link":"https:\/\/moir.com.co\/web\/category\/moir\/escritos-del-moir\/"},"img":{"alt_text":"","src":"","width":0,"height":0},"classes":[]},{"id":2626,"url":"https:\/\/moir.com.co\/web\/que-el-gobierno-cese-sus-ataques-contra-los-indigenas-de-colombia\/","url_meta":{"origin":2551,"position":4},"title":"QUE EL GOBIERNO CESE SUS ATAQUES CONTRA LOS IND\u00cdGENAS DE COLOMBIA","author":"admin","date":"diciembre 17, 2008","format":false,"excerpt":"RECALCA, Bogot\u00e1, diciembre 17 de 2008 La comunidad ind\u00edgena ha sido v\u00edctima una vez m\u00e1s de los ataques criminales del Estado colombiano. En la ma\u00f1ana del 16 de diciembre el Ej\u00e9rcito dispar\u00f3 contra el veh\u00edculo de la Consejera Mayor del CRIC, Aida Quilcu\u00e9, donde se movilizaba su compa\u00f1ero Edwin Legarda,\u2026","rel":"","context":"En \u00abTemas\u00bb","block_context":{"text":"Temas","link":"https:\/\/moir.com.co\/web\/category\/temas\/"},"img":{"alt_text":"","src":"","width":0,"height":0},"classes":[]},{"id":2563,"url":"https:\/\/moir.com.co\/web\/la-otra-colombia\/","url_meta":{"origin":2551,"position":5},"title":"La Otra Colombia","author":"admin","date":"octubre 24, 2008","format":false,"excerpt":"Ra\u00fal Zibechi, La Jornada, M\u00e9xico, octubre 24 de 2008 \u201cAlgo nuevo se est\u00e1 cocinando en el pa\u00eds\u201d, dice Alfredo Molano, periodista y soci\u00f3logo perseguido por el r\u00e9gimen uribista por decir lo que ve y vocear lo que sienten millones de colombianos para quienes los medios est\u00e1n cerrados. No lo dice\u2026","rel":"","context":"En \u00abRevista de Prensa\u00bb","block_context":{"text":"Revista de Prensa","link":"https:\/\/moir.com.co\/web\/category\/prensa\/revista-de-prensa\/"},"img":{"alt_text":"","src":"","width":0,"height":0},"classes":[]}],"jetpack_sharing_enabled":true,"_links":{"self":[{"href":"https:\/\/moir.com.co\/web\/wp-json\/wp\/v2\/posts\/2551","targetHints":{"allow":["GET"]}}],"collection":[{"href":"https:\/\/moir.com.co\/web\/wp-json\/wp\/v2\/posts"}],"about":[{"href":"https:\/\/moir.com.co\/web\/wp-json\/wp\/v2\/types\/post"}],"author":[{"embeddable":true,"href":"https:\/\/moir.com.co\/web\/wp-json\/wp\/v2\/users\/1"}],"replies":[{"embeddable":true,"href":"https:\/\/moir.com.co\/web\/wp-json\/wp\/v2\/comments?post=2551"}],"version-history":[{"count":0,"href":"https:\/\/moir.com.co\/web\/wp-json\/wp\/v2\/posts\/2551\/revisions"}],"wp:attachment":[{"href":"https:\/\/moir.com.co\/web\/wp-json\/wp\/v2\/media?parent=2551"}],"wp:term":[{"taxonomy":"category","embeddable":true,"href":"https:\/\/moir.com.co\/web\/wp-json\/wp\/v2\/categories?post=2551"},{"taxonomy":"post_tag","embeddable":true,"href":"https:\/\/moir.com.co\/web\/wp-json\/wp\/v2\/tags?post=2551"}],"curies":[{"name":"wp","href":"https:\/\/api.w.org\/{rel}","templated":true}]}}