{"id":2541,"date":"2008-10-11T11:40:42","date_gmt":"2008-10-11T11:40:42","guid":{"rendered":"https:\/\/moir.org.co\/web\/movimiento-sindical-respondera-con-paro-nacional-a-la-declaratoria-de-conmocion-interior\/"},"modified":"2008-10-11T11:40:42","modified_gmt":"2008-10-11T11:40:42","slug":"movimiento-sindical-respondera-con-paro-nacional-a-la-declaratoria-de-conmocion-interior","status":"publish","type":"post","link":"https:\/\/moir.com.co\/web\/movimiento-sindical-respondera-con-paro-nacional-a-la-declaratoria-de-conmocion-interior\/","title":{"rendered":"MOVIMIENTO SINDICAL RESPONDER\u00c1 CON PARO NACIONAL A LA DECLARATORIA DE CONMOCION INTERIOR"},"content":{"rendered":"<p><b>Central Unitaria de Trabajadores, CUT, Bogot\u00e1, octubre 9 de 2008<\/b><\/p>\n<p>Los trabajadores del Poder Judicial han completado 37 d\u00edas de paro, en defensa de la separaci\u00f3n de poderes, la independencia de la rama judicial  y el ajuste salarial. De igual forma  los trabajadores de la ca\u00f1a de az\u00facar vinculados a los ingenios azucareros  llevan 31 d\u00edas de paro en defensa del TRABAJO DIGNO  y por la vinculaci\u00f3n directa. <\/p>\n<p>La pol\u00edtica del gobierno nacional ha agudizado la dif\u00edcil situaci\u00f3n de otros sectores y se encuentran pr\u00f3ximos a estallar conflictos laborales en los sectores de salud, educaci\u00f3n, organismos de control fiscal y estatales. <\/p>\n<p>Frente a la firmeza de estas dos huelgas y el desarrollo de los otros conflictos sindicales pr\u00f3ximos a desarrollarse el gobierno nacional ha anunciado la declaratoria de la Conmoci\u00f3n Interior, figura conocida en la anterior Constituci\u00f3n Pol\u00edtica como &#8220;Estado de Sitio&#8221;. <\/p>\n<p>Pretende el gobierno nacional dar un tratamiento de guerra a estas dos huelgas y a los dem\u00e1s conflictos sindicales desarrollados en el marco legal y de los principios generales de la OIT; bajo esta figura se podr\u00e1 detener sin justa causa, a los dirigentes  sindicales y sociales.<\/p>\n<p>POR LO ANTERIOR SE DECIDE: <\/p>\n<p>1.  Unificar  todos los conflictos que por diferentes motivos padece el movimiento sindical colombiano y  coordinar para una misma fecha todas las acciones sociales de car\u00e1cter civil y democr\u00e1tico, entre ellos el PARO NACIONAL. <\/p>\n<p>2.  Convocar  a los partidos pol\u00edticos, al movimiento sindical, a intelectuales, artistas, gremios, estudiantes, pensionados  y a todos los dem\u00f3cratas a  movilizarse en defensa del ESTADO SOCIAL DE DERECHO. <\/p>\n<p>3.  Llamar  a la comunidad internacional a que en la embajadas  de Colombia en el mundo,  exijan el cese de asesinatos a los dirigentes sindicales y sociales y  respeto a la democracia, y el derecho fundamental a la vida.  <\/p>\n<p>4.  Rechazar el estado Conmoci\u00f3n Interior  declarado por el presidente de la Rep\u00fablica porque es una medida de car\u00e1cter fascista de respuesta a las querellas del movimiento sindical. <\/p>\n<p>5.  Rodear al movimiento sindical y social colombiano de la solidaridad del movimiento sindical internacional. <\/p>\n<p>TARSICIO MORA GODOY<\/p>\n<p>Presidente<\/p>\n","protected":false},"excerpt":{"rendered":"<p>Central Unitaria de Trabajadores, CUT, Bogot\u00e1, octubre 9 de 2008 Los trabajadores del Poder Judicial han completado 37 d\u00edas de paro, en defensa de la separaci\u00f3n de poderes, la independencia de la rama judicial y el ajuste salarial. De igual forma los trabajadores de la ca\u00f1a de az\u00facar vinculados a los ingenios azucareros llevan 31 [&hellip;]<\/p>\n","protected":false},"author":1,"featured_media":0,"comment_status":"open","ping_status":"open","sticky":false,"template":"","format":"standard","meta":{"advanced_seo_description":"","jetpack_seo_html_title":"","jetpack_seo_noindex":false,"_jetpack_memberships_contains_paid_content":false,"footnotes":""},"categories":[7],"tags":[],"class_list":["post-2541","post","type-post","status-publish","format-standard","hentry","category-pronunciamientos-de-organizaciones-sociales"],"jetpack_featured_media_url":"","jetpack-related-posts":[{"id":12591,"url":"https:\/\/moir.com.co\/web\/crece-y-se-fortalece-la-lucha-social\/","url_meta":{"origin":2541,"position":0},"title":"\u201cCrece y se fortalece la lucha social\u201d","author":"admin","date":"junio 2, 2017","format":false,"excerpt":"Comando Nacional Unitario y Coordinadora de Organizaciones Sociales, Bogot\u00e1, junio 2 de 2017 En la sede de la USO BOGOTA, el 1 de junio del presente a\u00f1o nos reunimos 100 dirigentes en representaci\u00f3n de organizaciones sociales, sindicales y pol\u00edticas; despu\u00e9s de o\u00edr los informes sobre los procesos de negociaci\u00f3n de\u2026","rel":"","context":"En \u00abEconom\u00eda\u00bb","block_context":{"text":"Econom\u00eda","link":"https:\/\/moir.com.co\/web\/category\/temas\/economia\/"},"img":{"alt_text":"","src":"https:\/\/i0.wp.com\/moir.com.co\/web\/wp-content\/uploads\/2017\/06\/maestrosparo2017.jpg?fit=1200%2C675&ssl=1&resize=350%2C200","width":350,"height":200,"srcset":"https:\/\/i0.wp.com\/moir.com.co\/web\/wp-content\/uploads\/2017\/06\/maestrosparo2017.jpg?fit=1200%2C675&ssl=1&resize=350%2C200 1x, https:\/\/i0.wp.com\/moir.com.co\/web\/wp-content\/uploads\/2017\/06\/maestrosparo2017.jpg?fit=1200%2C675&ssl=1&resize=525%2C300 1.5x, https:\/\/i0.wp.com\/moir.com.co\/web\/wp-content\/uploads\/2017\/06\/maestrosparo2017.jpg?fit=1200%2C675&ssl=1&resize=700%2C400 2x, https:\/\/i0.wp.com\/moir.com.co\/web\/wp-content\/uploads\/2017\/06\/maestrosparo2017.jpg?fit=1200%2C675&ssl=1&resize=1050%2C600 3x"},"classes":[]},{"id":21044,"url":"https:\/\/moir.com.co\/web\/declaracion-del-comando-nacional\/","url_meta":{"origin":2541,"position":1},"title":"DECLARACI\u00d3N DEL COMANDO NACIONAL","author":"admin","date":"mayo 2, 2005","format":false,"excerpt":"(El respaldo al paro que diferentes sectores pol\u00edticos han anunciado, lo saludamos en la medida en que se refiera a los objetivos planteados por los trabajadores) Ante las referencias de distintos sectores de la sociedad colombiana hacia el paro nacional estatal que se realizar\u00e1 a partir del 11 de febrero,\u2026","rel":"","context":"En \u00abTribuna Roja N\u00b0 69, Bogot\u00e1; febrero 6 de 1997\u00bb","block_context":{"text":"Tribuna Roja N\u00b0 69, Bogot\u00e1; febrero 6 de 1997","link":"https:\/\/moir.com.co\/web\/category\/tribuna-roja\/ediciones-1995-1999\/tribuna-roja-n-69-bogota-febrero-6-de-1997\/"},"img":{"alt_text":"","src":"","width":0,"height":0},"classes":[]},{"id":20304,"url":"https:\/\/moir.com.co\/web\/continua-conflicto-en-cementos\/","url_meta":{"origin":2541,"position":2},"title":"CONTINUA CONFLICTO EN CEMENTOS","author":"admin","date":"octubre 15, 2004","format":false,"excerpt":"En solidaridad son los sindicatos en conflicto y en se\u00f1al de protesta por el despido de 51 activistas en Cementos Caldas y 10 en Argos, la Federaci\u00f3n de Trabajadores del Cemento y la Construcci\u00f3n (Fenaltraconcem) decret\u00f3 un paro nacional de 24 horas para los pr\u00f3ximos d\u00edas. Los dirigentes sindicales exigieron\u2026","rel":"","context":"En \u00abTribuna Roja N\u00ba 30, Bogot\u00e1 segunda quincena de noviembre de 1977\u00bb","block_context":{"text":"Tribuna Roja N\u00ba 30, Bogot\u00e1 segunda quincena de noviembre de 1977","link":"https:\/\/moir.com.co\/web\/category\/tribuna-roja\/ediciones-1975-1979\/tribuna-roja-no-30-bogota-segunda-quincena-de-noviembre-de-1977\/"},"img":{"alt_text":"","src":"","width":0,"height":0},"classes":[]},{"id":643,"url":"https:\/\/moir.com.co\/web\/18-de-mayo-paro-nacional-y-toma-de-cartagena\/","url_meta":{"origin":2541,"position":3},"title":"\u00a118 DE MAYO: PARO NACIONAL Y TOMA DE CARTAGENA!","author":"admin","date":"agosto 11, 2004","format":false,"excerpt":"El Encuentro Nacional de Organizaciones Sindicales, Pol\u00edticas y Sociales realizado los d\u00edas 29 y 30 de abril en Bogot\u00e1 con delegados de m\u00e1s de 800 organizaciones de todo el pa\u00eds, determin\u00f3 respaldar el paro nacional aprobado por las centrales obreras para el d\u00eda 18 de mayo con dos objetivos centrales:\u2026","rel":"","context":"En \u00abPronunciamientos de Organizaciones Sociales\u00bb","block_context":{"text":"Pronunciamientos de Organizaciones Sociales","link":"https:\/\/moir.com.co\/web\/category\/pronunciamientos-de-organizaciones-sociales\/"},"img":{"alt_text":"","src":"","width":0,"height":0},"classes":[]},{"id":19982,"url":"https:\/\/moir.com.co\/web\/1976-comienza-con-agudos-conflictos-de-clase\/","url_meta":{"origin":2541,"position":4},"title":"1976 COMIENZA CON AGUDOS CONFLICTOS DE CLASE","author":"admin","date":"agosto 29, 2004","format":false,"excerpt":"16.000 trabajadores levantan en la actualidad las banderas de la huelga y miles m\u00e1s la anuncian para los pr\u00f3ximos d\u00edas, en lo que constituye un inicial y positivo balance de las luchas obreras en 1976. Mientras Vanytex, Calzado Andino, Ladrilleras Flam de Girardot y centenares de mineros del carb\u00f3n en\u2026","rel":"","context":"En \u00abTribuna Roja N\u00ba 19, segunda quincena de febrero de 1976\u00bb","block_context":{"text":"Tribuna Roja N\u00ba 19, segunda quincena de febrero de 1976","link":"https:\/\/moir.com.co\/web\/category\/tribuna-roja\/ediciones-1975-1979\/tribuna-roja-no-19-segunda-quincena-de-febrero-de-1976\/"},"img":{"alt_text":"","src":"","width":0,"height":0},"classes":[]},{"id":12367,"url":"https:\/\/moir.com.co\/web\/apoyamos-y-promovemos-los-paros-del-magisterio-y-los-trabajadores-estatales\/","url_meta":{"origin":2541,"position":5},"title":"Apoyamos y promovemos los paros del Magisterio y los Trabajadores Estatales","author":"admin","date":"mayo 11, 2017","format":false,"excerpt":"Bogot\u00e1, mayo 10 de 2017 Con la participaci\u00f3n de las tres centrales obreras, Central Unitaria de Trabajadores \u2013CUT-, Confederaci\u00f3n General del Trabajo- CGT-, Confederaci\u00f3n de Trabajadores de Colombia \u2013CTC-, y la Federaci\u00f3n Colombiana de Trabajadores de la Educaci\u00f3n -FECODE, se desarroll\u00f3 una amplia reuni\u00f3n en el d\u00eda de hoy, para\u2026","rel":"","context":"En \u00abEconom\u00eda\u00bb","block_context":{"text":"Econom\u00eda","link":"https:\/\/moir.com.co\/web\/category\/temas\/economia\/"},"img":{"alt_text":"","src":"https:\/\/i0.wp.com\/moir.com.co\/web\/wp-content\/uploads\/2017\/04\/cut.jpg?fit=341%2C200&ssl=1&resize=350%2C200","width":350,"height":200},"classes":[]}],"jetpack_sharing_enabled":true,"_links":{"self":[{"href":"https:\/\/moir.com.co\/web\/wp-json\/wp\/v2\/posts\/2541","targetHints":{"allow":["GET"]}}],"collection":[{"href":"https:\/\/moir.com.co\/web\/wp-json\/wp\/v2\/posts"}],"about":[{"href":"https:\/\/moir.com.co\/web\/wp-json\/wp\/v2\/types\/post"}],"author":[{"embeddable":true,"href":"https:\/\/moir.com.co\/web\/wp-json\/wp\/v2\/users\/1"}],"replies":[{"embeddable":true,"href":"https:\/\/moir.com.co\/web\/wp-json\/wp\/v2\/comments?post=2541"}],"version-history":[{"count":0,"href":"https:\/\/moir.com.co\/web\/wp-json\/wp\/v2\/posts\/2541\/revisions"}],"wp:attachment":[{"href":"https:\/\/moir.com.co\/web\/wp-json\/wp\/v2\/media?parent=2541"}],"wp:term":[{"taxonomy":"category","embeddable":true,"href":"https:\/\/moir.com.co\/web\/wp-json\/wp\/v2\/categories?post=2541"},{"taxonomy":"post_tag","embeddable":true,"href":"https:\/\/moir.com.co\/web\/wp-json\/wp\/v2\/tags?post=2541"}],"curies":[{"name":"wp","href":"https:\/\/api.w.org\/{rel}","templated":true}]}}