{"id":2531,"date":"2008-09-29T20:52:26","date_gmt":"2008-09-29T20:52:26","guid":{"rendered":"https:\/\/moir.org.co\/web\/rechazo-al-acuerdo-presentado-por-el-alcalde-municipal-de-marmato-para-trasladar-el-pueblo\/"},"modified":"2008-09-29T20:52:26","modified_gmt":"2008-09-29T20:52:26","slug":"rechazo-al-acuerdo-presentado-por-el-alcalde-municipal-de-marmato-para-trasladar-el-pueblo","status":"publish","type":"post","link":"https:\/\/moir.com.co\/web\/rechazo-al-acuerdo-presentado-por-el-alcalde-municipal-de-marmato-para-trasladar-el-pueblo\/","title":{"rendered":"Rechazo al Acuerdo presentado por el Alcalde Municipal de Marmato para trasladar el pueblo"},"content":{"rendered":"<p><b>Consejo Regional Ind\u00edgena de Caldas CRIDEC, R\u00edosucio, septiembre 25 de 2008<\/b><\/p>\n<p>El Consejo Regional Ind\u00edgena de Caldas (CRIDEC) manifiesta ante el pueblo caldense y ante la opini\u00f3n p\u00fablica nacional e internacional su absoluto rechazo a la presentaci\u00f3n por el se\u00f1or URIEL ORTIZ CASTRO, alcalde de Marmato (Caldas) al H. Concejo Municipal de esa ciudad del Proyecto de Acuerdo N\u00ba 010 del 9 de agosto de 2008, \u201cpor medio del cual se autoriza al Alcalde para organizar el territorio, ejecutar otras actuaciones respecto a terrenos destinados al proyecto de reubicaci\u00f3n de viviendas, comercio e instituciones en el sector \u2018El Llano\u2019\u201d, poniendo a Marmato al borde de su desaparici\u00f3n  f\u00edsica.<\/p>\n<p>Destacamos de manera especial la gravedad que implica la presentaci\u00f3n del Acuerdo N\u00ba 010, ya que indica que la primera autoridad del municipio ha dado el brazo a torcer en la resistencia que la poblaci\u00f3n, incluidas sus autoridades, hab\u00edan sostenido por varios a\u00f1os al traslado de este antiguo pueblo minero multi\u00e9tnico y patrimonio hist\u00f3rico y cultural de los colombianos, frente a las presiones del macroproyecto de explotaci\u00f3n minera a cielo abierto que pretende hacer la compa\u00f1\u00eda canadiense Colombia Goldfields, por medio de su subsidiaria Compa\u00f1\u00eda Minera de Caldas S.A.<\/p>\n<p>Recordamos a la opini\u00f3n p\u00fablica que desde 1998 la compa\u00f1\u00eda multinacional ha detectado debajo del casco urbano de Marmato la existencia de un yacimiento de cinco (5) millones de onzas de oro, para cuya explotaci\u00f3n el m\u00e9todo m\u00e1s barato es a cielo abierto, lo cual implica la destrucci\u00f3n del pueblo de Marmato y su traslado a otro lugar.<\/p>\n<p>Este macroproyecto fue planteado por la compa\u00f1\u00eda con este alcance en reuniones sostenidas en Medell\u00edn por Ian Park, presidente de la Compa\u00f1\u00eda Minera de Caldas, con Juli\u00e1n Villaruel, director general de Ingeominas, y Fabio Valencia Cossio, alto consejero de la Presidencia de la Rep\u00fablica, y hoy Ministro del Interior y de Justicia (Art\u00edculo \u201cEl Cerrej\u00f3n del Oro\u201d, El Colombiano, 12 de diciembre de 2005).<\/p>\n<p>En ese entonces, &#8220;el director general de Ingeominas, Juli\u00e1n Villaruel, le manifest\u00f3 a este diario que &#8216;Marmato es una regi\u00f3n que hace m\u00e1s de 100 a\u00f1os ha venido siendo explotada de una manera artesanal. Hoy existen grandes firmas internacionales que quieren volverla una gran explotaci\u00f3n a cielo abierto, pero para ello habr\u00eda que trasladar el pueblo. Esto demandar\u00eda inversiones del orden de 8 a 10 millones de d\u00f3lares'&#8221;.<\/p>\n<p>De acuerdo con el C\u00f3digo de Minas, si la explotaci\u00f3n minera implica el traslado de poblaciones, el costo del traslado y las indemnizaciones respectivas corren por cuenta de la compa\u00f1\u00eda interesada.<\/p>\n<p>Sin embargo, para evitarle este costo a la inversi\u00f3n extranjera, los Gobiernos nacional y departamental han acudido a un p\u00e9rfido argumento distinto del macroproyecto minero para justificar el traslado del pueblo.<\/p>\n<p>Esta injusticia, que implica desintegrar \u00e9tnica, social, cultural y econ\u00f3micamente una comunidad donde el 56.5% de los habitantes son afrodescendientes y el 16.7 ind\u00edgenas, los cuales nunca han sido consultados en los t\u00e9rminos del Convenio 169 de la OIT y de la Ley 99 de 1993,  est\u00e1 siendo justificada oficialmente con el argumento de que el pueblo de Marmato est\u00e1 ubicado en Zona de Alto Riesgo.<\/p>\n<p>A mediados de 2007, en reuni\u00f3n llevada a cabo en el templo parroquial, el ingeniero Pablo Medina, asesor para el tema de Marmato en la administraci\u00f3n departamental anterior, hizo alarmantes llamados a los habitantes a desocupar de inmediato el pueblo, comparando la situaci\u00f3n de Marmato con la avalancha del Nevado del Ru\u00edz que sepult\u00f3 al municipio de Armero en 1985.<\/p>\n<p>Pero los portavoces del riesgo han tropezado con los reiterados conceptos t\u00e9cnicos de la Corporaci\u00f3n Aut\u00f3noma de Caldas (CORPOCALDAS), los cuales definen que la monta\u00f1a es de conformaci\u00f3n geol\u00f3gica firme, lo cual excluye el riesgo estructural, pese a los m\u00faltiples socavones excavados en 500 a\u00f1os de explotaci\u00f3n minera artesanal.<\/p>\n<p>Al mismo tiempo, los estudios y observaciones t\u00e9cnicas dejan en claro que realmente existe un riesgo alto en la parte alta de la poblaci\u00f3n, el centro hist\u00f3rico, de car\u00e1cter antr\u00f3pico (es decir, de origen humano e institucional), producido por el mal manejo que hacen los mineros de los materiales est\u00e9riles (desechos), que  con cualquier aguacero son arrastrados por las vertientes, y, lo que es m\u00e1s grave, por la omisi\u00f3n del Estado en construir las obras de mitigaci\u00f3n respectivas y en ejercer control sobre la miner\u00eda en la zona, abandonada a su suerte desde el retiro de Mineralco hace una d\u00e9cada.<\/p>\n<p>Los estudios demuestran, igualmente, que la parte urbana de Marmato ubicada alrededor de la iglesia, y donde se localizan las instituciones, el comercio y la vivienda, no est\u00e1n en alto riesgo.<\/p>\n<p>De otra parte, como lo reconoce el alcalde en la Exposici\u00f3n de Motivos del proyecto de Acuerdo, Marmato est\u00e1 pendiente de que el Ministerio del Medio Ambiente realice las modificaciones al Esquema de Ordenamiento Territorial Municipal (EOTM), lo cual implica que el Concejo Municipal no tiene en este momento competencia jur\u00eddica para \u201cordenar el territorio\u201d, por lo que el proyecto de Acuerdo es manifiestamente ilegal.<\/p>\n<p>Es evidente que si el alcalde, en su prisa por trasladar el pueblo, no da espera siquiera a que las instituciones colombianas definan el EOTM, su conducta obedece a hacerle el favor a la compa\u00f1\u00eda multinacional de desocuparle la monta\u00f1a lo m\u00e1s pronto posible.<\/p>\n<p>Se dice en la Exposici\u00f3n del Motivos del Proyecto 010 que por la espera Marmato est\u00e1 perdiendo unos recursos, \u201clujo que ning\u00fan municipio del pa\u00eds puede darse\u201d, pero de lo que no puede darse el lujo un alcalde, sobre todo popularmente elegido, es dejar desaparecer su municipio sin agotar todos los recursos al alcance para su salvaci\u00f3n, y sin garantizar \u2013en \u00faltimo t\u00e9rmino- condiciones dignas para la reubicaci\u00f3n.<\/p>\n<p>Como puede observarse del contenido del proyecto de Acuerdo presentado al Concejo, las medidas propuestas no obedecen a ninguna planificaci\u00f3n ni los meros recursos del Municipio bastar\u00edan para costearlo, por lo que su eventual aplicaci\u00f3n s\u00f3lo agudizar\u00e1 el hacinamiento y la tugurizaci\u00f3n de la vereda El Llano, en que se ha convertido el improvisado plan de contingencia conque los Gobiernos Nacional y Departamental ha afrontado el desplazamiento forzado de la poblaci\u00f3n de Marmato.<\/p>\n<p>Finalmente, el Consejo Regional Ind\u00edgena de Caldas no entiende la pol\u00edtica minera del Gobierno del dr. \u00c1lvaro Uribe V\u00e9lez, que en casos como este insiste en ejecutar un proyecto de alt\u00edsimo costo social a cambio de un beneficio de apenas 1% de regal\u00edas para la Naci\u00f3n (8 d\u00f3lares y 38 centavos por cada onza extra\u00edda, sobre un valor actual de 838 d\u00f3lares la onza de oro).<\/p>\n<p>COMIT\u00c9 EJECUTIVO<\/p>\n<p>CC:     -Cabildo Ind\u00edgena Cartama de Marmato<br \/>\n-Alcald\u00eda Municipal de Marmato<br \/>\n-Comit\u00e9 C\u00edvico Pro-Defensa de Marmato<br \/>\n-Gobernaci\u00f3n del Departamento de Caldas<br \/>\n-Congreso de la Rep\u00fablica<br \/>\n-Ministerio de Minas<br \/>\n-Ministerio de Cultura<br \/>\n-Ministerio del Ambiente y Vivienda<br \/>\n-Direcci\u00f3n de Etnias del Ministerio del Interior y Justicia<br \/>\n-Organizaci\u00f3n Nacional Ind\u00edgena de Colombia (ONIC)<br \/>\n-Oficina del Alto Comisionado de las Naciones Unidas para los Derechos Humanos en Colombia<br \/>\n-Tribunal Internacional de los Pueblos<br \/>\n-Organizaci\u00f3n Internacional del Trabajo (OIT)<br \/>\n-Medios de comunicaci\u00f3n <\/p>\n<p>CONSEJO REGIONAL IND\u00cdGENA DE CALDAS CRIDEC<\/p>\n<p>UNIDAD \u2013 TERRITORIO \u2013 CULTURA \u2013 AUTONOM\u00cdA<\/p>\n<p>Cra. 8\u00aa N\u00ba 8-10. Tel: (6) 859 21 66. Riosucio, Caldas.<\/p>\n<p>cridecmarmato@yahoo.es<\/p>\n","protected":false},"excerpt":{"rendered":"<p>Consejo Regional Ind\u00edgena de Caldas CRIDEC, R\u00edosucio, septiembre 25 de 2008 El Consejo Regional Ind\u00edgena de Caldas (CRIDEC) manifiesta ante el pueblo caldense y ante la opini\u00f3n p\u00fablica nacional e internacional su absoluto rechazo a la presentaci\u00f3n por el se\u00f1or URIEL ORTIZ CASTRO, alcalde de Marmato (Caldas) al H. Concejo Municipal de esa ciudad del [&hellip;]<\/p>\n","protected":false},"author":1,"featured_media":0,"comment_status":"open","ping_status":"open","sticky":false,"template":"","format":"standard","meta":{"advanced_seo_description":"","jetpack_seo_html_title":"","jetpack_seo_noindex":false,"_jetpack_memberships_contains_paid_content":false,"footnotes":""},"categories":[7],"tags":[],"class_list":["post-2531","post","type-post","status-publish","format-standard","hentry","category-pronunciamientos-de-organizaciones-sociales"],"jetpack_featured_media_url":"","jetpack-related-posts":[{"id":9998,"url":"https:\/\/moir.com.co\/web\/robledo-le-solicita-al-ministro-cristo-que-la-policia-no-desaloje-a-mineros-de-marmato-caldas\/","url_meta":{"origin":2531,"position":0},"title":"Robledo le solicita al ministro Cristo que la polic\u00eda no desaloje a mineros de Marmato, Caldas","author":"admin","date":"marzo 7, 2016","format":false,"excerpt":"En vista de que centenares de efectivos de la polic\u00eda se aprestan a desalojar a dos empresas mineras que durante m\u00e1s de una d\u00e9cada explotan en forma continua y pac\u00edfica sendas minas en Marmato, Caldas, el senador Jorge Enrique Robledo le solicit\u00f3 al ministro Juan Fernando Cristo \u201cemplear sus buenos\u2026","rel":"","context":"En \u00abJorge Enrique Robledo\u00bb","block_context":{"text":"Jorge Enrique Robledo","link":"https:\/\/moir.com.co\/web\/category\/jorge-enrique-robledo\/"},"img":{"alt_text":"","src":"","width":0,"height":0},"classes":[]},{"id":1301,"url":"https:\/\/moir.com.co\/web\/acuerdo-entre-el-movimiento-de-unidad-indigena-popular-por-caldas-y-el-movimiento-obrero-independiente-y-revolucionario-moir\/","url_meta":{"origin":2531,"position":1},"title":"ACUERDO ENTRE EL MOVIMIENTO DE UNIDAD IND\u00cdGENA POPULAR POR CALDAS Y EL MOVIMIENTO OBRERO INDEPENDIENTE Y REVOLUCIONARIO, MOIR","author":"admin","date":"octubre 29, 2005","format":false,"excerpt":"Despu\u00e9s de varios meses de conversaciones y acercamientos entre el Movimiento de Unidad Ind\u00edgena y Popular por Caldas y el Movimiento Obrero Independiente y Revolucionario MOIR, Regional de Caldas, nos complace anunciar a caldenses y colombianos, que el proceso de unidad en el cual venimos empe\u00f1ados desde hace dos a\u00f1os,\u2026","rel":"","context":"En \u00abEscritos del Moir\u00bb","block_context":{"text":"Escritos del Moir","link":"https:\/\/moir.com.co\/web\/category\/moir\/escritos-del-moir\/"},"img":{"alt_text":"","src":"","width":0,"height":0},"classes":[]},{"id":5576,"url":"https:\/\/moir.com.co\/web\/primera-movilizacion-nacional-por-la-defensa-de-marmato\/","url_meta":{"origin":2531,"position":2},"title":"Primera Movilizaci\u00f3n Nacional por la Defensa de Marmato","author":"admin","date":"mayo 1, 2011","format":false,"excerpt":"Marmato, el pesebre de oro de Colombia, es un municipio ubicado en las monta\u00f1as del noroccidente caldense, en un sector estrat\u00e9gico gracias a su diversidad y a los enormes yacimientos de oro que se ubican bajo los pies de sus pobladores. Su tradici\u00f3n minera centenaria ha generado fuentes de empleo\u2026","rel":"","context":"En \u00abPronunciamientos de Organizaciones Sociales\u00bb","block_context":{"text":"Pronunciamientos de Organizaciones Sociales","link":"https:\/\/moir.com.co\/web\/category\/pronunciamientos-de-organizaciones-sociales\/"},"img":{"alt_text":"","src":"","width":0,"height":0},"classes":[]},{"id":11814,"url":"https:\/\/moir.com.co\/web\/rechazamos-el-matoneo-de-la-gran-colombia-gold-y-la-complicidad-del-gobierno-nacional-y-departamental\/","url_meta":{"origin":2531,"position":3},"title":"Rechazamos el matoneo de la Gran Colombia Gold y la complicidad del Gobierno Nacional y Departamental","author":"admin","date":"marzo 1, 2017","format":false,"excerpt":"Asociaci\u00f3n de Mineros Tradicionales de Marmato, Asomitrama, Marmato, marzo 1 de 2017 La Asociaci\u00f3n de Mineros Tradicionales de Marmato rechaza en\u00e9rgicamente la decisi\u00f3n de la multinacional Gran Colombia Gold de demandar al Estado colombiano por 700 millones de d\u00f3lares debido a que no se ha materializado su solicitud de desalojo\u2026","rel":"","context":"En \u00abEconom\u00eda\u00bb","block_context":{"text":"Econom\u00eda","link":"https:\/\/moir.com.co\/web\/category\/temas\/economia\/"},"img":{"alt_text":"","src":"","width":0,"height":0},"classes":[]},{"id":5154,"url":"https:\/\/moir.com.co\/web\/sin-permisos-ni-licencias-se-presiona-el-reasentamiento-de-marmato\/","url_meta":{"origin":2531,"position":4},"title":"Sin permisos ni licencias se presiona el reasentamiento de Marmato","author":"admin","date":"diciembre 25, 2010","format":false,"excerpt":"Doctor RICARDO \u00c1VILA Director Portafolio Cordial saludo: Resultan muy preocupantes las declaraciones del Doctor Juan Manuel Pel\u00e1ez, presidente de Medoro Resources en entrevista concedida a Portafolio (Dic.20.10), donde asegura que \u201cMedoro quiere acelerar el reasentamiento y demostrarle a la gente que este proyecto s\u00ed va a ser real\u201d. El Presidente\u2026","rel":"","context":"En \u00abPronunciamientos de Organizaciones Sociales\u00bb","block_context":{"text":"Pronunciamientos de Organizaciones Sociales","link":"https:\/\/moir.com.co\/web\/category\/pronunciamientos-de-organizaciones-sociales\/"},"img":{"alt_text":"","src":"","width":0,"height":0},"classes":[]},{"id":5156,"url":"https:\/\/moir.com.co\/web\/medoro-por-la-tierra-y-por-el-oro\/","url_meta":{"origin":2531,"position":5},"title":"Medoro, por la tierra y por el oro.","author":"admin","date":"diciembre 25, 2010","format":false,"excerpt":"La compa\u00f1\u00eda canadiense Medoro Resources realiz\u00f3 la presentaci\u00f3n oficial del proyecto de miner\u00eda a cielo abierto que planea realizar en Marmato, en un \u00e1rea de 200 hect\u00e1reas sobre el casco urbano de esta poblaci\u00f3n. El fastuoso evento se llev\u00f3 a cabo en Manizales, a 142 kil\u00f3metros de distancia del municipio\u2026","rel":"","context":"En \u00abTemas\u00bb","block_context":{"text":"Temas","link":"https:\/\/moir.com.co\/web\/category\/temas\/"},"img":{"alt_text":"","src":"","width":0,"height":0},"classes":[]}],"jetpack_sharing_enabled":true,"_links":{"self":[{"href":"https:\/\/moir.com.co\/web\/wp-json\/wp\/v2\/posts\/2531","targetHints":{"allow":["GET"]}}],"collection":[{"href":"https:\/\/moir.com.co\/web\/wp-json\/wp\/v2\/posts"}],"about":[{"href":"https:\/\/moir.com.co\/web\/wp-json\/wp\/v2\/types\/post"}],"author":[{"embeddable":true,"href":"https:\/\/moir.com.co\/web\/wp-json\/wp\/v2\/users\/1"}],"replies":[{"embeddable":true,"href":"https:\/\/moir.com.co\/web\/wp-json\/wp\/v2\/comments?post=2531"}],"version-history":[{"count":0,"href":"https:\/\/moir.com.co\/web\/wp-json\/wp\/v2\/posts\/2531\/revisions"}],"wp:attachment":[{"href":"https:\/\/moir.com.co\/web\/wp-json\/wp\/v2\/media?parent=2531"}],"wp:term":[{"taxonomy":"category","embeddable":true,"href":"https:\/\/moir.com.co\/web\/wp-json\/wp\/v2\/categories?post=2531"},{"taxonomy":"post_tag","embeddable":true,"href":"https:\/\/moir.com.co\/web\/wp-json\/wp\/v2\/tags?post=2531"}],"curies":[{"name":"wp","href":"https:\/\/api.w.org\/{rel}","templated":true}]}}