{"id":2528,"date":"2008-09-28T18:22:54","date_gmt":"2008-09-28T18:22:54","guid":{"rendered":"https:\/\/moir.org.co\/web\/declaracion-de-bogota-foro-andino-frente-a-la-gran-mineria-alternativas-de-las-comunidades-pueblos-indigenas-y-trabajadores\/"},"modified":"2008-09-28T18:22:54","modified_gmt":"2008-09-28T18:22:54","slug":"declaracion-de-bogota-foro-andino-frente-a-la-gran-mineria-alternativas-de-las-comunidades-pueblos-indigenas-y-trabajadores","status":"publish","type":"post","link":"https:\/\/moir.com.co\/web\/declaracion-de-bogota-foro-andino-frente-a-la-gran-mineria-alternativas-de-las-comunidades-pueblos-indigenas-y-trabajadores\/","title":{"rendered":"DECLARACI\u00d3N DE BOGOT\u00c1: FORO ANDINO FRENTE A LA GRAN MINER\u00cdA: ALTERNATIVAS DE LAS COMUNIDADES, PUEBLOS IND\u00cdGENAS Y TRABAJADORES"},"content":{"rendered":"<p><b>Bogota, 27 de septiembre de 2008<\/b><\/p>\n<p>Los Pueblos y Comunidades ind\u00edgenas de la regi\u00f3n andina amaz\u00f3nica, los trabajadores de la miner\u00eda, peque\u00f1os y medianos mineros colombianos, y los movimientos sociales, as\u00ed como hermanos de organizaciones de Guatemala y Estados Unidos, que viv\u00edamos ancestralmente con monta\u00f1as y aguas transparentes con pueblos basados en el buen vivir, complementariedad, reciprocidad, y hoy somos afectados por la miner\u00eda, reunidos en el Foro Andino frente a la Gran Miner\u00eda, despu\u00e9s de debatir ampliamente declaramos:<\/p>\n<p>Considerando que:<\/p>\n<p>1. Los pueblos y comunidades de la regi\u00f3n andina sufrimos las consecuencias de la gran explotaci\u00f3n minera llevada a cabo por las multinacionales, la cual ha producido inmensos da\u00f1os al medio ambiente, amenaza agotar y envenenar las fuentes de agua, destruir los suelos, contaminar el aire, degradar la biodiversidad y desplazar comunidades, y \u2013adem\u00e1s\u2013 impide garantizar nuestra soberan\u00eda y seguridad alimentaria.<\/p>\n<p>2. Muchos gobiernos han entregado los bienes naturales, como los minerales, a la voracidad de estas empresas sin exigirles condiciones ambientales, laborales, tributarias o en materia de derechos humanos, econ\u00f3micos, sociales y culturales, y esta miner\u00eda no representa ingresos significativos para los Estados.<\/p>\n<p>3. En toda la regi\u00f3n y el continente, las comunidades afectadas y los pueblos originarios han denunciado ampliamente los efectos nefastos que esta explotaci\u00f3n tiene sobre su vida, la madre tierra y la sobrevivencia humana.<\/p>\n<p>4. Las transnacionales mineras implementan precarias condiciones laborales y vulneran el derecho a la salud y a la organizaci\u00f3n de los trabajadores que laboran en ellas, ampliando las enfermedades degenerativas.<\/p>\n<p>5. La peque\u00f1a y mediana miner\u00eda es perseguida y proscrita por algunos gobiernos, que pretenden que los inversionistas extranjeros tengan todo el control de su explotaci\u00f3n; desconociendo, como en el caso de Colombia, su contribuci\u00f3n al desarrollo local, que da empleo a dos millones de familias y genera menos impacto ambiental que la gran miner\u00eda.<\/p>\n<p>6. Las protestas contra estas situaciones han sido reprimidas, se criminaliza a los participantes en ellas y se les viola el derecho a la organizaci\u00f3n y la protesta.<\/p>\n<p>7. La agresi\u00f3n minera va acompa\u00f1ada de reformas legislativas regresivas, desmonte de derechos, paramilitarismo y violencia pol\u00edtica de diverso origen, y asesinatos y persecuci\u00f3n a miles de lideres populares que defienden el derecho a la vida.<\/p>\n<p>8. La miner\u00eda es una pieza clave de la dominaci\u00f3n impuesta a trav\u00e9s de la globalizaci\u00f3n neoliberal, que pretende profundizar con el libre comercio (TLC con EE.UU, Canad\u00e1 y AELC, Acuerdo de Asociaci\u00f3n con la Uni\u00f3n Europea), megaproyectos (IIRSA, Plan Puebla Panam\u00e1) y los Tratados Bilaterales de Inversi\u00f3n, agrocombustibles, transg\u00e9nicos, un modelo econ\u00f3mico exportador, extractivo, que abandona la posibilidad de la soberan\u00eda alimentaria, el desarrollo sustentable y la .autodeterminaci\u00f3n de los pueblos y sus alternativas de Buen Vivir en armon\u00eda con la Naturaleza<\/p>\n<p>Resolvemos:<\/p>\n<p>a) Llamar a una acci\u00f3n continental para que los Estados, Pueblos y Comunidades recuperen el control de sus territorios, bienes naturales y la biodiversidad, respetando las formas de vida propias.<\/p>\n<p>b) Fortalecer y consolidar los territorios y estrategias productivas y sociales de los pueblos y comunidades, en base al Buen Vivir, el desarrollo propio, y las relaciones econ\u00f3micas con equidad social, sustentabilidad e interculturalidad, como alternativas al modelo neoliberal, basado en la reprimarizaci\u00f3n y el extractivismo minero; y que incluyen en el caso de los pueblos ind\u00edgenas, retomar y fortalecer sus cosmovisiones y espiritualidades.<\/p>\n<p>c) Luchar por la recuperaci\u00f3n y nacionalizaci\u00f3n del control de los bienes naturales, por parte de las comunidades locales, pueblos ind\u00edgenas, trabajadores y ciudadan\u00eda, como alternativa ante la privatizaci\u00f3n, saqueo y desnacionalizaci\u00f3n.<\/p>\n<p>d) Desarrollar la movilizaci\u00f3n popular en diversos espacios, incluyendo el de promover pol\u00edticas p\u00fablicas alternativas en miner\u00eda: sobre consentimiento previo, prohibici\u00f3n de explotaci\u00f3n de aguas subterr\u00e1neas donde hay poca precipitaci\u00f3n pluvial, contaminaci\u00f3n, derechos laborales, beneficios y otros<\/p>\n<p>e) Articular campa\u00f1as y acciones de lucha, con redes amplias de movimientos ind\u00edgenas, sindicales y sociales, que re\u00fanan a todos los afectados por los mismos grupos de capital, incluyendo alianzas con los sindicatos y retiro de accionistas de sus casas matrices.<\/p>\n<p>f) Fomentar los intercambios de experiencias de lucha, a trav\u00e9s de visitas, giras, caravanas de l\u00edderes y liderezas, a nivel nacional e internacional.<\/p>\n<p>g) Investigaci\u00f3n, documentaci\u00f3n de casos emblem\u00e1ticos, y su divulgaci\u00f3n como instrumentos de incidencia ante la opini\u00f3n p\u00fablica y actores pol\u00edticos internacionales.<\/p>\n<p>h) Apoyar las luchas que actualmente se realizan y denunciar en\u00e9rgicamente la criminalizaci\u00f3n de la protesta social, como en los casos de Colombia (Cerrej\u00f3n, Represa R\u00edo Rancher\u00eda, Marmato, T\u00e1mesis, Cauca), Per\u00fa (Cerro de Pasco, Doe Run, Majaz, Antamina, Bambas, Yanacocha), Chile (Pascualama), Bolivia (Inti Raymi-Newmont, Sinch\u2019i Wayra-Glencore, San Crist\u00f3bal Apex Silver), Argentina (Bajo La Alumbrera), Ecuador (Intac, Pangui, Cordillera del C\u00f3ndor, Nor occidente de Pichincha), Guatemala (San Miguel Ixtahuac\u00e1n en San Marcos, Ixc\u00e1n El Kich\u00e9, Polochic, Alta Verapaz, El Estor en Isabal, San Juan Zacatepeques), Estados Unidos (Western Shoshone).<\/p>\n<p>i) Solidarizarnos con las luchas populares en Colombia, como la de los corteros de ca\u00f1a de az\u00facar y trabajadores judiciales.<\/p>\n<p>j) Rechazar la criminalizaci\u00f3n, judicializaci\u00f3n, represi\u00f3n a las luchas populares contra la miner\u00eda en todo el continente.<\/p>\n<p>k) En el caso de Ecuador, llamar a su gobierno a respetar la decisi\u00f3n de las comunidades frente a los proyectos mineros y a suspender la persecuci\u00f3n de quienes prefieren el Buen Vivir a la Miner\u00eda.<\/p>\n<p>l) Exigir el consentimiento previo, libre e informado y vinculante con las comunidades afectadas, antes de las decisiones de inversi\u00f3n mineras (de acuerdo al Convenio 169 y la Declaraci\u00f3n de la ONU sobre Pueblos Ind\u00edgenas) y que los Estados adopten medidas eficaces de control ambiental y condiciones laborales adecuadas, protecci\u00f3n comunitaria y replanteamiento de aquellas explotaciones, que puedan incluir su suspensi\u00f3n, ante las amenazas a la vida de las comunidades, el medio ambiente y el desarrollo regional. Los estados reconozcan las consultas previas organizadas por las comunidades como los de Majaz (Per\u00fa), San Marcos (Guatemala) entre otros.<\/p>\n<p>m) Apoyar la Declaraci\u00f3n de las organizaciones colombianas contra la reforma del c\u00f3digo minero y las propuestas de modificaciones planteadas por las organizaciones de la peque\u00f1a miner\u00eda.<\/p>\n<p>n) Promover amplias alianzas para la utilizaci\u00f3n de los mecanismos internacionales sobre racismo, pueblos ind\u00edgenas, medio ambiente, agua, derechos humanos y otros, presentando casos documentados ante la Comisi\u00f3n y Corte Interamericana de Derechos Humanos, la Organizaci\u00f3n de Naciones Unidas y el Convenio Internacional 169 de la OIT, entre otros.<\/p>\n<p>o) Defender las decisiones aut\u00f3nomas de las comunidades locales, sea para detener toda inversi\u00f3n minera o de priorizar la peque\u00f1a y mediana producci\u00f3n minera nacional, de forma tal que sirva al desarrollo soberano de las naciones.<\/p>\n<p>p) Promover y articular redes de comunicaci\u00f3n, que incluyan medios alternativos locales y comunitarios, y potenciar nuestras propias voces a nivel continental.<\/p>\n<p>q) Desarrollar acciones en el plano jur\u00eddico, que impliquen la reconstituci\u00f3n el derecho ind\u00edgena y derecho mayor; la creaci\u00f3n de un tribunal para juzgar a las transnacionales; avanzar en cambios constitucionales para restituir la propiedad comunal de bienes naturales y crear un observatorio jur\u00eddico de los pueblos ind\u00edgenas para el cumplimiento de los tratados internacionales<\/p>\n<p>r) Campa\u00f1a de sensibilizaci\u00f3n e incidencia contra el consumismo, en especial el basado en metales suntuarios y reducir su demanda e impactos.<\/p>\n<p>s) Convocar a participar en las siguientes acciones de lucha internacional:<\/p>\n<p>* 12 de octubre: Movilizaci\u00f3n Continental de los Pueblos Ind\u00edgenas.<\/p>\n<p>* 7 de Noviembre: Movilizaci\u00f3n nacional sindical y popular en Colombia.<\/p>\n<p>* Organizaci\u00f3n de Refer\u00e9ndums nacionales para declarar al agua derecho humano fundamental, como se est\u00e1 haciendo en Colombia.<\/p>\n<p>* Promover un foro continental sobre las alternativas ind\u00edgenas y populares a la gran miner\u00eda, que articule una red de lucha y defina un d\u00eda de acci\u00f3n continental.<\/p>\n<p>Las luchas de los pueblos andinos contra los grandes proyectos mineros que afectan su existencia son cada vez m\u00e1s fuertes y amplias. Este Foro Andino frente a la Gran Miner\u00eda: Alternativas de las comunidades, pueblos ind\u00edgenas y trabajadores, es un avance en la articulaci\u00f3n de las experiencias, que esperamos sirva a otras acciones a nivel continental; y en ese camino, llamamos a la mas amplia unidad que articule todas las resistencias a la devastaci\u00f3n de la gran miner\u00eda, que incluya a los pueblos directamente afectados, a los intelectuales y escritores que denuncian estos impactos, a los abogados ind\u00edgenas o no que defienden a los pueblos, a las instituciones de derechos humanos, a los sindicatos con defensa integral de derechos, peque\u00f1os mineros seg\u00fan las particularidades de cada pa\u00eds y zonas, ONGs de apoyo t\u00e9cnico que respetan la autonom\u00eda de nuestras organizaciones; los consumidores que cuestionan el consumismo suntuario de metales y los medios de comunicaci\u00f3n alternativos.<\/p>\n<p>Alianza Social Continental.<br \/>\nCoordinadora Andina de Organizaciones Ind\u00edgenas \u2013 CAOI<br \/>\nOrganizaci\u00f3n Nacional Ind\u00edgena de Colombia \u2013 ONIC<br \/>\nConsejo de Ayllus y Markas del Qollasuyo \u2013 CONAMAQ (Bolivia)<br \/>\nConfederaci\u00f3n Nacional de Comunidades del Per\u00fa Afectados por la Miner\u00eda \u2013 CONACAMI<br \/>\nConfederaci\u00f3n de Pueblos de la Nacionalidad Kichwa del Ecuador &#8211; ECUARUNARI<br \/>\nFederaci\u00f3n Regional \u00danica de Trabajadores Campesinos del Altiplano Sud Bolivia (FRUTCAS)<br \/>\nCoordinadora en Defensa de la Cuenca del R\u00edo Desaguadero y Lagos Uru Uru y Poopo-Bolivia &#8211; Coridup<br \/>\nObservatorio Latinoamericano de Conflictos Ambientales &#8211; Caso Pascua Lama (Chile)<br \/>\nRed de Veedur\u00edas de Colombia &#8211; Redver<br \/>\nMovimiento Pachakutik del Ecuador<br \/>\nConvergencia Nacional Wakib Kej (Guatemala)<br \/>\nPueblo Western Shoshone (Estados Unidos)<br \/>\nConsejo de Pueblos de la Comunidad San Marcos (Guatemala)<br \/>\nOrganizaci\u00f3n Ind\u00edgena Yanama<br \/>\nCentral Unitaria de Trabajadores de Colombia \u2013 CUT<br \/>\nUni\u00f3n Sindical Obrera \u2013 USO<br \/>\nSintracarb\u00f3n, Cerrej\u00f3n<br \/>\nPueblo Shuar Arutam del Ecuador<br \/>\nAsamblea de los Pueblos en Defensa de la Naturaleza \u2013 Ecuador<br \/>\nCoordinadora de defensa del nor occidente de Pichincha (Codecono)<br \/>\nAsamblea Nacional Ambiental de Ecuador<br \/>\nEcuador Solidarity Network \u2013 Canad\u00e1, Estados Unidos<br \/>\nComunidades en Resistencia del Consejo de Pueblos del Occidente &#8211; Guatemala<br \/>\nResguardo Ind\u00edgena Ca\u00f1amomo Lomaprieta Rio Sucio Sup\u00eda Caldas<br \/>\nOrganizaci\u00f3n Ind\u00edgena Wayuu de Mayabamgloma<br \/>\nAsociaci\u00f3n de Mineros del Bajo Cauca<br \/>\nAsociaci\u00f3n de Mineros del Nordeste Antioque\u00f1o<br \/>\nCorporaci\u00f3n por la Defensa de los Derechos Humanos del Nordeste Antioque\u00f1o<br \/>\nGrupo C\u00edvico de Nanmatu<br \/>\nAsoguayabal \u2013 Asociaci\u00f3n de Artesanos y Alfareros Barrichara<br \/>\nSindicato Nacional de la Industria del Carb\u00f3n &#8211; Sintracarb\u00f3n<br \/>\nRed Colombiana de Acci\u00f3n Frente al Libre Comercio \u2013 Recalca<br \/>\nInstituto de Investigaciones y Estudios Energ\u00e9ticos de Trabajadores de Am\u00e9rica Latina y el Caribe \u2013 Ieetalc.<br \/>\nFuntraenerg\u00e9tica<br \/>\nSintramienerg\u00e9tica, seccional El Paso<br \/>\nSintracerromatoso<br \/>\nFederaci\u00f3n Colombiana de Mineros del Oro, Plata y Platino \u2013 Fedoro<br \/>\nFederaci\u00f3n Agrominera del Sur de Bolivar, Fedeagromisbol<br \/>\nCorporaci\u00f3n Aury Sar\u00e1<br \/>\nCentro de Estudios del Carb\u00f3n y la Gran Miner\u00eda<br \/>\nFederaci\u00f3n de Mineros de Santander \u2013 Fesamin<br \/>\nOrganizaci\u00f3n Colombiana de Estudiantes \u2013 OCE<br \/>\nFederaci\u00f3n de Areneros y Balasto del Eje Cafetero<br \/>\nEcuador Decide<br \/>\nLa Chiva \u2013 Canad\u00e1<br \/>\nComit\u00e9s de las minas El Ca\u00f1o, La Esperanza, San Mart\u00edn y La Vega de San Mart\u00edn de Loba<br \/>\nCentro de Estudios del Trabajo \u2013 Cedetrabajo<br \/>\nCongresistas del Polo Democr\u00e1tico Alternativo: Orsinia Polanco, Germ\u00e1n Reyes y Jorge Enrique Robledo.<\/p>\n","protected":false},"excerpt":{"rendered":"<p>Bogota, 27 de septiembre de 2008 Los Pueblos y Comunidades ind\u00edgenas de la regi\u00f3n andina amaz\u00f3nica, los trabajadores de la miner\u00eda, peque\u00f1os y medianos mineros colombianos, y los movimientos sociales, as\u00ed como hermanos de organizaciones de Guatemala y Estados Unidos, que viv\u00edamos ancestralmente con monta\u00f1as y aguas transparentes con pueblos basados en el buen vivir, [&hellip;]<\/p>\n","protected":false},"author":1,"featured_media":0,"comment_status":"open","ping_status":"open","sticky":false,"template":"","format":"standard","meta":{"advanced_seo_description":"","jetpack_seo_html_title":"","jetpack_seo_noindex":false,"_jetpack_memberships_contains_paid_content":false,"footnotes":""},"categories":[7],"tags":[],"class_list":["post-2528","post","type-post","status-publish","format-standard","hentry","category-pronunciamientos-de-organizaciones-sociales"],"jetpack_featured_media_url":"","jetpack-related-posts":[{"id":2525,"url":"https:\/\/moir.com.co\/web\/foro-andino-frente-a-la-gran-mineria-alternativas-de-las-comunidades-pueblos-indigenas-y-trabajadores\/","url_meta":{"origin":2528,"position":0},"title":"FORO ANDINO FRENTE A LA GRAN MINER\u00cdA: ALTERNATIVAS DE LAS COMUNIDADES, PUEBLOS IND\u00cdGENAS Y TRABAJADORES","author":"admin","date":"septiembre 25, 2008","format":false,"excerpt":"Oficina del senador Robledo, Bogot\u00e1, 24 de septiembre de 2008. El pr\u00f3ximo viernes 26 de septiembre se iniciar\u00e1 el Foro Andino frente a la Gran Miner\u00eda. El evento comenzar\u00e1 con una rueda de prensa en la que participar\u00e1n Miguel Palac\u00edn, director de la Coordinadora Andina de Organizaciones Ind\u00edgenas, Tarcisio Mora,\u2026","rel":"","context":"En \u00abJorge Enrique Robledo\u00bb","block_context":{"text":"Jorge Enrique Robledo","link":"https:\/\/moir.com.co\/web\/category\/jorge-enrique-robledo\/"},"img":{"alt_text":"","src":"","width":0,"height":0},"classes":[]},{"id":6465,"url":"https:\/\/moir.com.co\/web\/declaracion-sobre-la-gran-mineria-trasnacional-en-la-v-cumbre-de-los-pueblos-la-verdadera-voz-de-america\/","url_meta":{"origin":2528,"position":1},"title":"Declaraci\u00f3n sobre la gran miner\u00eda trasnacional en la V Cumbre de los Pueblos: la Verdadera Voz de Am\u00e9rica","author":"admin","date":"abril 18, 2012","format":false,"excerpt":"Las comunidades, trabajadores, peque\u00f1os mineros, ambientalistas, organizaciones sociales, ciudadanos y ciudadanas de Am\u00e9rica, reunidas en Cartagena, Colombia en el marco de la V Cumbre de los Pueblos, manifestamos nuestro absoluto consenso en identificar y se\u00f1alar a las trasnacionales y a los gobiernos neoliberales como los principales responsables por: 1. La\u2026","rel":"","context":"En \u00abPronunciamientos de Organizaciones Sociales\u00bb","block_context":{"text":"Pronunciamientos de Organizaciones Sociales","link":"https:\/\/moir.com.co\/web\/category\/pronunciamientos-de-organizaciones-sociales\/"},"img":{"alt_text":"","src":"","width":0,"height":0},"classes":[]},{"id":6936,"url":"https:\/\/moir.com.co\/web\/la-decision-de-la-comunidad-andina-sobre-la-mineria-ilegal-viola-hasta-las-mas-elementales-normas-del-debido-proceso\/","url_meta":{"origin":2528,"position":2},"title":"La decisi\u00f3n de la Comunidad Andina sobre la miner\u00eda ilegal viola hasta las m\u00e1s elementales normas del debido proceso","author":"admin","date":"octubre 18, 2012","format":false,"excerpt":"La Comunidad Andina de Naciones est\u00e1 pr\u00f3xima a expedir una decisi\u00f3n para combatir lo que se ha denominado miner\u00eda ilegal. El borrador de la norma se\u00f1ala que los gobiernos podr\u00e1n \u201cdecomisar, incautar, inmovilizar, destruir, demoler, inutilizar y neutralizar, los bienes, maquinaria, equipos e insumos\u201d utilizados por los mineros que no\u2026","rel":"","context":"En \u00abJorge Enrique Robledo\u00bb","block_context":{"text":"Jorge Enrique Robledo","link":"https:\/\/moir.com.co\/web\/category\/jorge-enrique-robledo\/"},"img":{"alt_text":"","src":"","width":0,"height":0},"classes":[]},{"id":2945,"url":"https:\/\/moir.com.co\/web\/tlc-con-la-union-europea-profundizara-la-crisis-economica-andina\/","url_meta":{"origin":2528,"position":3},"title":"TLC CON LA UNI\u00d3N EUROPEA PROFUNDIZAR\u00c1 LA CRISIS ECON\u00d3MICA ANDINA","author":"admin","date":"abril 6, 2009","format":false,"excerpt":"Se llev\u00f3 a cabo en Lima una ronda m\u00e1s de negociaciones del Tratado de Libre Comercio entre la Uni\u00f3n Europea con Colombia, Ecuador y Per\u00fa. Este proceso se adelanta bajo la presi\u00f3n de los gobiernos de Per\u00fa y Colombia por avanzar a la mayor velocidad posible, en momentos en que\u2026","rel":"","context":"En \u00ab\u00a1No a los TLC y al ALCA!\u00bb","block_context":{"text":"\u00a1No a los TLC y al ALCA!","link":"https:\/\/moir.com.co\/web\/category\/temas\/no-a-los-tlc-y-al-alca\/"},"img":{"alt_text":"","src":"","width":0,"height":0},"classes":[]},{"id":4143,"url":"https:\/\/moir.com.co\/web\/nace-la-red-colombiana-frente-a-la-gran-mineria-transnacional\/","url_meta":{"origin":2528,"position":4},"title":"Nace la Red Colombiana Frente a la Gran Miner\u00eda Transnacional","author":"admin","date":"febrero 22, 2010","format":false,"excerpt":"En el marco de la grave crisis econ\u00f3mica, pol\u00edtica y social que vive Colombia, los grandes capitales han continuado fortaleciendo sus m\u00e9todos de acumulaci\u00f3n en toda la geograf\u00eda nacional, especialmente a partir de la pol\u00edtica del gobierno nacional en la \u201cVisi\u00f3n 2019: Colombia un pa\u00eds minero\u201d, de entrega de nuestras\u2026","rel":"","context":"En \u00abPronunciamientos de Organizaciones Sociales\u00bb","block_context":{"text":"Pronunciamientos de Organizaciones Sociales","link":"https:\/\/moir.com.co\/web\/category\/pronunciamientos-de-organizaciones-sociales\/"},"img":{"alt_text":"","src":"","width":0,"height":0},"classes":[]},{"id":6601,"url":"https:\/\/moir.com.co\/web\/declaracion-final-del-foro-impactos-de-la-megamineria-en-la-guajira\/","url_meta":{"origin":2528,"position":5},"title":"Declaraci\u00f3n final del Foro Impactos de la Megaminer\u00eda en la Guajira","author":"admin","date":"junio 13, 2012","format":false,"excerpt":"\u201cLa Guajira le dice no al desv\u00edo del r\u00edo Rancher\u00eda, al proyecto minero sobre el manantial Ca\u00f1averales y al nuevo r\u00e9gimen de regal\u00edas\u201d Esta es la principal conclusi\u00f3n del Gran Foro sobre los Impactos de la Gran Miner\u00eda del Carb\u00f3n, que se realiz\u00f3 en Riohacha, Guajira los d\u00edas 7 y\u2026","rel":"","context":"En \u00abPronunciamientos de Organizaciones Sociales\u00bb","block_context":{"text":"Pronunciamientos de Organizaciones Sociales","link":"https:\/\/moir.com.co\/web\/category\/pronunciamientos-de-organizaciones-sociales\/"},"img":{"alt_text":"","src":"","width":0,"height":0},"classes":[]}],"jetpack_sharing_enabled":true,"_links":{"self":[{"href":"https:\/\/moir.com.co\/web\/wp-json\/wp\/v2\/posts\/2528","targetHints":{"allow":["GET"]}}],"collection":[{"href":"https:\/\/moir.com.co\/web\/wp-json\/wp\/v2\/posts"}],"about":[{"href":"https:\/\/moir.com.co\/web\/wp-json\/wp\/v2\/types\/post"}],"author":[{"embeddable":true,"href":"https:\/\/moir.com.co\/web\/wp-json\/wp\/v2\/users\/1"}],"replies":[{"embeddable":true,"href":"https:\/\/moir.com.co\/web\/wp-json\/wp\/v2\/comments?post=2528"}],"version-history":[{"count":0,"href":"https:\/\/moir.com.co\/web\/wp-json\/wp\/v2\/posts\/2528\/revisions"}],"wp:attachment":[{"href":"https:\/\/moir.com.co\/web\/wp-json\/wp\/v2\/media?parent=2528"}],"wp:term":[{"taxonomy":"category","embeddable":true,"href":"https:\/\/moir.com.co\/web\/wp-json\/wp\/v2\/categories?post=2528"},{"taxonomy":"post_tag","embeddable":true,"href":"https:\/\/moir.com.co\/web\/wp-json\/wp\/v2\/tags?post=2528"}],"curies":[{"name":"wp","href":"https:\/\/api.w.org\/{rel}","templated":true}]}}