{"id":2527,"date":"2008-09-25T23:14:54","date_gmt":"2008-09-25T23:14:54","guid":{"rendered":"https:\/\/moir.org.co\/web\/no-a-la-estigmatizacion-y-militarizacion-de-la-protesta-universitaria\/"},"modified":"2008-09-25T23:14:54","modified_gmt":"2008-09-25T23:14:54","slug":"no-a-la-estigmatizacion-y-militarizacion-de-la-protesta-universitaria","status":"publish","type":"post","link":"https:\/\/moir.com.co\/web\/no-a-la-estigmatizacion-y-militarizacion-de-la-protesta-universitaria\/","title":{"rendered":"\u00a1No a la estigmatizaci\u00f3n y militarizaci\u00f3n de la protesta universitaria!"},"content":{"rendered":"<p><b>Gonzalo Arango Jim\u00e9nez, Presidente Federaci\u00f3n Nacional de Profesores Universitarios, Bogot\u00e1, septiembre 15 de 2008<\/b><\/p>\n<p>Desde el pasado 9 de septiembre, fecha en la cual la senadora Gina Parodi mostr\u00f3 en el recinto del Senado de la Rep\u00fablica unos videos, publicados de tiempo atr\u00e1s en el sitio WEB de YouTube, en los que aparecen personas portando capuchas en una reuni\u00f3n de bienvenida a nuevos estudiantes en la Universidad Distrital a la que asist\u00eda el rector Carlos Ossa Escobar, se ha desatado una oleada de estigmatizaci\u00f3n contra las universidades p\u00fablicas, pretendiendo mostrarlas como escenario abierto al proselitismo de los grupos insurgentes con fines de adoctrinamiento de los estudiantes y al reclutamiento de sus unidades. Todo ello con el torvo prop\u00f3sito de justificar la presencia militar permanente en los claustros universitarios. <\/p>\n<p>Nunca hemos sido complacientes con la presencia de encapuchados en las universidades ni con el ejercicio de formas de protesta que se alejen de los marcos de la civilidad. Sabemos los riesgos a los que se somete a la comunidad universitaria y el aprovechamiento que de ello hacen los agentes del Estado para constre\u00f1ir la justa protesta y allanar el camino a la imposici\u00f3n de nefastas pol\u00edticas privatizadoras y liquidadoras de la universidad p\u00fablica y del patrimonio cultural que en ellas se encarna. Hemos denunciado, hasta la saciedad, la crisis humanitaria de que es v\u00edctima la comunidad universitaria como consecuencia del recorte sistem\u00e1tico y permanente de las libertades y derechos democr\u00e1ticos en sus claustros, as\u00ed como del asedio, la amenaza y las acciones criminales que contra profesores, estudiantes y trabajadores se han perpetrado por parte de las m\u00e1s oscuras organizaciones criminales, que han llegado al extremo de tomarse direcciones universitarias, como es el caso de la universidad de C\u00f3rdoba, revelado p\u00fablicamente por el confeso paramilitar Salvatore Mancuso.<\/p>\n<p>La verdadera crisis de la universidad p\u00fablica en Colombia es de distinta naturaleza y obedece a otras causas. Es el resultado de la aplicaci\u00f3n de pol\u00edticas gubernamentales que apuntan a adecuarla a los requerimientos de la globalizaci\u00f3n recolonizadora en marcha. Se expresa en su degradaci\u00f3n acad\u00e9mica mediante la imposici\u00f3n de reformas para convertir el contenido de la educaci\u00f3n en instrumental y operativo; en el abandono de su financiaci\u00f3n por parte del Estado que la empuja hacia la privatizaci\u00f3n y liquidaci\u00f3n; en la precarizaci\u00f3n de las condiciones de contrataci\u00f3n, remuneraci\u00f3n y trabajo de sus empleados docentes y administrativos; en la ausencia de bienestar universitario; en el estrechamiento de la democracia y en la p\u00e9rdida de su autonom\u00eda; en la asfixiante entronizaci\u00f3n del absolutismo en su seno y en la mercantilizaci\u00f3n de su quehacer acad\u00e9mico. <\/p>\n<p>Es contra esta pol\u00edtica que se expresa la resistencia de la comunidad universitaria, mediante la denuncia y la movilizaci\u00f3n. Esa resistencia civil y masiva que se pretende acallar con el expediente de sindicarla de estar inspirada en otros intereses y en buscar fines distintos a los de la recuperaci\u00f3n de la universidad publica para el apalancamiento del desarrollo econ\u00f3mico, pol\u00edtico y social de la naci\u00f3n. <\/p>\n<p>Una vez m\u00e1s denunciamos la campa\u00f1a infame de estigmatizaci\u00f3n que se hace contra la universidad p\u00fablica y rechazamos de nuevo la militarizaci\u00f3n de la protesta universitaria, como lo hicimos cuando el presidente Uribe, en un consejo comunitario realizado en Bogot\u00e1 en el mes de junio del a\u00f1o anterior, imparti\u00f3 la orden a las fuerzas armadas de ocupar los claustros universitarios.<\/p>\n","protected":false},"excerpt":{"rendered":"<p>Gonzalo Arango Jim\u00e9nez, Presidente Federaci\u00f3n Nacional de Profesores Universitarios, Bogot\u00e1, septiembre 15 de 2008 Desde el pasado 9 de septiembre, fecha en la cual la senadora Gina Parodi mostr\u00f3 en el recinto del Senado de la Rep\u00fablica unos videos, publicados de tiempo atr\u00e1s en el sitio WEB de YouTube, en los que aparecen personas portando [&hellip;]<\/p>\n","protected":false},"author":1,"featured_media":0,"comment_status":"open","ping_status":"open","sticky":false,"template":"","format":"standard","meta":{"advanced_seo_description":"","jetpack_seo_html_title":"","jetpack_seo_noindex":false,"_jetpack_memberships_contains_paid_content":false,"footnotes":""},"categories":[7],"tags":[],"class_list":["post-2527","post","type-post","status-publish","format-standard","hentry","category-pronunciamientos-de-organizaciones-sociales"],"jetpack_featured_media_url":"","jetpack-related-posts":[{"id":3189,"url":"https:\/\/moir.com.co\/web\/contra-la-degradacion-de-la-calidad-de-la-universidad-y-la-estigmatizacion-de-la-protesta\/","url_meta":{"origin":2527,"position":0},"title":"CONTRA LA DEGRADACI\u00d3N DE LA CALIDAD DE LA UNIVERSIDAD Y LA ESTIGMATIZACI\u00d3N DE LA PROTESTA","author":"admin","date":"junio 8, 2009","format":false,"excerpt":"Recordar el 8 y 9 de junio es trasladarnos a los acontecimientos de finales de 1928 y durante 1929, a\u00f1os de movilizaciones y agitaci\u00f3n con amplia participaci\u00f3n de todos los sectores sociales, en especial la del estudiantado que se solidariz\u00f3 en la lucha contra varios acontecimientos como la asfixiante deuda\u2026","rel":"","context":"En \u00abJuventud Patri\u00f3tica\u00bb","block_context":{"text":"Juventud Patri\u00f3tica","link":"https:\/\/moir.com.co\/web\/category\/juventud-patriotica\/"},"img":{"alt_text":"","src":"","width":0,"height":0},"classes":[]},{"id":4813,"url":"https:\/\/moir.com.co\/web\/la-organizacion-colombiana-de-estudiantes-rechaza-la-brutal-intervencion-de-la-fuerza-publica-en-la-universidad-de-antioquia\/","url_meta":{"origin":2527,"position":1},"title":"La Organizaci\u00f3n Colombiana de Estudiantes rechaza la brutal intervenci\u00f3n de la fuerza p\u00fablica en la Universidad de Antioquia","author":"admin","date":"septiembre 20, 2010","format":false,"excerpt":"El pasado 15 de septiembre, marc\u00f3 un antes y un despu\u00e9s en la historia de la Universidad de Antioquia. Cuando los estudiantes realizaban una toma PACIFICA del bloque 16, con el fin de exigirle a la administraci\u00f3n la no obligatoriedad de la Tarjeta Integrada Personal (TIP), los escuadrones antidisturbios (ESMAD)\u2026","rel":"","context":"Entrada similar","block_context":{"text":"Entrada similar","link":""},"img":{"alt_text":"","src":"","width":0,"height":0},"classes":[]},{"id":3665,"url":"https:\/\/moir.com.co\/web\/el-polo-rechaza-la-agresion-de-la-fuerza-publica-a-la-universidad-nacional-de-colombia\/","url_meta":{"origin":2527,"position":2},"title":"El Polo rechaza la agresi\u00f3n de la Fuerza P\u00fablica a la Universidad Nacional de Colombia","author":"admin","date":"octubre 20, 2009","format":false,"excerpt":"El Comit\u00e9 Ejecutivo Nacional del Polo Democr\u00e1tico Alternativo, reunido en su sesi\u00f3n ordinaria el d\u00eda 19 de octubre del presente, rechaza la agresi\u00f3n cometida por la fuerza p\u00fablica contra los estudiantes de la Universidad Nacional de Colombia, el pasado viernes cuando se llevaba a cabo en el auditorio Le\u00f3n de\u2026","rel":"","context":"En \u00abPolo Democr\u00e1tico Alternativo\u00bb","block_context":{"text":"Polo Democr\u00e1tico Alternativo","link":"https:\/\/moir.com.co\/web\/category\/polo-democratico-alternativo\/"},"img":{"alt_text":"","src":"","width":0,"height":0},"classes":[]},{"id":4925,"url":"https:\/\/moir.com.co\/web\/multitudinaria-asamblea-de-estudiantes-rechaza-la-modificacion-de-matriculas-en-la-universidad-de-caldas\/","url_meta":{"origin":2527,"position":3},"title":"Multitudinaria asamblea de estudiantes rechaza la modificaci\u00f3n de matr\u00edculas en la universidad de Caldas","author":"admin","date":"octubre 22, 2010","format":false,"excerpt":"Cerca de 2 mil estudiantes de la Universidad de Caldas, hoy mi\u00e9rcoles 15 de octubre, que abarrotaron el Teatro 8 de Junio, el cual qued\u00f3 peque\u00f1o ante la masiva afluencia de estudiantes, ratificaron su oposici\u00f3n a la modificaci\u00f3n de la tabla de matr\u00edculas propuesta por la administraci\u00f3n de la Universidad\u2026","rel":"","context":"Entrada similar","block_context":{"text":"Entrada similar","link":""},"img":{"alt_text":"","src":"","width":0,"height":0},"classes":[]},{"id":4047,"url":"https:\/\/moir.com.co\/web\/declaracion-de-la-coordinacion-nacional-del-polo-joven-frente-a-la-propuesta-de-la-red-de-estudiantes-informantes\/","url_meta":{"origin":2527,"position":4},"title":"Declaraci\u00f3n de la Coordinaci\u00f3n Nacional del Polo Joven frente a la propuesta de la red de estudiantes informantes","author":"admin","date":"febrero 5, 2010","format":false,"excerpt":"Una vez m\u00e1s el presidente y su ministro de defensa enfilan bater\u00edas contra las universidades y los estudiantes por tener seg\u00fan ellos, \u201cescondrijos para explosivos\u201d y por ser \u201cterroristas de civil\u201d y \u201cv\u00e1ndalos\u201d: se le propone a los j\u00f3venes participar en una red de informantes a cambio de remuneraci\u00f3n para\u2026","rel":"","context":"En \u00abPolo Democr\u00e1tico Alternativo\u00bb","block_context":{"text":"Polo Democr\u00e1tico Alternativo","link":"https:\/\/moir.com.co\/web\/category\/polo-democratico-alternativo\/"},"img":{"alt_text":"","src":"","width":0,"height":0},"classes":[]},{"id":1252,"url":"https:\/\/moir.com.co\/web\/jueves-22-de-septiembre-jornada-nacional-universitaria\/","url_meta":{"origin":2527,"position":5},"title":"JUEVES 22 DE SEPTIEMBRE: JORNADA NACIONAL UNIVERSITARIA,","author":"admin","date":"agosto 27, 2005","format":false,"excerpt":"El Comit\u00e9 Nacional de Coordinaci\u00f3n de la MULTIESTAMENTARIA, reunido el lunes 5 de septiembre, recogiendo las conclusiones de las reuniones nacionales previas de cada uno de los estamentos, aprob\u00f3 las siguientes tareas: 1. Continuar las consultas sobre el TLC, hasta el mes de octubre, en las fechas, tentativamente acordadas, en\u2026","rel":"","context":"En \u00abPronunciamientos de Organizaciones Sociales\u00bb","block_context":{"text":"Pronunciamientos de Organizaciones Sociales","link":"https:\/\/moir.com.co\/web\/category\/pronunciamientos-de-organizaciones-sociales\/"},"img":{"alt_text":"","src":"","width":0,"height":0},"classes":[]}],"jetpack_sharing_enabled":true,"_links":{"self":[{"href":"https:\/\/moir.com.co\/web\/wp-json\/wp\/v2\/posts\/2527","targetHints":{"allow":["GET"]}}],"collection":[{"href":"https:\/\/moir.com.co\/web\/wp-json\/wp\/v2\/posts"}],"about":[{"href":"https:\/\/moir.com.co\/web\/wp-json\/wp\/v2\/types\/post"}],"author":[{"embeddable":true,"href":"https:\/\/moir.com.co\/web\/wp-json\/wp\/v2\/users\/1"}],"replies":[{"embeddable":true,"href":"https:\/\/moir.com.co\/web\/wp-json\/wp\/v2\/comments?post=2527"}],"version-history":[{"count":0,"href":"https:\/\/moir.com.co\/web\/wp-json\/wp\/v2\/posts\/2527\/revisions"}],"wp:attachment":[{"href":"https:\/\/moir.com.co\/web\/wp-json\/wp\/v2\/media?parent=2527"}],"wp:term":[{"taxonomy":"category","embeddable":true,"href":"https:\/\/moir.com.co\/web\/wp-json\/wp\/v2\/categories?post=2527"},{"taxonomy":"post_tag","embeddable":true,"href":"https:\/\/moir.com.co\/web\/wp-json\/wp\/v2\/tags?post=2527"}],"curies":[{"name":"wp","href":"https:\/\/api.w.org\/{rel}","templated":true}]}}