{"id":2522,"date":"2008-09-23T21:22:34","date_gmt":"2008-09-23T21:22:34","guid":{"rendered":"https:\/\/moir.org.co\/web\/gran-coalicion-rechaza-ordenanzas-lesivas-y-nuevo-peaje-en-atlantico\/"},"modified":"2008-09-23T21:22:34","modified_gmt":"2008-09-23T21:22:34","slug":"gran-coalicion-rechaza-ordenanzas-lesivas-y-nuevo-peaje-en-atlantico","status":"publish","type":"post","link":"https:\/\/moir.com.co\/web\/gran-coalicion-rechaza-ordenanzas-lesivas-y-nuevo-peaje-en-atlantico\/","title":{"rendered":"GRAN COALICI\u00d3N  RECHAZA ORDENANZAS LESIVAS Y NUEVO PEAJE EN ATL\u00c1NTICO"},"content":{"rendered":"<p><b>Barranquilla, 23 de septiembre de 2008<\/b><\/p>\n<p>El 18 de septiembre pasado la asamblea departamental del Atl\u00e1ntico aprob\u00f3 dos ordenanzas que deben ser objeto de an\u00e1lisis por el perjuicio que ocasionar\u00e1n a la poblaci\u00f3n en sectores sensibles como el agua y saneamiento b\u00e1sico y la educaci\u00f3n p\u00fablica. Una se denomina Plan Departamental para el Manejo Empresarial de los Servicios de Agua y Saneamiento en el Departamento del Atl\u00e1ntico, PDAS 2008-2011, por medio del cual se profundiza la privatizaci\u00f3n de l\u00edquido vital y el saneamiento b\u00e1sico al ser entregados estos servicios p\u00fablicos a operadores privados, convirti\u00e9ndolos en negocios para el lucro particular a trav\u00e9s de onerosas tarifas y desconectando a quienes no puedan pagarlas.<\/p>\n<p>La segunda ordenanza aprob\u00f3 la modificaci\u00f3n del art\u00edculo 36 del estatuto org\u00e1nico del presupuesto departamental, relacionado con vigencias futuras para la construcci\u00f3n de cuatro megacolegios en los municipios de Soledad, Malambo y Galapa, con un costo de ocho mil millones de pesos por cada plantel. Seg\u00fan el esquema de financiaci\u00f3n la naci\u00f3n aporta el 70% y el departamento el 30%. Adem\u00e1s de los aportes por miles de millones de pesos que la entidad territorial tiene que colocar, se podr\u00eda dar el caso de que estos establecimientos educativos se entreguen en concesi\u00f3n a terceros, tal como se aprob\u00f3 en el distrito de Barranquilla, con lo que el gobierno avanzar\u00eda en la privatizaci\u00f3n de la educaci\u00f3n p\u00fablica.<\/p>\n<p>Para acabar de completar los golpes contra el pueblo atlanticense, el Instituto Nacional de Concesiones (INCO) firm\u00f3 un acuerdo con el gobernador Eduardo Verano y los alcaldes de Sabanagrande, Santo Tom\u00e1s y Palmar de Varela para construir una infraestructura vial entre Malambo y Sabanalarga llamada Ruta Caribe, con un costo total de 454.000 millones de pesos y cuyo monto principal de 214.000 millones de pesos recaer\u00e1n sobre la ciudadan\u00eda que se moviliza en  veh\u00edculos  por la v\u00eda entre Malambo y Sabanagrande, donde trasladar\u00e1n el peaje ubicado actualmente en Ponedera, incluso antes de construir la obra<\/p>\n<p>La Gran Coalici\u00f3n Democr\u00e1tica en el Atl\u00e1ntico rechaza estas ordenanzas lesivas al inter\u00e9s de los atlanticenses, ratifica el respaldo a las justa lucha del pueblo colombiano por lograr que el agua sea un derecho fundamental tal como lo estipula el proyecto de referendo firmado por m\u00e1s de dos millones de colombianos, que la educaci\u00f3n p\u00fablica sea gratuita, de alta calidad y prestada por el estado y que las v\u00edas sean construidas con cargo al presupuesto general de la naci\u00f3n al cual aportamos todos los colombianos con los insoportables impuestos de toda clase.<\/p>\n<p>Asimismo apoya los paros de los empleados judiciales por la nivelaci\u00f3n salarial y de los corteros de la ca\u00f1a de az\u00facar en los departamentos de Valle y Cauca por los derechos de asociaci\u00f3n, contrataci\u00f3n colectiva y huelga.<\/p>\n<p>EL 7 DE OCTUBRE GRAN MOVILIZACI\u00d3N A LAS 9 AM DESDE EL HOSPITAL SAN FRANCISCO<\/p>\n<p>Gran Coalici\u00f3n Democr\u00e1tica, Polo Democr\u00e1tico Alternativo, Centrales Obreras, CUT, UTRAL-CGT, CTC, ADEA, ADEBA, UNEB, Coordinadora Estudiantil Uniatl\u00e1ntico, Asociaciones de Pensionados, Casa Anficti\u00f3nica, Asocomunal, Comit\u00e9 Intersindical de Comerciantes Estacionarios<\/p>\n","protected":false},"excerpt":{"rendered":"<p>Barranquilla, 23 de septiembre de 2008 El 18 de septiembre pasado la asamblea departamental del Atl\u00e1ntico aprob\u00f3 dos ordenanzas que deben ser objeto de an\u00e1lisis por el perjuicio que ocasionar\u00e1n a la poblaci\u00f3n en sectores sensibles como el agua y saneamiento b\u00e1sico y la educaci\u00f3n p\u00fablica. Una se denomina Plan Departamental para el Manejo Empresarial [&hellip;]<\/p>\n","protected":false},"author":1,"featured_media":0,"comment_status":"open","ping_status":"open","sticky":false,"template":"","format":"standard","meta":{"advanced_seo_description":"","jetpack_seo_html_title":"","jetpack_seo_noindex":false,"_jetpack_memberships_contains_paid_content":false,"footnotes":""},"categories":[7],"tags":[],"class_list":["post-2522","post","type-post","status-publish","format-standard","hentry","category-pronunciamientos-de-organizaciones-sociales"],"jetpack_featured_media_url":"","jetpack-related-posts":[{"id":3066,"url":"https:\/\/moir.com.co\/web\/sustentacion-del-voto-negativo-al-proyecto-de-ordenanza-que-autoriza-al-gobernador-para-comprometer-vigencias-futuras-excepcionales-para-la-ejecucion-del-plan-departamental-de-aguas-de-santander\/","url_meta":{"origin":2522,"position":0},"title":"Sustentaci\u00f3n del voto negativo al Proyecto de Ordenanza que autoriza al gobernador para comprometer vigencias futuras excepcionales para la ejecuci\u00f3n del Plan Departamental de Aguas de Santander","author":"admin","date":"mayo 10, 2009","format":false,"excerpt":"En primer lugar quiero expresar que ser\u00eda absurdo que alguien se opusiera a dotar de agua potable a la poblaci\u00f3n, a tratar las aguas utilizada en distintos usos humanaos, animales, vegetales o industriales, a buscar adecuadas disposici\u00f3n de desechos s\u00f3lidos u org\u00e1nicos y todo aquello que mejore las condiciones de\u2026","rel":"","context":"En \u00abTemas\u00bb","block_context":{"text":"Temas","link":"https:\/\/moir.com.co\/web\/category\/temas\/"},"img":{"alt_text":"","src":"","width":0,"height":0},"classes":[]},{"id":1900,"url":"https:\/\/moir.com.co\/web\/defendiendo-las-transferencias-defendemos-la-educacion-la-salud-y-el-saneamiento-basico-de-los-caldenses\/","url_meta":{"origin":2522,"position":1},"title":"DEFENDIENDO LAS TRANSFERENCIAS, DEFENDEMOS LA EDUCACI\u00d3N, LA SALUD Y EL SANEAMIENTO B\u00c1SICO DE LOS CALDENSES","author":"admin","date":"marzo 28, 2007","format":false,"excerpt":"Manizales, marzo 27 de 2007 Como parte de los acuerdos alcanzados entre el Partido Liberal Colombiano, el Polo Democr\u00e1tico Alternativo y la Gran Coalici\u00f3n Democr\u00e1tica, para adelantar de manera conjunta un referendo aprobatorio de una norma constitucional que impida la reforma a perpetuidad de las transferencias a las regiones, que\u2026","rel":"","context":"En \u00abPolo Democr\u00e1tico Alternativo\u00bb","block_context":{"text":"Polo Democr\u00e1tico Alternativo","link":"https:\/\/moir.com.co\/web\/category\/polo-democratico-alternativo\/"},"img":{"alt_text":"","src":"","width":0,"height":0},"classes":[]},{"id":1785,"url":"https:\/\/moir.com.co\/web\/barranquilla-marcho-en-defensa-del-seguro-social-y-la-universidad-del-atlantico\/","url_meta":{"origin":2522,"position":2},"title":"BARRANQUILLA MARCH\u00d3 EN DEFENSA DEL SEGURO SOCIAL Y LA UNIVERSIDAD DEL ATLANTICO","author":"admin","date":"febrero 8, 2007","format":false,"excerpt":"PDA del Atl\u00e1ntico, Comisi\u00f3n de Prensa, Barranquilla, 8 de febrero de 2007 El jueves 8 de febrero se realiz\u00f3 la primera jornada de protesta del presente a\u00f1o en Barranquilla organizada por la Gran Coalici\u00f3n Democr\u00e1tica, el Comando Departamental Unitario de las Centrales Obreras y el Polo Democr\u00e1tico Alternativo del Atl\u00e1ntico.\u2026","rel":"","context":"En \u00abPolo Democr\u00e1tico Alternativo\u00bb","block_context":{"text":"Polo Democr\u00e1tico Alternativo","link":"https:\/\/moir.com.co\/web\/category\/polo-democratico-alternativo\/"},"img":{"alt_text":"","src":"","width":0,"height":0},"classes":[]},{"id":2332,"url":"https:\/\/moir.com.co\/web\/avanzan-los-planes-departamentales-de-agua-una-aplanadora-neoliberal\/","url_meta":{"origin":2522,"position":3},"title":"AVANZAN LOS PLANES DEPARTAMENTALES DE AGUA: UNA APLANADORA NEOLIBERAL","author":"admin","date":"mayo 12, 2008","format":false,"excerpt":"Elizabeth Beaufort, peri\u00f3dico El Usuario N\u00ba 22, mayo 12 de 2008 Nadie con un poco de sensatez se opondr\u00eda a que en el pa\u00eds se cumpliera el \u201cobjetivo del Milenio\u201d de reducir para 2019 en 50% los hogares sin acceso al agua potable. El Banco Mundial en su \u00faltima valoraci\u00f3n\u2026","rel":"","context":"En \u00abTemas\u00bb","block_context":{"text":"Temas","link":"https:\/\/moir.com.co\/web\/category\/temas\/"},"img":{"alt_text":"","src":"","width":0,"height":0},"classes":[]},{"id":17994,"url":"https:\/\/moir.com.co\/web\/gobierno-debe-atender-reclamos-en-soacha-por-bonos-carrasquilla\/","url_meta":{"origin":2522,"position":4},"title":"Gobierno debe atender reclamos en Soacha por Bonos Carrasquilla","author":"admin","date":"agosto 29, 2019","format":false,"excerpt":"Yeilor Rafael Espinel Torres, Cundinamarca, agosto\u00a0 27 de 2019 Hace unos meses expliqu\u00e9 c\u00f3mo mientras Alberto Carrasquilla goza de sus ganancias, Soacha paga el agua \u2018gota a gota\u2019 y padece de una mediocre infraestructura de agua potable y un manejo de aguas que impacta negativamente la salud de sus habitantes.\u2026","rel":"","context":"En \u00abEconom\u00eda\u00bb","block_context":{"text":"Econom\u00eda","link":"https:\/\/moir.com.co\/web\/category\/temas\/economia\/"},"img":{"alt_text":"","src":"https:\/\/i0.wp.com\/moir.com.co\/web\/wp-content\/uploads\/2019\/08\/CarrasquillaSoacha.png?fit=700%2C500&ssl=1&resize=350%2C200","width":350,"height":200,"srcset":"https:\/\/i0.wp.com\/moir.com.co\/web\/wp-content\/uploads\/2019\/08\/CarrasquillaSoacha.png?fit=700%2C500&ssl=1&resize=350%2C200 1x, https:\/\/i0.wp.com\/moir.com.co\/web\/wp-content\/uploads\/2019\/08\/CarrasquillaSoacha.png?fit=700%2C500&ssl=1&resize=525%2C300 1.5x, https:\/\/i0.wp.com\/moir.com.co\/web\/wp-content\/uploads\/2019\/08\/CarrasquillaSoacha.png?fit=700%2C500&ssl=1&resize=700%2C400 2x"},"classes":[]},{"id":9588,"url":"https:\/\/moir.com.co\/web\/el-polo-apoya-a-juan-garcia-para-gobernacion-del-atlantico\/","url_meta":{"origin":2522,"position":5},"title":"El Polo apoya a Juan Garc\u00eda para Gobernaci\u00f3n del Atl\u00e1ntico","author":"admin","date":"agosto 19, 2015","format":false,"excerpt":"Suscriben acuerdo program\u00e1tico con 5 ejes b\u00e1sicos: producci\u00f3n, educaci\u00f3n, salud, servicios p\u00fablicos y deportes. (VIDEO) El Polo Democr\u00e1tico Alternativo protocoliz\u00f3 un acuerdo program\u00e1tico con el Grupo Significativo de Ciudadanos \u201cFirmes con Juan a la Gobernaci\u00f3n\u201d, para respaldar la candidatura de Juan Garc\u00eda Estrada para el primer cargo p\u00fablico de la\u2026","rel":"","context":"En \u00abPolo Democr\u00e1tico Alternativo\u00bb","block_context":{"text":"Polo Democr\u00e1tico Alternativo","link":"https:\/\/moir.com.co\/web\/category\/polo-democratico-alternativo\/"},"img":{"alt_text":"","src":"","width":0,"height":0},"classes":[]}],"jetpack_sharing_enabled":true,"_links":{"self":[{"href":"https:\/\/moir.com.co\/web\/wp-json\/wp\/v2\/posts\/2522","targetHints":{"allow":["GET"]}}],"collection":[{"href":"https:\/\/moir.com.co\/web\/wp-json\/wp\/v2\/posts"}],"about":[{"href":"https:\/\/moir.com.co\/web\/wp-json\/wp\/v2\/types\/post"}],"author":[{"embeddable":true,"href":"https:\/\/moir.com.co\/web\/wp-json\/wp\/v2\/users\/1"}],"replies":[{"embeddable":true,"href":"https:\/\/moir.com.co\/web\/wp-json\/wp\/v2\/comments?post=2522"}],"version-history":[{"count":0,"href":"https:\/\/moir.com.co\/web\/wp-json\/wp\/v2\/posts\/2522\/revisions"}],"wp:attachment":[{"href":"https:\/\/moir.com.co\/web\/wp-json\/wp\/v2\/media?parent=2522"}],"wp:term":[{"taxonomy":"category","embeddable":true,"href":"https:\/\/moir.com.co\/web\/wp-json\/wp\/v2\/categories?post=2522"},{"taxonomy":"post_tag","embeddable":true,"href":"https:\/\/moir.com.co\/web\/wp-json\/wp\/v2\/tags?post=2522"}],"curies":[{"name":"wp","href":"https:\/\/api.w.org\/{rel}","templated":true}]}}