{"id":2512,"date":"2008-09-17T21:26:40","date_gmt":"2008-09-17T21:26:40","guid":{"rendered":"https:\/\/moir.org.co\/web\/argumentos-del-justo-paro-de-los-corteros-de-cana-del-valle-geografico-del-rio-cauca-colombia\/"},"modified":"2008-09-17T21:26:40","modified_gmt":"2008-09-17T21:26:40","slug":"argumentos-del-justo-paro-de-los-corteros-de-cana-del-valle-geografico-del-rio-cauca-colombia","status":"publish","type":"post","link":"https:\/\/moir.com.co\/web\/argumentos-del-justo-paro-de-los-corteros-de-cana-del-valle-geografico-del-rio-cauca-colombia\/","title":{"rendered":"ARGUMENTOS DEL JUSTO PARO DE LOS CORTEROS DE CA\u00d1A DEL VALLE GEOGR\u00c1FICO DEL R\u00cdO CAUCA &#8211; COLOMBIA"},"content":{"rendered":"<p><b>Sinalcorteros, Cali, septiembre 17 de 2008<\/b><\/p>\n<p>Para leer el documento completo en pdf utilice el siguiente v\u00ednculo: <a href=\"http:\/\/www.moir.org.co\/files\/pdf\/sinalcorteros.pdf\">ARGUMENTOS DEL JUSTO PARO DE LOS CORTEROS DE CA\u00d1A DEL VALLE GEOGR\u00c1FICO DEL R\u00cdO CAUCA &#8211; COLOMBIA<\/a><\/p>\n","protected":false},"excerpt":{"rendered":"<p>Sinalcorteros, Cali, septiembre 17 de 2008 Para leer el documento completo en pdf utilice el siguiente v\u00ednculo: ARGUMENTOS DEL JUSTO PARO DE LOS CORTEROS DE CA\u00d1A DEL VALLE GEOGR\u00c1FICO DEL R\u00cdO CAUCA &#8211; COLOMBIA<\/p>\n","protected":false},"author":1,"featured_media":0,"comment_status":"open","ping_status":"open","sticky":false,"template":"","format":"standard","meta":{"advanced_seo_description":"","jetpack_seo_html_title":"","jetpack_seo_noindex":false,"_jetpack_memberships_contains_paid_content":false,"footnotes":""},"categories":[7],"tags":[],"class_list":["post-2512","post","type-post","status-publish","format-standard","hentry","category-pronunciamientos-de-organizaciones-sociales"],"jetpack_featured_media_url":"","jetpack-related-posts":[{"id":1176,"url":"https:\/\/moir.com.co\/web\/el-azucar-la-cadena-de-la-inequidad\/","url_meta":{"origin":2512,"position":0},"title":"EL AZUCAR:  \u00a1LA CADENA DE LA INEQUIDAD!","author":"admin","date":"mayo 16, 2005","format":false,"excerpt":"SINTRACA\u00d1AIZUCOL \u2013 Subdirectiva Puerto Tejada, Central Unitaria de Trabajadores \u2013 CUT Valle, mayo 24 de 2005 En el Valle geogr\u00e1fico del r\u00edo Cauca se levanta el emporio del az\u00facar refinada, la agroindustria, junto a las flores, m\u00e1s avanzada del pa\u00eds, de la cual dependen 33 municipios, genera 75.000 empleos directos,\u2026","rel":"","context":"En \u00abPronunciamientos de Organizaciones Sociales\u00bb","block_context":{"text":"Pronunciamientos de Organizaciones Sociales","link":"https:\/\/moir.com.co\/web\/category\/pronunciamientos-de-organizaciones-sociales\/"},"img":{"alt_text":"","src":"","width":0,"height":0},"classes":[]},{"id":2506,"url":"https:\/\/moir.com.co\/web\/la-cut-respalda-paro-de-los-corteros-de-cana\/","url_meta":{"origin":2512,"position":1},"title":"LA CUT RESPALDA PARO DE LOS CORTEROS DE CA\u00d1A","author":"admin","date":"septiembre 15, 2008","format":false,"excerpt":"Central Unitaria de Trabajadores, CUT, Bogot\u00e1, septiembre 15 de 2008 Cerca de 10 mil trabajadores de siembra, campo, cosecha y f\u00e1brica al servicio de la industria azucarera de los Departamento del Valle del Cauca, Risaralda y Cauca, iniciaron un PARO indefinido de actividades, el 15 de septiembre de 2008, solicitando\u2026","rel":"","context":"En \u00abPronunciamientos de Organizaciones Sociales\u00bb","block_context":{"text":"Pronunciamientos de Organizaciones Sociales","link":"https:\/\/moir.com.co\/web\/category\/pronunciamientos-de-organizaciones-sociales\/"},"img":{"alt_text":"","src":"","width":0,"height":0},"classes":[]},{"id":9699,"url":"https:\/\/moir.com.co\/web\/sintrainagro-rechaza-la-persecucion-del-gobierno-nacional-en-contra-de-la-produccion-nacional-de-azucar\/","url_meta":{"origin":2512,"position":2},"title":"Sintrainagro rechaza la persecuci\u00f3n del gobierno nacional en contra de la producci\u00f3n nacional de az\u00facar","author":"admin","date":"octubre 11, 2015","format":false,"excerpt":"El Sindicato de Trabajadores de la Industria Nacional Agropecuaria SINTRAINAGRO que agremia en el valle geogr\u00e1fico del rio Cauca a m\u00e1s de 4.000 corteros de ca\u00f1a, rechaza la multa impuesta por la Superintendencia de Industria y Comercio a los Ingenios azucareros acusados por multinacionales extrajeras de formar un cartel; esta\u2026","rel":"","context":"En \u00abPronunciamientos de Organizaciones Sociales\u00bb","block_context":{"text":"Pronunciamientos de Organizaciones Sociales","link":"https:\/\/moir.com.co\/web\/category\/pronunciamientos-de-organizaciones-sociales\/"},"img":{"alt_text":"","src":"","width":0,"height":0},"classes":[]},{"id":9262,"url":"https:\/\/moir.com.co\/web\/huelga-en-el-puerto-dulce-de-colombia\/","url_meta":{"origin":2512,"position":3},"title":"Huelga en el Puerto Dulce de Colombia","author":"admin","date":"abril 5, 2015","format":false,"excerpt":"La consolidaci\u00f3n de la industria azucarera en las primeras d\u00e9cadas del siglo XX, y el respectivo cambio en la orientaci\u00f3n de producci\u00f3n agr\u00edcola en las planicies que circundan al r\u00edo Cauca en el Valle del Cauca, trajo consigo un importante basti\u00f3n de la clase obrera a esta regi\u00f3n del pa\u00eds.\u2026","rel":"","context":"En \u00abTemas\u00bb","block_context":{"text":"Temas","link":"https:\/\/moir.com.co\/web\/category\/temas\/"},"img":{"alt_text":"","src":"","width":0,"height":0},"classes":[]},{"id":2519,"url":"https:\/\/moir.com.co\/web\/comision-quinta-del-senado-nombra-subcomision-para-mediar-en-el-conflicto-entre-ingenios-y-corteros-de-cana\/","url_meta":{"origin":2512,"position":4},"title":"COMISI\u00d3N QUINTA DEL SENADO NOMBRA SUBCOMISI\u00d3N PARA MEDIAR EN EL CONFLICTO ENTRE INGENIOS Y CORTEROS DE CA\u00d1A","author":"admin","date":"septiembre 23, 2008","format":false,"excerpt":"Oficina de Prensa, Senador Jorge Enrique Robledo, Bogot\u00e1, 23 de septiembre de 2008. Una subcomisi\u00f3n integrada por los senadores Jorge Enrique Robledo, Julio Manzur, Ramiro Estacio, Luis Emilio Sierra y Jorge Enrique V\u00e9lez fue nombrada hoy por la Comisi\u00f3n Quinta de la C\u00e1mara Alta para colaborar en la soluci\u00f3n del\u2026","rel":"","context":"En \u00abJorge Enrique Robledo\u00bb","block_context":{"text":"Jorge Enrique Robledo","link":"https:\/\/moir.com.co\/web\/category\/jorge-enrique-robledo\/"},"img":{"alt_text":"","src":"","width":0,"height":0},"classes":[]},{"id":1180,"url":"https:\/\/moir.com.co\/web\/respaldamos-el-justo-paro-de-los-corteros-en-el-ingenio-del-cauca\/","url_meta":{"origin":2512,"position":5},"title":"RESPALDAMOS EL JUSTO PARO DE LOS CORTEROS EN EL INGENIO DEL CAUCA","author":"admin","date":"mayo 17, 2005","format":false,"excerpt":"Alternativa Democr\u00e1tica, Bogot\u00e1, mayo 25 de 2005 Hoy, mi\u00e9rcoles 25 de mayo, los dos mil corteros de ca\u00f1a del Ingenio del Cauca iniciaron un cese de actividades para exigir un precio justo por el corte y para rechazar una vez m\u00e1s el sistema de contratistas en que se escuda el\u2026","rel":"","context":"Entrada similar","block_context":{"text":"Entrada similar","link":""},"img":{"alt_text":"","src":"","width":0,"height":0},"classes":[]}],"jetpack_sharing_enabled":true,"_links":{"self":[{"href":"https:\/\/moir.com.co\/web\/wp-json\/wp\/v2\/posts\/2512","targetHints":{"allow":["GET"]}}],"collection":[{"href":"https:\/\/moir.com.co\/web\/wp-json\/wp\/v2\/posts"}],"about":[{"href":"https:\/\/moir.com.co\/web\/wp-json\/wp\/v2\/types\/post"}],"author":[{"embeddable":true,"href":"https:\/\/moir.com.co\/web\/wp-json\/wp\/v2\/users\/1"}],"replies":[{"embeddable":true,"href":"https:\/\/moir.com.co\/web\/wp-json\/wp\/v2\/comments?post=2512"}],"version-history":[{"count":0,"href":"https:\/\/moir.com.co\/web\/wp-json\/wp\/v2\/posts\/2512\/revisions"}],"wp:attachment":[{"href":"https:\/\/moir.com.co\/web\/wp-json\/wp\/v2\/media?parent=2512"}],"wp:term":[{"taxonomy":"category","embeddable":true,"href":"https:\/\/moir.com.co\/web\/wp-json\/wp\/v2\/categories?post=2512"},{"taxonomy":"post_tag","embeddable":true,"href":"https:\/\/moir.com.co\/web\/wp-json\/wp\/v2\/tags?post=2512"}],"curies":[{"name":"wp","href":"https:\/\/api.w.org\/{rel}","templated":true}]}}