{"id":2506,"date":"2008-09-15T22:32:17","date_gmt":"2008-09-15T22:32:17","guid":{"rendered":"https:\/\/moir.org.co\/web\/la-cut-respalda-paro-de-los-corteros-de-cana\/"},"modified":"2008-09-15T22:32:17","modified_gmt":"2008-09-15T22:32:17","slug":"la-cut-respalda-paro-de-los-corteros-de-cana","status":"publish","type":"post","link":"https:\/\/moir.com.co\/web\/la-cut-respalda-paro-de-los-corteros-de-cana\/","title":{"rendered":"LA CUT RESPALDA PARO DE LOS CORTEROS DE CA\u00d1A"},"content":{"rendered":"<p><b>Central Unitaria de Trabajadores, CUT, Bogot\u00e1, septiembre 15 de 2008<\/b><\/p>\n<p>Cerca de 10 mil trabajadores de  siembra,  campo, cosecha y f\u00e1brica al servicio de la industria azucarera de los Departamento del Valle del Cauca, Risaralda y Cauca, iniciaron un PARO indefinido de actividades, el 15 de septiembre de 2008, solicitando condiciones de trabajo dignas, porque est\u00e1n esclavizados bajo el sistema de contratistas y de las cooperativas de Trabajo Asociado, con m\u00e1s de 14 horas de  trabajo diarias para recibir un  salario  miserable que no  alcanza los 400 mil pesos mensuales. <\/p>\n<p>El cese de actividades que afecta a los Ingenios azucareros Pichincha, Providencia, Manuelita, Central Tumaco, Mayaguez, Central Castilla, Mar\u00eda Luisa y Cauca, se origin\u00f3 por la negativa de los empresarios de la ca\u00f1a de az\u00facar, altamente subsidiados por el Gobierno, de reconocer las m\u00ednimas garant\u00edas laborales de los trabajadores, quienes se dedican a la extenuante labor del corte de ca\u00f1a. <\/p>\n<p>La Central Unitaria de Trabajadores de Colombia, CUT, respalda el justo cese de actividades, ante la negativa de los ca\u00f1icultores, asociados en Asoca\u00f1a, quienes con su actitud agresiva,  intimidan con la militarizaci\u00f3n de los ingenios y las permanentes amenazas de suspensi\u00f3n y despido, neg\u00e1ndose a acceder a reclamaciones como: <\/p>\n<p>* Contrataci\u00f3n directa de los trabajadores para contrarrestar la explotaci\u00f3n de las cooperativas de trabajo asociado.<\/p>\n<p>* Garant\u00eda del derecho al trabajo frente a las pretensiones de aumentar la mecanizaci\u00f3n del corte de ca\u00f1a, aumentando el desempleo.<\/p>\n<p>* Garant\u00eda de correcto pesaje de la ca\u00f1a cortada, eliminando tablas altamente perjudiciales para los corteros.<\/p>\n<p>* Aumento de salarios<\/p>\n<p>* Atenci\u00f3n, por parte de los ingenios, de m\u00e1s de 300 trabajadores discapacitados, como consecuencia  de los da\u00f1os derivados de la labor del corte de ca\u00f1a. <\/p>\n<p>La CUT llama al movimiento sindical a solidarizarse con tan importante sector de trabajadores y demanda ante el Ministerio de la Protecci\u00f3n Social acciones tendientes a buscar una soluci\u00f3n, sobre la base de que las partes se sienten a negociar. <\/p>\n<p>TARCISIO MORA GODOY<br \/>\nPresidente<\/p>\n<p>DOMINGO TOVAR ARRIETA<br \/>\nSecretario General<\/p>\n","protected":false},"excerpt":{"rendered":"<p>Central Unitaria de Trabajadores, CUT, Bogot\u00e1, septiembre 15 de 2008 Cerca de 10 mil trabajadores de siembra, campo, cosecha y f\u00e1brica al servicio de la industria azucarera de los Departamento del Valle del Cauca, Risaralda y Cauca, iniciaron un PARO indefinido de actividades, el 15 de septiembre de 2008, solicitando condiciones de trabajo dignas, porque [&hellip;]<\/p>\n","protected":false},"author":1,"featured_media":0,"comment_status":"open","ping_status":"open","sticky":false,"template":"","format":"standard","meta":{"advanced_seo_description":"","jetpack_seo_html_title":"","jetpack_seo_noindex":false,"_jetpack_memberships_contains_paid_content":false,"footnotes":""},"categories":[7],"tags":[],"class_list":["post-2506","post","type-post","status-publish","format-standard","hentry","category-pronunciamientos-de-organizaciones-sociales"],"jetpack_featured_media_url":"","jetpack-related-posts":[{"id":2612,"url":"https:\/\/moir.com.co\/web\/el-paro-de-los-corteros-de-cana-senalando-el-camino\/","url_meta":{"origin":2506,"position":0},"title":"EL PARO DE LOS CORTEROS DE CA\u00d1A: SE\u00d1ALANDO EL CAMINO","author":"admin","date":"diciembre 5, 2008","format":false,"excerpt":"Gustavo Rub\u00e9n Triana Su\u00e1rez, peri\u00f3dico de la CUT, diciembre de 2008 El 15 de septiembre estall\u00f3 el paro de corteros de ca\u00f1a de mayor significaci\u00f3n en la historia de la industria azucarera del pa\u00eds. Ocho mil quinientos corteros de ocho de los trece ingenios productores de az\u00facar y etanol bloquearon\u2026","rel":"","context":"En \u00abGustavo Triana\u00bb","block_context":{"text":"Gustavo Triana","link":"https:\/\/moir.com.co\/web\/category\/bitacoras\/gustavo-triana\/"},"img":{"alt_text":"","src":"","width":0,"height":0},"classes":[]},{"id":2519,"url":"https:\/\/moir.com.co\/web\/comision-quinta-del-senado-nombra-subcomision-para-mediar-en-el-conflicto-entre-ingenios-y-corteros-de-cana\/","url_meta":{"origin":2506,"position":1},"title":"COMISI\u00d3N QUINTA DEL SENADO NOMBRA SUBCOMISI\u00d3N PARA MEDIAR EN EL CONFLICTO ENTRE INGENIOS Y CORTEROS DE CA\u00d1A","author":"admin","date":"septiembre 23, 2008","format":false,"excerpt":"Oficina de Prensa, Senador Jorge Enrique Robledo, Bogot\u00e1, 23 de septiembre de 2008. Una subcomisi\u00f3n integrada por los senadores Jorge Enrique Robledo, Julio Manzur, Ramiro Estacio, Luis Emilio Sierra y Jorge Enrique V\u00e9lez fue nombrada hoy por la Comisi\u00f3n Quinta de la C\u00e1mara Alta para colaborar en la soluci\u00f3n del\u2026","rel":"","context":"En \u00abJorge Enrique Robledo\u00bb","block_context":{"text":"Jorge Enrique Robledo","link":"https:\/\/moir.com.co\/web\/category\/jorge-enrique-robledo\/"},"img":{"alt_text":"","src":"","width":0,"height":0},"classes":[]},{"id":9976,"url":"https:\/\/moir.com.co\/web\/robledo-y-trabajadores-del-sector-azucarero-y-panelero-en-contra-de-importaciones\/","url_meta":{"origin":2506,"position":2},"title":"Robledo y trabajadores del sector azucarero y panelero en contra de importaciones","author":"admin","date":"febrero 26, 2016","format":false,"excerpt":"En Cali, centrales obreras CUT, CGT y CTC se unen en defensa del trabajo y la producci\u00f3n nacional de az\u00facar y panela. El senador Jorge Enrique Robledo particip\u00f3 del \u201cEncuentro por la vigencia de la producci\u00f3n y el trabajo del sector azucarero y panelero\u201d realizado el 25 de febrero en\u2026","rel":"","context":"En \u00abJorge Enrique Robledo\u00bb","block_context":{"text":"Jorge Enrique Robledo","link":"https:\/\/moir.com.co\/web\/category\/jorge-enrique-robledo\/"},"img":{"alt_text":"","src":"","width":0,"height":0},"classes":[]},{"id":21152,"url":"https:\/\/moir.com.co\/web\/el-proletariado-agricola-senala-el-camino\/","url_meta":{"origin":2506,"position":3},"title":"EL PROLETARIADO AGR\u00cdCOLA SE\u00d1ALA EL CAMINO","author":"admin","date":"agosto 21, 2005","format":false,"excerpt":"Por Gustavo Triana Las huelgas de los trabajadores de Indupalma, la plantaci\u00f3n de palma africana m\u00e1s antigua del pa\u00eds, y de Incauca, el ingenio de mayor producci\u00f3n azucarera, le marcaron derrotero a la clase obrera colombiana para recuperar los derechos de asociaci\u00f3n y contrataci\u00f3n que las pol\u00edticas neoliberales le han\u2026","rel":"","context":"En \u00abGustavo Triana\u00bb","block_context":{"text":"Gustavo Triana","link":"https:\/\/moir.com.co\/web\/category\/bitacoras\/gustavo-triana\/"},"img":{"alt_text":"","src":"","width":0,"height":0},"classes":[]},{"id":2498,"url":"https:\/\/moir.com.co\/web\/preparemos-el-paro-por-nuestros-derechos\/","url_meta":{"origin":2506,"position":4},"title":"PREPAREMOS EL PARO POR NUESTROS DERECHOS","author":"admin","date":"septiembre 4, 2008","format":false,"excerpt":"Sindicato Nacional de Corteros de Ca\u00f1a, Sinalcorteros, Cali, septiembre 4 de 2008 Despu\u00e9s de la exitosa Audiencia P\u00fablica del pasado 14 de Junio en Pradera, Valle, a donde asistimos m\u00e1s de ocho mil corteros de ca\u00f1a, presentamos el 14 de julio de 2008 un PLIEGO UNICO DE PETICIONES de los\u2026","rel":"","context":"En \u00abPronunciamientos de Organizaciones Sociales\u00bb","block_context":{"text":"Pronunciamientos de Organizaciones Sociales","link":"https:\/\/moir.com.co\/web\/category\/pronunciamientos-de-organizaciones-sociales\/"},"img":{"alt_text":"","src":"","width":0,"height":0},"classes":[]},{"id":1180,"url":"https:\/\/moir.com.co\/web\/respaldamos-el-justo-paro-de-los-corteros-en-el-ingenio-del-cauca\/","url_meta":{"origin":2506,"position":5},"title":"RESPALDAMOS EL JUSTO PARO DE LOS CORTEROS EN EL INGENIO DEL CAUCA","author":"admin","date":"mayo 17, 2005","format":false,"excerpt":"Alternativa Democr\u00e1tica, Bogot\u00e1, mayo 25 de 2005 Hoy, mi\u00e9rcoles 25 de mayo, los dos mil corteros de ca\u00f1a del Ingenio del Cauca iniciaron un cese de actividades para exigir un precio justo por el corte y para rechazar una vez m\u00e1s el sistema de contratistas en que se escuda el\u2026","rel":"","context":"Entrada similar","block_context":{"text":"Entrada similar","link":""},"img":{"alt_text":"","src":"","width":0,"height":0},"classes":[]}],"jetpack_sharing_enabled":true,"_links":{"self":[{"href":"https:\/\/moir.com.co\/web\/wp-json\/wp\/v2\/posts\/2506","targetHints":{"allow":["GET"]}}],"collection":[{"href":"https:\/\/moir.com.co\/web\/wp-json\/wp\/v2\/posts"}],"about":[{"href":"https:\/\/moir.com.co\/web\/wp-json\/wp\/v2\/types\/post"}],"author":[{"embeddable":true,"href":"https:\/\/moir.com.co\/web\/wp-json\/wp\/v2\/users\/1"}],"replies":[{"embeddable":true,"href":"https:\/\/moir.com.co\/web\/wp-json\/wp\/v2\/comments?post=2506"}],"version-history":[{"count":0,"href":"https:\/\/moir.com.co\/web\/wp-json\/wp\/v2\/posts\/2506\/revisions"}],"wp:attachment":[{"href":"https:\/\/moir.com.co\/web\/wp-json\/wp\/v2\/media?parent=2506"}],"wp:term":[{"taxonomy":"category","embeddable":true,"href":"https:\/\/moir.com.co\/web\/wp-json\/wp\/v2\/categories?post=2506"},{"taxonomy":"post_tag","embeddable":true,"href":"https:\/\/moir.com.co\/web\/wp-json\/wp\/v2\/tags?post=2506"}],"curies":[{"name":"wp","href":"https:\/\/api.w.org\/{rel}","templated":true}]}}