{"id":2504,"date":"2008-09-14T16:51:15","date_gmt":"2008-09-14T16:51:15","guid":{"rendered":"https:\/\/moir.org.co\/web\/pleno-apoyo-a-la-corte-suprema-de-justicia\/"},"modified":"2008-09-14T16:51:15","modified_gmt":"2008-09-14T16:51:15","slug":"pleno-apoyo-a-la-corte-suprema-de-justicia","status":"publish","type":"post","link":"https:\/\/moir.com.co\/web\/pleno-apoyo-a-la-corte-suprema-de-justicia\/","title":{"rendered":"Pleno apoyo a la Corte Suprema de Justicia"},"content":{"rendered":"<p><b>Bogot\u00e1, septiembre 14 de 2008<\/b><\/p>\n<p>La obsesiva insistencia del presidente Uribe en promover toda clase de intrigas, montajes, declaraciones y comunicados agresivos contra jueces, magistrados, las Altas Cortes y los m\u00e1ximos organismos de Control, as\u00ed como su pretensi\u00f3n de imponer por intermedio de sus mayor\u00edas de bolsillo en el Congreso de la Rep\u00fablica una Reforma Judicial \u201cinoportuna y oportunista\u201d, tiene como prop\u00f3sito inmediato disminuir la capacidad de esta rama para investigar y castigar a quienes est\u00e1n involucrados en la parapol\u00edtica y darle soluci\u00f3n a los problemas que afrontan decenas de amigos e incluso familiares del Presidente. <\/p>\n<p>Sin embargo, el largo y pugnaz empecinamiento de Uribe V\u00e9lez contra los funcionarios y las instituciones de la Justicia tiene un objetivo m\u00e1s peligroso: someter el pa\u00eds a los desmanes de su gobierno que linda con el despotismo. Uribe es el jefe del Ejecutivo, tiene amplias mayor\u00edas en el poder Legislativo mediante el clientelismo y est\u00e1 dedicado a someter al poder Judicial con toda clase de amenazas y presiones para que reine la impunidad en beneficio de la parapol\u00edtica y la corrupci\u00f3n. Cada vez que se dicta un fallo que no est\u00e1 de acuerdo con sus intereses, Uribe V\u00e9lez y sus incondicionales aliados hostigan a las Altas Cortes, las satanizan e intentan deslegitimarlas.<\/p>\n<p>No se sabe que es m\u00e1s vergonzoso: si las citas en la Casa de Nari\u00f1o con delincuentes reconocidos; que el hermano del ministro de Justicia est\u00e9 comprometido con criminales repudiados por toda la naci\u00f3n, y que a pesar de eso Uribe se empe\u00f1e tercamente en mantener en su cargo a Fabio Valencia Cossio; o la cerrera actitud presidencial de atacar con virulencia a quien se atreva a desafiar su poder. Es evidente que el presidente no solo quiere terminar con la independencia de los tres poderes p\u00fablicos sino que busca ponerlos bajo su desp\u00f3tico mandato. Nubes muy cargadas se pueden precipitar sobre la ya debilitada democracia colombiana.<\/p>\n<p>Por tal motivo, en nuestro compromiso con el Estado Social de Derecho, ratificamos total respaldo a la Corte Suprema de Justicia por su valiente y erguida posici\u00f3n en el proceso de investigaci\u00f3n de la parapol\u00edtica, y le exigimos al Jefe de Estado no caer en desacato frente a las decisiones del Poder Judicial pues, al contrario, como primer mandatario deber\u00eda ser el primero en obedecerlas. Reclamamos tambi\u00e9n el respeto a la independencia del poder Judicial, para lo cual \u00e9ste debe contar con todas las condiciones econ\u00f3micas y pol\u00edticas necesarias para el cumplimiento de los deberes que le confieren la Constituci\u00f3n y la ley.<\/p>\n<p>Convocamos a las organizaciones pol\u00edticas y sociales, a todos los colombianos de bien, a quienes repudian el autoritarismo y las dictaduras, a rodear a la Corte Suprema de Justicia, y al poder Judicial en general, brind\u00e1ndoles pleno y decidido respaldo en sus actuaciones.<\/p>\n<p>POLO DEMOCR\u00c1TICO ALTERNATIVO<\/p>\n<p>CENTRAL UNITARIA DE TRABAJADORES, CUT<\/p>\n<p>CONFEDERACI\u00d3N DE TRABAJADORES DE COLOMBIA, CTC<\/p>\n<p>FEDERACI\u00d3N COLOMBIANA DE EDUCADORES, FECODE<\/p>\n<p>CONFEDERACI\u00d3N DE PENSIONADOS DE COLOMBIA, CPC<\/p>\n<p>GRAN COALICI\u00d3N DEMOCR\u00c1TICA<\/p>\n","protected":false},"excerpt":{"rendered":"<p>Bogot\u00e1, septiembre 14 de 2008 La obsesiva insistencia del presidente Uribe en promover toda clase de intrigas, montajes, declaraciones y comunicados agresivos contra jueces, magistrados, las Altas Cortes y los m\u00e1ximos organismos de Control, as\u00ed como su pretensi\u00f3n de imponer por intermedio de sus mayor\u00edas de bolsillo en el Congreso de la Rep\u00fablica una Reforma [&hellip;]<\/p>\n","protected":false},"author":1,"featured_media":0,"comment_status":"open","ping_status":"open","sticky":false,"template":"","format":"standard","meta":{"advanced_seo_description":"","jetpack_seo_html_title":"","jetpack_seo_noindex":false,"_jetpack_memberships_contains_paid_content":false,"footnotes":""},"categories":[7],"tags":[],"class_list":["post-2504","post","type-post","status-publish","format-standard","hentry","category-pronunciamientos-de-organizaciones-sociales"],"jetpack_featured_media_url":"","jetpack-related-posts":[{"id":2142,"url":"https:\/\/moir.com.co\/web\/solidaridad-del-polo-democratico-alternativo-con-el-presidente-de-la-corte-suprema-de-justicia\/","url_meta":{"origin":2504,"position":0},"title":"SOLIDARIDAD DEL POLO DEMOCR\u00c1TICO ALTERNATIVO CON EL PRESIDENTE DE LA CORTE SUPREMA DE JUSTICIA","author":"admin","date":"enero 23, 2008","format":false,"excerpt":"Bogot\u00e1, 23 de enero de 2008 Doctor C\u00c9SAR JULIO VALENCIA COPETE Presidente Corte Suprema de Justicia de Colombia Referencia: solidaridad del Polo Democr\u00e1tico Alternativo con el Presidente de la Corte Suprema de Justicia, ante el nuevo ataque del Presidente de la Rep\u00fablica, doctor \u00c1lvaro Uribe V\u00e9lez. Honorable magistrado: El Comit\u00e9\u2026","rel":"","context":"En \u00abPolo Democr\u00e1tico Alternativo\u00bb","block_context":{"text":"Polo Democr\u00e1tico Alternativo","link":"https:\/\/moir.com.co\/web\/category\/polo-democratico-alternativo\/"},"img":{"alt_text":"","src":"","width":0,"height":0},"classes":[]},{"id":2139,"url":"https:\/\/moir.com.co\/web\/el-senador-robledo-rechaza-el-intento-de-linchamiento-del-presidente-uribe-contra-la-corte-suprema-de-justicia\/","url_meta":{"origin":2504,"position":1},"title":"EL SENADOR ROBLEDO RECHAZA EL INTENTO DE LINCHAMIENTO DEL PRESIDENTE URIBE CONTRA LA CORTE SUPREMA DE JUSTICIA","author":"admin","date":"enero 21, 2008","format":false,"excerpt":"Oficina de Prensa Senador Jorge Enrique Robledo, Bogot\u00e1, 21 de enero de 2008 El senador Jorge Enrique Robledo rechaz\u00f3 \u201cel nuevo intento del presidente Uribe de someter a la Corte Suprema de Justicia, esta vez por la v\u00eda de intentar una especie de linchamiento de su presidente, el magistrado C\u00e9sar\u2026","rel":"","context":"En \u00abJorge Enrique Robledo\u00bb","block_context":{"text":"Jorge Enrique Robledo","link":"https:\/\/moir.com.co\/web\/category\/jorge-enrique-robledo\/"},"img":{"alt_text":"","src":"","width":0,"height":0},"classes":[]},{"id":2298,"url":"https:\/\/moir.com.co\/web\/que-cesen-las-presiones-uribistas-contra-la-corte-suprema-de-justicia\/","url_meta":{"origin":2504,"position":2},"title":"QUE CESEN LAS PRESIONES URIBISTAS CONTRA LA CORTE SUPREMA DE JUSTICIA","author":"admin","date":"abril 21, 2008","format":false,"excerpt":"Declaraci\u00f3n Senador Jorge Enrique Robledo, Bogot\u00e1, 21 de abril de 2008 Las nuevas agresiones del presidente \u00c1lvaro Uribe y su ministro Carlos Holgu\u00edn contra la Corte Suprema de Justicia deben ser categ\u00f3ricamente rechazadas por los dem\u00f3cratas. Porque rompen un pilar fundamental de la legalidad que establece la Constituci\u00f3n Pol\u00edtica de\u2026","rel":"","context":"En \u00abJorge Enrique Robledo\u00bb","block_context":{"text":"Jorge Enrique Robledo","link":"https:\/\/moir.com.co\/web\/category\/jorge-enrique-robledo\/"},"img":{"alt_text":"","src":"","width":0,"height":0},"classes":[]},{"id":2024,"url":"https:\/\/moir.com.co\/web\/es-de-dictadores-intentar-someter-a-la-corte-suprema-de-justicia-afirma-el-senador-robledo\/","url_meta":{"origin":2504,"position":3},"title":"\u201cES DE DICTADORES INTENTAR SOMETER A LA CORTE SUPREMA DE JUSTICIA\u201d, AFIRMA EL SENADOR ROBLEDO","author":"admin","date":"julio 30, 2007","format":false,"excerpt":"Oficina de prensa Senador Jorge Enrique Robledo, Bogot\u00e1, julio 30 de 2007 Ante la posici\u00f3n asumida por \u00c1lvaro Uribe, sin antecedentes entre los presidentes de la Rep\u00fablica, de infamar a la Corte Suprema de Justicia, desconocer su autonom\u00eda y romper con el principio de separaci\u00f3n de los poderes que consagra\u2026","rel":"","context":"En \u00abJorge Enrique Robledo\u00bb","block_context":{"text":"Jorge Enrique Robledo","link":"https:\/\/moir.com.co\/web\/category\/jorge-enrique-robledo\/"},"img":{"alt_text":"","src":"","width":0,"height":0},"classes":[]},{"id":2431,"url":"https:\/\/moir.com.co\/web\/el-referendum-de-uribe-sobre-las-elecciones-del-2006-busca-la-reeleccion-en-el-2010\/","url_meta":{"origin":2504,"position":4},"title":"El refer\u00e9ndum de Uribe sobre las elecciones del 2006, busca la reelecci\u00f3n en el 2010","author":"admin","date":"julio 13, 2008","format":false,"excerpt":"Roberto Schmalbach, Bucaramanga, julio 10 de 2008 Se ha denominado como terremoto pol\u00edtico el col\u00e9rico pronunciamiento que el presidente Uribe hizo el jueves de esta semana, en el que anunci\u00f3 la convocatoria del congreso de la rep\u00fablica para que apruebe un refer\u00e9ndum que ratifique su elecci\u00f3n del 2006, luego de\u2026","rel":"","context":"En \u00abTemas\u00bb","block_context":{"text":"Temas","link":"https:\/\/moir.com.co\/web\/category\/temas\/"},"img":{"alt_text":"","src":"","width":0,"height":0},"classes":[]},{"id":2509,"url":"https:\/\/moir.com.co\/web\/el-presidente-uribe-no-debe-apadrinar-al-ministro-del-interior-y-de-justicia-quien-debe-renunciar\/","url_meta":{"origin":2504,"position":5},"title":"EL PRESIDENTE URIBE NO DEBE APADRINAR AL MINISTRO DEL INTERIOR Y DE JUSTICIA, QUIEN DEBE RENUNCIAR","author":"admin","date":"septiembre 17, 2008","format":false,"excerpt":"Oficina de Prensa Senador Jorge Enrique Robledo, Bogot\u00e1, 17 de septiembre de 2008 En el debate al ministro del Interior y de Justicia que tuvo lugar anoche en la plenaria, el senador Jorge Enrique Robledo reafirm\u00f3 que Fabio Valencia Cossio debe renunciar, primero, porque presion\u00f3 al fiscal Iguar\u00e1n para abogar\u2026","rel":"","context":"En \u00abJorge Enrique Robledo\u00bb","block_context":{"text":"Jorge Enrique Robledo","link":"https:\/\/moir.com.co\/web\/category\/jorge-enrique-robledo\/"},"img":{"alt_text":"","src":"","width":0,"height":0},"classes":[]}],"jetpack_sharing_enabled":true,"_links":{"self":[{"href":"https:\/\/moir.com.co\/web\/wp-json\/wp\/v2\/posts\/2504","targetHints":{"allow":["GET"]}}],"collection":[{"href":"https:\/\/moir.com.co\/web\/wp-json\/wp\/v2\/posts"}],"about":[{"href":"https:\/\/moir.com.co\/web\/wp-json\/wp\/v2\/types\/post"}],"author":[{"embeddable":true,"href":"https:\/\/moir.com.co\/web\/wp-json\/wp\/v2\/users\/1"}],"replies":[{"embeddable":true,"href":"https:\/\/moir.com.co\/web\/wp-json\/wp\/v2\/comments?post=2504"}],"version-history":[{"count":0,"href":"https:\/\/moir.com.co\/web\/wp-json\/wp\/v2\/posts\/2504\/revisions"}],"wp:attachment":[{"href":"https:\/\/moir.com.co\/web\/wp-json\/wp\/v2\/media?parent=2504"}],"wp:term":[{"taxonomy":"category","embeddable":true,"href":"https:\/\/moir.com.co\/web\/wp-json\/wp\/v2\/categories?post=2504"},{"taxonomy":"post_tag","embeddable":true,"href":"https:\/\/moir.com.co\/web\/wp-json\/wp\/v2\/tags?post=2504"}],"curies":[{"name":"wp","href":"https:\/\/api.w.org\/{rel}","templated":true}]}}