{"id":2498,"date":"2008-09-04T21:47:01","date_gmt":"2008-09-04T21:47:01","guid":{"rendered":"https:\/\/moir.org.co\/web\/preparemos-el-paro-por-nuestros-derechos\/"},"modified":"2008-09-04T21:47:01","modified_gmt":"2008-09-04T21:47:01","slug":"preparemos-el-paro-por-nuestros-derechos","status":"publish","type":"post","link":"https:\/\/moir.com.co\/web\/preparemos-el-paro-por-nuestros-derechos\/","title":{"rendered":"PREPAREMOS EL PARO POR NUESTROS DERECHOS"},"content":{"rendered":"<p><b>Sindicato Nacional de Corteros de Ca\u00f1a, Sinalcorteros, Cali, septiembre 4 de 2008<\/b><\/p>\n<p>Despu\u00e9s de la exitosa Audiencia P\u00fablica del pasado 14 de Junio en Pradera, Valle, a donde asistimos m\u00e1s de ocho mil corteros de ca\u00f1a, presentamos el 14 de julio de 2008 un PLIEGO UNICO DE PETICIONES de los corteros a ASOCA\u00d1A, la asociaci\u00f3n gremial de los trece ingenios azucareros y de alcohol carburante. Al acto de presentaci\u00f3n asistieron m\u00e1s de seis mil obreros en Palmira. <\/p>\n<p>El PLIEGO contiene, en forma resumida, los siguientes puntos:<\/p>\n<p>1)    La contrataci\u00f3n directa con las empresas y estabilidad laboral, el pago de los d\u00edas perdidos por paradas de la empresa, el pago de los d\u00edas que vamos al m\u00e9dico y los tres primeros d\u00edas de incapacidad por enfermedad que no pagan las EPS;  y auxilios para educaci\u00f3n, vivienda, etc., primas de antig\u00fcedad, de vacaciones, etc.<\/p>\n<p>2)    El control efectivo al peso de la ca\u00f1a con mecanismos concertados que elimine las dudas (b\u00e1scula m\u00f3vil, etc.) y la terminaci\u00f3n del sistema global regresando al mecanismo del peso por u\u00f1adas.<\/p>\n<p>3)    Que se respete nuestro DERECHO AL TRABAJO ante la creciente mecanizaci\u00f3n del corte de ca\u00f1a.<\/p>\n<p>4)    Que las empresas, las EPS y las ARP resuelvan el problema de los m\u00e1s de 200 compa\u00f1eros que se incapacitan anualmente y que mandan a reubicar, y los de incapacidad permanente total  a quienes se les niega la pensi\u00f3n.<\/p>\n<p>5)    Un aumento salarial del 30% que compense el alt\u00edsimo costo de vida, las extenuantes jornadas de trabajo y la rudeza de las labores del corte de ca\u00f1a.<\/p>\n<p>6)    No represalia para los compa\u00f1eros que participen de esta justa y pacifica protesta. Los corteros de ca\u00f1a no somos delincuentes ni terroristas, somos trabajadores honestos que reclamamos nuestros derechos. <\/p>\n<p>Como podemos ver no es nada del otro mundo, ni peticiones que no puedan resolverse favorablemente por parte de los ingenios.<\/p>\n<p>Hasta el momento no se han dignado contestar a las organizaciones sindicales y sociales que presentamos el pliego, por lo tanto estamos haciendo los preparativos para declarar la HORA CERO ante la negativa a negociar con los trabajadores. <\/p>\n<p>Algunos ingenios est\u00e1n llamando a los representantes de las cooperativas y grupos de corteros para notificarlos que van a implementar el peso por u\u00f1adas pero sin ninguna veedur\u00eda ni control por parte de los corteros, a reubicar a los compa\u00f1eros que tienen problemas de salud y que las EPS entregaran el salario m\u00ednimo a las cooperativas para sostenerlos realizando labores diversas, etc. Lo anterior significa que han estudiado el PLIEGO DE PETICIONES  y se niegan a negociarlo, mientras ofrecen peque\u00f1as d\u00e1divas para contrarrestar el \u00e1nimo de lucha que tenemos todos los corteros para defender el pliego y conquistar mejores condiciones salariales que mitiguen nuestras precarias condiciones de vida. <\/p>\n<p>Estamos haciendo los contactos con todas las organizaciones sindicales, sociales y pol\u00edticas de la regi\u00f3n y del pa\u00eds para conseguir la m\u00e1s amplia solidaridad de todos los trabajadores organizados; vamos a defender nuestro JUSTO PLIEGO DE PETICIONES con la raz\u00f3n y la fuerza de nuestras movilizaciones. No hemos orientado manifestaci\u00f3n alguna de violencia contra instalaciones o personas. Los corteros de ca\u00f1a invitamos  a todos los trabajadores de los sindicatos de base e industria del az\u00facar y el alcohol carburante  a apoyar a quienes han dejado los mejores a\u00f1os de sus vidas para que los due\u00f1os de la industria azucarera y del etanol amasen grandes fortunas.<\/p>\n<p>COMIT\u00c9 COORDINADOR: CUT VALLE, SINALTRAINAL, SINALCORTEROS, SINTRACA\u00d1AIZUCOL, CORTEROS INDEPENDIENTES<\/p>\n","protected":false},"excerpt":{"rendered":"<p>Sindicato Nacional de Corteros de Ca\u00f1a, Sinalcorteros, Cali, septiembre 4 de 2008 Despu\u00e9s de la exitosa Audiencia P\u00fablica del pasado 14 de Junio en Pradera, Valle, a donde asistimos m\u00e1s de ocho mil corteros de ca\u00f1a, presentamos el 14 de julio de 2008 un PLIEGO UNICO DE PETICIONES de los corteros a ASOCA\u00d1A, la asociaci\u00f3n [&hellip;]<\/p>\n","protected":false},"author":1,"featured_media":0,"comment_status":"open","ping_status":"open","sticky":false,"template":"","format":"standard","meta":{"advanced_seo_description":"","jetpack_seo_html_title":"","jetpack_seo_noindex":false,"_jetpack_memberships_contains_paid_content":false,"footnotes":""},"categories":[7],"tags":[],"class_list":["post-2498","post","type-post","status-publish","format-standard","hentry","category-pronunciamientos-de-organizaciones-sociales"],"jetpack_featured_media_url":"","jetpack-related-posts":[{"id":2612,"url":"https:\/\/moir.com.co\/web\/el-paro-de-los-corteros-de-cana-senalando-el-camino\/","url_meta":{"origin":2498,"position":0},"title":"EL PARO DE LOS CORTEROS DE CA\u00d1A: SE\u00d1ALANDO EL CAMINO","author":"admin","date":"diciembre 5, 2008","format":false,"excerpt":"Gustavo Rub\u00e9n Triana Su\u00e1rez, peri\u00f3dico de la CUT, diciembre de 2008 El 15 de septiembre estall\u00f3 el paro de corteros de ca\u00f1a de mayor significaci\u00f3n en la historia de la industria azucarera del pa\u00eds. Ocho mil quinientos corteros de ocho de los trece ingenios productores de az\u00facar y etanol bloquearon\u2026","rel":"","context":"En \u00abGustavo Triana\u00bb","block_context":{"text":"Gustavo Triana","link":"https:\/\/moir.com.co\/web\/category\/bitacoras\/gustavo-triana\/"},"img":{"alt_text":"","src":"","width":0,"height":0},"classes":[]},{"id":2508,"url":"https:\/\/moir.com.co\/web\/apoyamos-el-paro-de-los-corteros-de-cana\/","url_meta":{"origin":2498,"position":1},"title":"APOYAMOS EL PARO DE LOS CORTEROS DE CA\u00d1A","author":"admin","date":"septiembre 16, 2008","format":false,"excerpt":"Declaraci\u00f3n de la bancada del Polo Democr\u00e1tico Alternativo, Bogot\u00e1, septiembre 16 de 2008 Hoy, lunes 15 de septiembre, ocho mil corteros de ca\u00f1a iniciaron un cese de actividades en los departamentos del Valle y el Cauca a fin de presionar mejor remuneraci\u00f3n y condiciones de trabajo. Los congresistas del Polo\u2026","rel":"","context":"En \u00abPolo Democr\u00e1tico Alternativo\u00bb","block_context":{"text":"Polo Democr\u00e1tico Alternativo","link":"https:\/\/moir.com.co\/web\/category\/polo-democratico-alternativo\/"},"img":{"alt_text":"","src":"","width":0,"height":0},"classes":[]},{"id":7270,"url":"https:\/\/moir.com.co\/web\/inminente-paro-de-corteros-en-el-ingenio-la-cabana\/","url_meta":{"origin":2498,"position":2},"title":"\u00a1Inminente paro de corteros en el Ingenio La Caba\u00f1a!","author":"admin","date":"febrero 19, 2013","format":false,"excerpt":"La intransigencia de la empresa y la negligencia del gobierno, obligan a los corteros de ca\u00f1a a tomar la decisi\u00f3n de parar El Ingenio La Caba\u00f1a toc\u00f3 fondo con su absurdo e ilegal proceder contra los corteros de ca\u00f1a. Desde finales del a\u00f1o pasado desat\u00f3 una abierta persecuci\u00f3n contra quienes\u2026","rel":"","context":"En \u00abPronunciamientos de Organizaciones Sociales\u00bb","block_context":{"text":"Pronunciamientos de Organizaciones Sociales","link":"https:\/\/moir.com.co\/web\/category\/pronunciamientos-de-organizaciones-sociales\/"},"img":{"alt_text":"","src":"","width":0,"height":0},"classes":[]},{"id":2563,"url":"https:\/\/moir.com.co\/web\/la-otra-colombia\/","url_meta":{"origin":2498,"position":3},"title":"La Otra Colombia","author":"admin","date":"octubre 24, 2008","format":false,"excerpt":"Ra\u00fal Zibechi, La Jornada, M\u00e9xico, octubre 24 de 2008 \u201cAlgo nuevo se est\u00e1 cocinando en el pa\u00eds\u201d, dice Alfredo Molano, periodista y soci\u00f3logo perseguido por el r\u00e9gimen uribista por decir lo que ve y vocear lo que sienten millones de colombianos para quienes los medios est\u00e1n cerrados. No lo dice\u2026","rel":"","context":"En \u00abRevista de Prensa\u00bb","block_context":{"text":"Revista de Prensa","link":"https:\/\/moir.com.co\/web\/category\/prensa\/revista-de-prensa\/"},"img":{"alt_text":"","src":"","width":0,"height":0},"classes":[]},{"id":1180,"url":"https:\/\/moir.com.co\/web\/respaldamos-el-justo-paro-de-los-corteros-en-el-ingenio-del-cauca\/","url_meta":{"origin":2498,"position":4},"title":"RESPALDAMOS EL JUSTO PARO DE LOS CORTEROS EN EL INGENIO DEL CAUCA","author":"admin","date":"mayo 17, 2005","format":false,"excerpt":"Alternativa Democr\u00e1tica, Bogot\u00e1, mayo 25 de 2005 Hoy, mi\u00e9rcoles 25 de mayo, los dos mil corteros de ca\u00f1a del Ingenio del Cauca iniciaron un cese de actividades para exigir un precio justo por el corte y para rechazar una vez m\u00e1s el sistema de contratistas en que se escuda el\u2026","rel":"","context":"Entrada similar","block_context":{"text":"Entrada similar","link":""},"img":{"alt_text":"","src":"","width":0,"height":0},"classes":[]},{"id":2506,"url":"https:\/\/moir.com.co\/web\/la-cut-respalda-paro-de-los-corteros-de-cana\/","url_meta":{"origin":2498,"position":5},"title":"LA CUT RESPALDA PARO DE LOS CORTEROS DE CA\u00d1A","author":"admin","date":"septiembre 15, 2008","format":false,"excerpt":"Central Unitaria de Trabajadores, CUT, Bogot\u00e1, septiembre 15 de 2008 Cerca de 10 mil trabajadores de siembra, campo, cosecha y f\u00e1brica al servicio de la industria azucarera de los Departamento del Valle del Cauca, Risaralda y Cauca, iniciaron un PARO indefinido de actividades, el 15 de septiembre de 2008, solicitando\u2026","rel":"","context":"En \u00abPronunciamientos de Organizaciones Sociales\u00bb","block_context":{"text":"Pronunciamientos de Organizaciones Sociales","link":"https:\/\/moir.com.co\/web\/category\/pronunciamientos-de-organizaciones-sociales\/"},"img":{"alt_text":"","src":"","width":0,"height":0},"classes":[]}],"jetpack_sharing_enabled":true,"_links":{"self":[{"href":"https:\/\/moir.com.co\/web\/wp-json\/wp\/v2\/posts\/2498","targetHints":{"allow":["GET"]}}],"collection":[{"href":"https:\/\/moir.com.co\/web\/wp-json\/wp\/v2\/posts"}],"about":[{"href":"https:\/\/moir.com.co\/web\/wp-json\/wp\/v2\/types\/post"}],"author":[{"embeddable":true,"href":"https:\/\/moir.com.co\/web\/wp-json\/wp\/v2\/users\/1"}],"replies":[{"embeddable":true,"href":"https:\/\/moir.com.co\/web\/wp-json\/wp\/v2\/comments?post=2498"}],"version-history":[{"count":0,"href":"https:\/\/moir.com.co\/web\/wp-json\/wp\/v2\/posts\/2498\/revisions"}],"wp:attachment":[{"href":"https:\/\/moir.com.co\/web\/wp-json\/wp\/v2\/media?parent=2498"}],"wp:term":[{"taxonomy":"category","embeddable":true,"href":"https:\/\/moir.com.co\/web\/wp-json\/wp\/v2\/categories?post=2498"},{"taxonomy":"post_tag","embeddable":true,"href":"https:\/\/moir.com.co\/web\/wp-json\/wp\/v2\/tags?post=2498"}],"curies":[{"name":"wp","href":"https:\/\/api.w.org\/{rel}","templated":true}]}}