{"id":2496,"date":"2008-09-04T21:18:07","date_gmt":"2008-09-04T21:18:07","guid":{"rendered":"https:\/\/moir.org.co\/web\/defendamos-el-huevo-el-pollo-y-las-gallinas-campesinas\/"},"modified":"2008-09-04T21:18:07","modified_gmt":"2008-09-04T21:18:07","slug":"defendamos-el-huevo-el-pollo-y-las-gallinas-campesinas","status":"publish","type":"post","link":"https:\/\/moir.com.co\/web\/defendamos-el-huevo-el-pollo-y-las-gallinas-campesinas\/","title":{"rendered":"DEFENDAMOS EL HUEVO, EL POLLO Y LAS GALLINAS CAMPESINAS"},"content":{"rendered":"<p><b>Oscar Guti\u00e9rrez Reyes, Manizales, septiembre 4 de 2008<\/b>   <\/p>\n<p>Aplicando de manera anticipada las pol\u00edticas acordadas con los Estados Unidos en el Tratado de Libre Comercio -TLC-, aun sujeto a ratificaci\u00f3n del Congreso Norteamericano, el gobierno de Colombia, a trav\u00e9s de los Ministerios de Protecci\u00f3n Social y de Agricultura,  acaba de expedir la Resoluci\u00f3n 4287 del 21 de noviembre de 2007 del Instituto Nacional de Vigilancia de Medicamentos y Alimentos -INVIMA- \u201cPor la cual se establece el reglamento t\u00e9cnico sobre los requisitos sanitarios y de inocuidad de la carne y productos c\u00e1rnicos comestibles de las aves de corral destinadas para el consumo humano y las disposiciones para su beneficio, desprese, almacenamiento, transporte, comercializaci\u00f3n, expendio, importaci\u00f3n o exportaci\u00f3n\u201d, y la Resoluci\u00f3n N\u00famero 000957 del 2 de abril de 2008 del Instituto Colombiano Agropecuario  -ICA- \u201cPor la cual se norman las medidas de Bioseguridad en las granjas av\u00edcolas comerciales y granjas av\u00edcolas de autoconsumo en el Territorio Nacional\u201d. <\/p>\n<p>Ambas resoluciones propenden la eliminaci\u00f3n de miles de productores y comercializadores que hoy integran la cadena av\u00edcola popular: peque\u00f1os y medianos productores campesinos de huevo, pollo y gallinas, comercializadores y almacenes que, a lo largo y ancho del pa\u00eds, comercian tanto los pollitos como el cuido, la droga veterinaria y los elementos necesarios para la cr\u00eda y beneficio de los productos de la cadena av\u00edcola popular. <\/p>\n<p>Una lectura de las normas y un an\u00e1lisis de las condiciones en que hoy produce la avicultura popular deja ver con claridad que las resoluciones, en lugar de propiciar el mejoramiento en los sistemas de producci\u00f3n y comercializaci\u00f3n de las aves y el huevo, lo que pretende es la eliminaci\u00f3n de la producci\u00f3n campesina por efecto de que las normas son de tal tenor que su aplicaci\u00f3n es imposible para quienes hoy abastecen en un 30%, el mercado nacional de estos preciados alimentos.<\/p>\n<p>Tambi\u00e9n es claro que las normas est\u00e1n destinadas al fortalecimiento de los monopolios que producen y comercializan el huevo y el pollo, pues las resoluciones no diferencian entre el  peque\u00f1o y el gran productor, desconociendo las realidades econ\u00f3micas en las que miles de productores de pollo campesino desarrollan su labor.<\/p>\n<p>La resoluci\u00f3n  0957 del ICA, proh\u00edbe el transporte de aves muertas, lo que significa que la labor de beneficio del pollo, que hoy se realiza en las fincas, no se pueda realizar. Los campesinos tendr\u00edan que vender o transportar sus pollos, una vez engordados, a las plantas de beneficio. Esto ser\u00eda matar la actividad de los peque\u00f1os productores que logran sus pocas utilidades tanto del engorde como del beneficio de los animales. <\/p>\n<p>Alguien podr\u00eda pensar que para conservar esa parte del negocio -el beneficio del pollo- deber\u00edan cumplir con las medidas contenidas en la resoluci\u00f3n 4287 del Invima. Pero, el cumplimiento de las normas es pr\u00e1cticamente imposible para peque\u00f1os y medianos productores, e incluso para algunos grandes, por las condiciones que esa resoluci\u00f3n exige. En primer lugar, la localizaci\u00f3n de la planta \u2013que debe estar acorde con los usos del suelo-, adem\u00e1s de los accesos, el dise\u00f1o y la construcci\u00f3n exigida para poder beneficiar los pollos, los sistemas de drenajes y dem\u00e1s instalaciones sanitarias \u2013incluida agua potable y garant\u00eda de electricidad para el proceso de fr\u00edo-. Tambi\u00e9n establecer la obligatoriedad de uso de sistemas de ventilaci\u00f3n, control integrado de plagas, manejo de residuos l\u00edquidos y s\u00f3lidos, -exigentes operaciones sanitarias- capacitaci\u00f3n especial para el personal manipulador del proceso productivo y muchos requisitos m\u00e1s, imposibles de cumplir por parte de los campesinos. Pero, y para completar el cuadro, se les exige el transporte del pollo, una vez beneficiado, en carros refrigerados. Y para los comercializadores, las exigencias son parecidas. La norma del ICA llega a tal absurdo que se proh\u00edbe la crianza o tenencia de m\u00e1s de una especie. Si va a engordar pollos solo puede engordar pollos. Si va a tener gallinas ponedoras, solo puede tener gallinas ponedoras. No puede tener adem\u00e1s, ni loros, ni p\u00e1jaros, ni gallos de pelea, ni ninguna otra especie de aves.<\/p>\n<p>Ante estas pol\u00edticas contra el agro nacional, miles de productores se est\u00e1n organizando para exigir la derogatoria de las resoluciones, con la comprensi\u00f3n de que \u00e9stas no s\u00f3lo aspiran a beneficiar a los grandes monopolios nacionales, sino que buscan crear un mercado para los llamados \u201ccuartos traseros del pollo\u201d que aspiran a vender los monopolios que producen y comercializan el pollo en los Estados Unidos, tal y como est\u00e1 acordado en el TLC.  <\/p>\n<p>El mercado que quieren los monopolios norteamericanos es el que hoy atienden nuestros campesinos y dem\u00e1s productores nacionales. Parece que la toma del mercado, empezar\u00e1 por arruinar a los productores de huevo, pollo y gallinas campesinas. La aplicaci\u00f3n a rajatabla de las normas sanitarias contempladas en el TLC y en las resoluciones del INVIMA y el ICA son el comienzo. Es un deber de todos los dem\u00f3cratas y patriotas defender el huevo, pollo y gallinas de los campesinos.<\/p>\n<p>Comit\u00e9 por la defensa del huevo, el pollo y las gallinas campesinas de Caldas<\/p>\n","protected":false},"excerpt":{"rendered":"<p>Oscar Guti\u00e9rrez Reyes, Manizales, septiembre 4 de 2008 Aplicando de manera anticipada las pol\u00edticas acordadas con los Estados Unidos en el Tratado de Libre Comercio -TLC-, aun sujeto a ratificaci\u00f3n del Congreso Norteamericano, el gobierno de Colombia, a trav\u00e9s de los Ministerios de Protecci\u00f3n Social y de Agricultura, acaba de expedir la Resoluci\u00f3n 4287 del [&hellip;]<\/p>\n","protected":false},"author":1,"featured_media":0,"comment_status":"open","ping_status":"open","sticky":false,"template":"","format":"standard","meta":{"advanced_seo_description":"","jetpack_seo_html_title":"","jetpack_seo_noindex":false,"_jetpack_memberships_contains_paid_content":false,"footnotes":""},"categories":[7],"tags":[],"class_list":["post-2496","post","type-post","status-publish","format-standard","hentry","category-pronunciamientos-de-organizaciones-sociales"],"jetpack_featured_media_url":"","jetpack-related-posts":[{"id":2920,"url":"https:\/\/moir.com.co\/web\/xiv-desviaciones-en-el-problema-de-la-naturaleza-de-la-cultura\/","url_meta":{"origin":2496,"position":0},"title":"XIV. DESVIACIONES EN EL PROBLEMA DE LA NATURALEZA DE LA CULTURA","author":"admin","date":"abril 1, 2009","format":false,"excerpt":"Todo lo nuevo se forja a trav\u00e9s de una lucha dura y tenaz. As\u00ed ha ocurrido con la nueva cultura, que en los \u00faltimos veinte a\u00f1os ha experimentado tres virajes, describiendo una zeta; de este modo tanto lo bueno como lo malo ha sido probado y puesto en evidencia. Igual\u2026","rel":"","context":"Entrada similar","block_context":{"text":"Entrada similar","link":""},"img":{"alt_text":"","src":"","width":0,"height":0},"classes":[]},{"id":4119,"url":"https:\/\/moir.com.co\/web\/marcha-contra-la-emergencia-social-en-cali\/","url_meta":{"origin":2496,"position":1},"title":"Marcha contra la Emergencia Social en Cali","author":"admin","date":"febrero 18, 2010","format":false,"excerpt":"","rel":"","context":"En \u00abVideos\u00bb","block_context":{"text":"Videos","link":"https:\/\/moir.com.co\/web\/category\/multimedia\/videos\/"},"img":{"alt_text":"","src":"","width":0,"height":0},"classes":[]},{"id":6557,"url":"https:\/\/moir.com.co\/web\/bogota-humana-los-altos-costos-sociales-economicos-y-fiscales-de-una-quimera\/","url_meta":{"origin":2496,"position":2},"title":"Bogot\u00e1 Humana: Los altos costos sociales, econ\u00f3micos y fiscales de una quimera","author":"admin","date":"mayo 24, 2012","format":false,"excerpt":"Este documento devela los puntos m\u00e1s contenciosos del plan de desarrollo Bogot\u00e1 Humana, con el fin de participar en el debate ciudadano y alertar que se est\u00e1n colocando en riesgo los acumulados de ciudad en materias estrat\u00e9gicas como lo social, la movilidad y la sostenibilidad de las finanzas con lo\u2026","rel":"","context":"En \u00abPolo Democr\u00e1tico Alternativo\u00bb","block_context":{"text":"Polo Democr\u00e1tico Alternativo","link":"https:\/\/moir.com.co\/web\/category\/polo-democratico-alternativo\/"},"img":{"alt_text":"","src":"","width":0,"height":0},"classes":[]},{"id":7810,"url":"https:\/\/moir.com.co\/web\/comunicado-de-la-cut-se-prepara-la-movilizacion-social-y-nacional\/","url_meta":{"origin":2496,"position":3},"title":"Comunicado de la CUT: Se prepara la movilizaci\u00f3n social y nacional","author":"admin","date":"agosto 11, 2013","format":false,"excerpt":"Por convocatoria del Nuevo Comit\u00e9 Ejecutivo de la CUT Nacional, nos reunimos en la Sede nacional de esta Central 30 organizaciones entre sindicales, sociales y pol\u00edticas con el objetivo de unificar criterios y acciones que nos permitan preparar y desarrollar la jornada nacional de lucha del 19 de agosto del\u2026","rel":"","context":"En \u00abPronunciamientos de Organizaciones Sociales\u00bb","block_context":{"text":"Pronunciamientos de Organizaciones Sociales","link":"https:\/\/moir.com.co\/web\/category\/pronunciamientos-de-organizaciones-sociales\/"},"img":{"alt_text":"","src":"","width":0,"height":0},"classes":[]},{"id":1895,"url":"https:\/\/moir.com.co\/web\/que-cese-la-conspiracion-neoliberal-contra-el-seguro-social\/","url_meta":{"origin":2496,"position":4},"title":"\u00a1QUE CESE LA CONSPIRACI\u00d3N NEOLIBERAL CONTRA EL SEGURO SOCIAL!","author":"admin","date":"marzo 22, 2007","format":false,"excerpt":"Gran Coalici\u00f3n Democr\u00e1tica, Bogot\u00e1, marzo 22 de 2007 Desde cuando el Banco Mundial impuso el neoliberalismo en Colombia, una de las cruzadas, sin soluci\u00f3n de continuidad durante m\u00e1s de 15 a\u00f1os, ha sido la emprendida contra el Seguro Social. \u00c1lvaro Uribe V\u00e9lez ha jugado un papel protag\u00f3nico en esa iniciativa\u00a0\u2026","rel":"","context":"En \u00abPronunciamientos de Organizaciones Sociales\u00bb","block_context":{"text":"Pronunciamientos de Organizaciones Sociales","link":"https:\/\/moir.com.co\/web\/category\/pronunciamientos-de-organizaciones-sociales\/"},"img":{"alt_text":"","src":"","width":0,"height":0},"classes":[]},{"id":4120,"url":"https:\/\/moir.com.co\/web\/marcha-en-contra-de-los-decretos-de-emergencia-social-medellin\/","url_meta":{"origin":2496,"position":5},"title":"Marcha en contra de los decretos de Emergencia Social, Medell\u00edn","author":"admin","date":"febrero 18, 2010","format":false,"excerpt":"","rel":"","context":"En \u00abVideos\u00bb","block_context":{"text":"Videos","link":"https:\/\/moir.com.co\/web\/category\/multimedia\/videos\/"},"img":{"alt_text":"","src":"","width":0,"height":0},"classes":[]}],"jetpack_sharing_enabled":true,"_links":{"self":[{"href":"https:\/\/moir.com.co\/web\/wp-json\/wp\/v2\/posts\/2496","targetHints":{"allow":["GET"]}}],"collection":[{"href":"https:\/\/moir.com.co\/web\/wp-json\/wp\/v2\/posts"}],"about":[{"href":"https:\/\/moir.com.co\/web\/wp-json\/wp\/v2\/types\/post"}],"author":[{"embeddable":true,"href":"https:\/\/moir.com.co\/web\/wp-json\/wp\/v2\/users\/1"}],"replies":[{"embeddable":true,"href":"https:\/\/moir.com.co\/web\/wp-json\/wp\/v2\/comments?post=2496"}],"version-history":[{"count":0,"href":"https:\/\/moir.com.co\/web\/wp-json\/wp\/v2\/posts\/2496\/revisions"}],"wp:attachment":[{"href":"https:\/\/moir.com.co\/web\/wp-json\/wp\/v2\/media?parent=2496"}],"wp:term":[{"taxonomy":"category","embeddable":true,"href":"https:\/\/moir.com.co\/web\/wp-json\/wp\/v2\/categories?post=2496"},{"taxonomy":"post_tag","embeddable":true,"href":"https:\/\/moir.com.co\/web\/wp-json\/wp\/v2\/tags?post=2496"}],"curies":[{"name":"wp","href":"https:\/\/api.w.org\/{rel}","templated":true}]}}