{"id":2495,"date":"2008-09-04T09:09:38","date_gmt":"2008-09-04T09:09:38","guid":{"rendered":"https:\/\/moir.org.co\/web\/llamamiento-a-la-defensa-de-la-universidad-de-pamplona\/"},"modified":"2008-09-04T09:09:38","modified_gmt":"2008-09-04T09:09:38","slug":"llamamiento-a-la-defensa-de-la-universidad-de-pamplona","status":"publish","type":"post","link":"https:\/\/moir.com.co\/web\/llamamiento-a-la-defensa-de-la-universidad-de-pamplona\/","title":{"rendered":"LLAMAMIENTO A LA DEFENSA DE LA UNIVERSIDAD DE PAMPLONA"},"content":{"rendered":"<p><b>Movimiento por la Salvaci\u00f3n de la Universidad de Pamplona, 2 de septiembre 2008<\/b><\/p>\n<p>La Universidad de Pamplona est\u00e1 atravesando por un periodo de crisis generalizada, producto de los m\u00faltiples problemas que han venido acumul\u00e1ndose durante los \u00faltimos a\u00f1os y cuyo origen se encuentra en por lo menos los siguientes aspectos:<\/p>\n<p>1. La apertura econ\u00f3mica y las privatizaciones caracter\u00edsticas del modelo econ\u00f3mico impuesto por los diferentes gobiernos desde la d\u00e9cada de los noventa, ha implicado para la universidad p\u00fablica colombiana el proceso de mercantilizaci\u00f3n de la educaci\u00f3n superior, lo cual ha significado el abandono de su vocaci\u00f3n acad\u00e9mica y de formaci\u00f3n  profesional para dar paso a su privatizaci\u00f3n, orientando  sus esfuerzos hacia el autofinanciamiento (alto costo de matriculas, consecuci\u00f3n de contratos, privatizaci\u00f3n de servicios y reducci\u00f3n del bienestar universitario) y hacia la aplicaci\u00f3n en grado m\u00e1ximo de la racionalidad econ\u00f3mica: la educaci\u00f3n deja de ser un derecho y se convierte en negocio que produce un servicio (educaci\u00f3n) con el mas bajo costo (disminuci\u00f3n de los periodos acad\u00e9micos al extremo y contratos de cuatro meses para profesores ocasionales y c\u00e1tedra)  buscando la m\u00e1xima utilidad y ofreciendo la m\u00ednima calidad acad\u00e9mica.<\/p>\n<p>2. A la Universidad de Pamplona, a fines de 1998, accidentalmente y por fuera del Estatuto Org\u00e1nico de la Universidad lleg\u00f3 un rector quien agenci\u00f3 un proceso para poner en marcha la &#8220;nueva&#8221; visi\u00f3n, concentrando en su persona todo el poder y todas las decisiones (no se mov\u00eda una sola hoja en los \u00e1rboles, sin que \u00e9l lo autorizara).  La reforma continua de los estatutos, adapt\u00e1ndolos a sus necesidades personales le sirvi\u00f3 para imponer su concepci\u00f3n personalista y autoritaria de la autonom\u00eda universitaria, generando un proceso de crecimiento sin ninguna planificaci\u00f3n; las responsabilidades  acad\u00e9micas se asignaban, no con criterios de calidad sino de clientelismo, amiguismo y de sometimiento total a su autoridad. La politiquer\u00eda se adue\u00f1\u00f3 de la U y el rector se convirti\u00f3 en una fuerza electoral importante en la regi\u00f3n. Debilit\u00f3 las organizaciones gremiales de profesores y estudiantes mediante la represi\u00f3n generalizada e instaur\u00f3 practicas antidemocr\u00e1ticas en la elecci\u00f3n de representantes de profesores, egresados y estudiantes a los organismos de decisi\u00f3n: Consejo Superior (Estudiante representante vitalicio), Consejo Acad\u00e9mico e instaur\u00f3 un nuevo organismo, el Consejo de Gobierno, quien realmente legaliza las decisiones personales del rector, tanto en lo acad\u00e9mico, lo administrativo, como en el manejo de los recursos.<\/p>\n<p>3. Esa estructura de poder (en las palabras del ex-rector Gonz\u00e1lez, no pod\u00eda sal\u00edrsele de las manos), y por eso hered\u00f3 la rector\u00eda al m\u00e9dico Pedro Le\u00f3n Pe\u00f1aranda a finales del segundo semestre de 2007. El plan era perfecto, la U deber\u00eda seguir con m\u00e1s de lo mismo, pero no contaban con los apetitos de poder que exist\u00edan en la antigua cohorte, ni tampoco con los intereses personales del nuevo rector y como dice el refr\u00e1n &#8220;a rey muerto, rey puesto&#8221;; las contradicciones entre ellos salieron a flote: son muchos los intereses (burocracia, contratos, salidas al exterior, entre otros) y en la U estall\u00f3 una crisis que debe servir para superar sus graves problemas.<\/p>\n<p>4. El auge de la sede de Pamplona dispar\u00f3 el crecimiento de la ciudad provocando un gran aumento en la construcci\u00f3n, el comercio, los servicios de alimentaci\u00f3n, las salas de internet, los negocios dedicados a la recreaci\u00f3n, el transporte y otros sectores, que ahora se ven amenazados por la disminuci\u00f3n en el n\u00famero de estudiantes en esta sede.<\/p>\n<p>\u00bfQu\u00e9 debemos hacer?<\/p>\n<p>Los estudiantes, profesores, trabajadores, due\u00f1os de negocios, transportadores, amas de casa y en fin toda la comunidad, debemos recuperar la universidad p\u00fablica, con calidad y democracia; para lo cual proponemos los siguientes puntos:<\/p>\n<p>1. La elecci\u00f3n democr\u00e1tica del rector de la Universidad mediante voto universal y secreto de cada uno de los integrantes de la comunidad  universitaria, estableciendo previamente los requisitos \u00e9ticos, acad\u00e9micos, experiencia en administraci\u00f3n universitaria y presentaci\u00f3n de programas para la U.<\/p>\n<p>2. Recuperaci\u00f3n de la democracia perdida y vigencia de la autonom\u00eda universitaria como expresi\u00f3n de la comunidad universitaria y no de grupo.<\/p>\n<p>3. Puesta en marcha de procesos para lograr la calidad acad\u00e9mica.<\/p>\n<p>4. Reconversi\u00f3n de la universidad en un ente p\u00fablico que permita el acceso a los sectores mas desprotegidos mediante tablas de matriculas que los beneficien.<\/p>\n<p>5. La ciudad tiene el derecho a decidir sobre el futuro de la universidad a partir de la discusi\u00f3n de las diversas alternativas y con la  participaci\u00f3n de todas las expresiones: Estudiantes, profesores, comerciantes, partidos pol\u00edticos, organizaciones sociales, sector educativo, la Iglesia y las amas de casa, para lo cual proponemos programar un foro de discusi\u00f3n.<\/p>\n<p>MOVIMIENTO POR LA SALVACION DE LA UNIVERSIDAD DE PAMPLONA:<br \/>\nAsociaci\u00f3n Sindical De Profesores Universitarios &#8220;ASPU&#8221;<br \/>\nCentral Unitaria de Trabajadores &#8220;CUT&#8221; Norte de Santander<br \/>\nAlianza Estudiantil Universitaria &#8220;AEU&#8221;<br \/>\nFederaci\u00f3n De Estudiantes Universitarios &#8220;FEU&#8221;<br \/>\nOrganizaci\u00f3n Colombiana De Estudiantes &#8220;OCE&#8221;<br \/>\nCorpoendogena<br \/>\nCorporaci\u00f3n Futuro Colombia<br \/>\nCentro de Estudios Sociales, Pol\u00edticos y Econ\u00f3micos de la Provincia de Pamplona &#8220;CESPEPP&#8221;<br \/>\nPolo Democr\u00e1tico Alternativo<\/p>\n","protected":false},"excerpt":{"rendered":"<p>Movimiento por la Salvaci\u00f3n de la Universidad de Pamplona, 2 de septiembre 2008 La Universidad de Pamplona est\u00e1 atravesando por un periodo de crisis generalizada, producto de los m\u00faltiples problemas que han venido acumul\u00e1ndose durante los \u00faltimos a\u00f1os y cuyo origen se encuentra en por lo menos los siguientes aspectos: 1. La apertura econ\u00f3mica y [&hellip;]<\/p>\n","protected":false},"author":1,"featured_media":0,"comment_status":"open","ping_status":"open","sticky":false,"template":"","format":"standard","meta":{"advanced_seo_description":"","jetpack_seo_html_title":"","jetpack_seo_noindex":false,"_jetpack_memberships_contains_paid_content":false,"footnotes":""},"categories":[7],"tags":[],"class_list":["post-2495","post","type-post","status-publish","format-standard","hentry","category-pronunciamientos-de-organizaciones-sociales"],"jetpack_featured_media_url":"","jetpack-related-posts":[{"id":2598,"url":"https:\/\/moir.com.co\/web\/carta-a-la-ministra-de-educacion-sobre-la-universidad-de-pamplona\/","url_meta":{"origin":2495,"position":0},"title":"CARTA A LA MINISTRA DE EDUCACI\u00d3N SOBRE LA UNIVERSIDAD DE PAMPLONA","author":"admin","date":"noviembre 21, 2008","format":false,"excerpt":"Bogot\u00e1, 21 de noviembre de 2008 Doctora CECILIA MAR\u00cdA V\u00c9LEZ WHITE Ministra de Educaci\u00f3n Nacional Referencia: M\u00e1s problemas en la Universidad de Pamplona. Atento saludo. El pasado 6 de noviembre, en sesi\u00f3n del Concejo de Pamplona, distintos estamentos sociales de Norte de Santander manifestaron su desacuerdo con la situaci\u00f3n econ\u00f3mica\u2026","rel":"","context":"En \u00abJorge Enrique Robledo\u00bb","block_context":{"text":"Jorge Enrique Robledo","link":"https:\/\/moir.com.co\/web\/category\/jorge-enrique-robledo\/"},"img":{"alt_text":"","src":"","width":0,"height":0},"classes":[]},{"id":13498,"url":"https:\/\/moir.com.co\/web\/la-universidad-de-pamplona-es-ejemplo-de-como-no-hacer-politica-educativa-robledo\/","url_meta":{"origin":2495,"position":1},"title":"\u201cLa Universidad de Pamplona es ejemplo de c\u00f3mo no hacer pol\u00edtica educativa\u201d: Robledo","author":"admin","date":"octubre 12, 2017","format":false,"excerpt":"Oficina de prensa del senador Jorge Enrique Robledo, Bogot\u00e1, octubre 11 de 2017 A prop\u00f3sito del paro que adelanta la comunidad acad\u00e9mica de la Universidad de Pamplona en Norte de Santander y de la jornada nacional de movilizaci\u00f3n del sector educativo que se lleva a cabo hoy 12 de octubre,\u2026","rel":"","context":"En \u00abEconom\u00eda\u00bb","block_context":{"text":"Econom\u00eda","link":"https:\/\/moir.com.co\/web\/category\/temas\/economia\/"},"img":{"alt_text":"","src":"https:\/\/i0.wp.com\/moir.com.co\/web\/wp-content\/uploads\/2017\/10\/unipamplonamovilizacion.png?fit=768%2C311&ssl=1&resize=350%2C200","width":350,"height":200,"srcset":"https:\/\/i0.wp.com\/moir.com.co\/web\/wp-content\/uploads\/2017\/10\/unipamplonamovilizacion.png?fit=768%2C311&ssl=1&resize=350%2C200 1x, https:\/\/i0.wp.com\/moir.com.co\/web\/wp-content\/uploads\/2017\/10\/unipamplonamovilizacion.png?fit=768%2C311&ssl=1&resize=525%2C300 1.5x, https:\/\/i0.wp.com\/moir.com.co\/web\/wp-content\/uploads\/2017\/10\/unipamplonamovilizacion.png?fit=768%2C311&ssl=1&resize=700%2C400 2x"},"classes":[]},{"id":1867,"url":"https:\/\/moir.com.co\/web\/por-una-universidad-de-pamplona-realmente-publica-democratica-y-al-servicio-de-todos\/","url_meta":{"origin":2495,"position":2},"title":"POR UNA UNIVERSIDAD DE PAMPLONA REALMENTE P\u00daBLICA, DEMOCR\u00c1TICA Y AL SERVICIO DE TODOS","author":"admin","date":"febrero 20, 2007","format":false,"excerpt":"Organizaci\u00f3n Colombiana de Estudiantes, OCE PROPUESTA DE TRABAJO 2007 Compa\u00f1eras y compa\u00f1eros estudiantes: la OCE les brinda un fraterno saludo de bienvenida a nuestra universidad y al municipio de Pamplona, para quienes vienen de otras regiones del pa\u00eds. Los invita asimismo a que reflexionen sobre la p\u00e9sima situaci\u00f3n de nuestro\u2026","rel":"","context":"En \u00abJuventud Patri\u00f3tica\u00bb","block_context":{"text":"Juventud Patri\u00f3tica","link":"https:\/\/moir.com.co\/web\/category\/juventud-patriotica\/"},"img":{"alt_text":"","src":"","width":0,"height":0},"classes":[]},{"id":1515,"url":"https:\/\/moir.com.co\/web\/exigimos-respeto-a-la-vida-de-los-dirigentes-estudiantiles\/","url_meta":{"origin":2495,"position":3},"title":"\u201cEXIGIMOS RESPETO A LA VIDA DE LOS DIRIGENTES ESTUDIANTILES\u201d","author":"admin","date":"octubre 8, 2006","format":false,"excerpt":"OCE Pamplona, octubre 5 de 2006El imperialismo norteamericano devora al pa\u00eds con el benepl\u00e1cito del gobierno, en una actitud servil de Uribe y el uribismo ante los intereses de los m\u00e1s poderosos; mientras el presidente y la oligarqu\u00eda vende-patria se regocijan por los supuestos \u00e9xitos en las \u201cnegociaciones del TLC\u201d\u2026","rel":"","context":"En \u00abJuventud Patri\u00f3tica\u00bb","block_context":{"text":"Juventud Patri\u00f3tica","link":"https:\/\/moir.com.co\/web\/category\/juventud-patriotica\/"},"img":{"alt_text":"","src":"","width":0,"height":0},"classes":[]},{"id":5943,"url":"https:\/\/moir.com.co\/web\/a-no-seguir-reprimiendo-justos-reclamos-de-ciudadania-llama-robledo-al-gobierno\/","url_meta":{"origin":2495,"position":4},"title":"A no seguir reprimiendo justos reclamos de ciudadan\u00eda, llama Robledo al gobierno","author":"admin","date":"septiembre 20, 2011","format":false,"excerpt":"Al iniciar su debate sobre tierras en la Comisi\u00f3n Quinta de la c\u00e1mara alta, el senador Jorge Enrique Robledo llam\u00f3 al gobierno a no reprimir m\u00e1s los justos reclamos de los colombianos. \u201cMuy malo el estilo santista de usar la fuerza contra los que protestan\u201d, asever\u00f3. El senador del Polo\u2026","rel":"","context":"En \u00abJorge Enrique Robledo\u00bb","block_context":{"text":"Jorge Enrique Robledo","link":"https:\/\/moir.com.co\/web\/category\/jorge-enrique-robledo\/"},"img":{"alt_text":"","src":"","width":0,"height":0},"classes":[]},{"id":4255,"url":"https:\/\/moir.com.co\/web\/aspu-imprescindible-aliado\/","url_meta":{"origin":2495,"position":5},"title":"ASPU: Imprescindible Aliado","author":"admin","date":"abril 6, 2010","format":false,"excerpt":"Sea este el momento oportuno para saludar efusivamente a ASPU, asociaci\u00f3n insigne de los profesores universitarios que, desde su nacimiento en la Universidad Nacional, y reconocida legalmente en el a\u00f1o de 1966, ha propugnado con vehemencia, al igual que nosotros, por los principios consignados en el Manifiesto de C\u00f3rdoba, ampliados,\u2026","rel":"","context":"Entrada similar","block_context":{"text":"Entrada similar","link":""},"img":{"alt_text":"","src":"","width":0,"height":0},"classes":[]}],"jetpack_sharing_enabled":true,"_links":{"self":[{"href":"https:\/\/moir.com.co\/web\/wp-json\/wp\/v2\/posts\/2495","targetHints":{"allow":["GET"]}}],"collection":[{"href":"https:\/\/moir.com.co\/web\/wp-json\/wp\/v2\/posts"}],"about":[{"href":"https:\/\/moir.com.co\/web\/wp-json\/wp\/v2\/types\/post"}],"author":[{"embeddable":true,"href":"https:\/\/moir.com.co\/web\/wp-json\/wp\/v2\/users\/1"}],"replies":[{"embeddable":true,"href":"https:\/\/moir.com.co\/web\/wp-json\/wp\/v2\/comments?post=2495"}],"version-history":[{"count":0,"href":"https:\/\/moir.com.co\/web\/wp-json\/wp\/v2\/posts\/2495\/revisions"}],"wp:attachment":[{"href":"https:\/\/moir.com.co\/web\/wp-json\/wp\/v2\/media?parent=2495"}],"wp:term":[{"taxonomy":"category","embeddable":true,"href":"https:\/\/moir.com.co\/web\/wp-json\/wp\/v2\/categories?post=2495"},{"taxonomy":"post_tag","embeddable":true,"href":"https:\/\/moir.com.co\/web\/wp-json\/wp\/v2\/tags?post=2495"}],"curies":[{"name":"wp","href":"https:\/\/api.w.org\/{rel}","templated":true}]}}