{"id":2491,"date":"2008-09-02T18:10:55","date_gmt":"2008-09-02T18:10:55","guid":{"rendered":"https:\/\/moir.org.co\/web\/el-acuerdo-cafetero-es-insuficiente-y-enganoso\/"},"modified":"2008-09-02T18:10:55","modified_gmt":"2008-09-02T18:10:55","slug":"el-acuerdo-cafetero-es-insuficiente-y-enganoso","status":"publish","type":"post","link":"https:\/\/moir.com.co\/web\/el-acuerdo-cafetero-es-insuficiente-y-enganoso\/","title":{"rendered":"El ACUERDO CAFETERO ES INSUFICIENTE Y ENGA\u00d1OSO"},"content":{"rendered":"<p><b>Unidad Cafetera, Bogot\u00e1, septiembre 2 de 2008<\/b><\/p>\n<p>A pesar del despliegue que se le quiere dar al anuncio de que \u201chabr\u00e1 1,4 billones de pesos\u201d para los caficultores en los pr\u00f3ximos cuatro a\u00f1os, el contenido del Acuerdo entre el Gobierno y la Federaci\u00f3n de Cafeteros evidencia que no consulta los intereses b\u00e1sicos ni las m\u00e1s sentidas necesidades de los 550.000 productores minifundistas.       <\/p>\n<p>Fijar como precio m\u00ednimo de compra la suma de $474.000 por carga, que apenas cubra los costos de producci\u00f3n, es privar, en particular a los cafeteros de menores recursos, de un m\u00ednimo margen de ganancia y de ahorro con lo cual no se permite ninguna recuperaci\u00f3n de su poder adquisitivo \u2013 ya bastante mermado- y se  coloca su subsistencia en grave riesgo. \u00a1Qu\u00e9 distinto es el trato que se da a otras ramas de la econom\u00eda a las cuales se les garantiza hasta la tasa de usura!<\/p>\n<p>As\u00ed mismo, el \u201cAcuerdo\u201d no dice nada sobre los 25.000 cafeteros que est\u00e1n a punto de perder sus predios por no poder pagar sus deudas con el programa PRAN CAFETERO ni tampoco sobre el control del precio de los insumos el que se ha constituido en la peor plaga que hoy ataca a la industria del caf\u00e9 de Colombia. <\/p>\n<p>Lo m\u00e1s grave es que el verdadero aporte del Gobierno es exiguo, en tanto el grueso de los recursos vendr\u00e1 de la \u201ccontribuci\u00f3n cafetera\u201d que es un aporte parafiscal salido de los bolsillos de los propios cafeteros. <\/p>\n<p>Para que estos puntos expuestos sean tenidos en cuenta, en los pr\u00f3ximos d\u00edas se le har\u00e1 llegar al Presidente de las Rep\u00fablica una comunicaci\u00f3n al respecto con el respaldo de 50.000 firmas de caficultores de todo el pa\u00eds. <\/p>\n<p>Aurelio Su\u00e1rez Montoya<br \/>\nPresidente <\/p>\n","protected":false},"excerpt":{"rendered":"<p>Unidad Cafetera, Bogot\u00e1, septiembre 2 de 2008 A pesar del despliegue que se le quiere dar al anuncio de que \u201chabr\u00e1 1,4 billones de pesos\u201d para los caficultores en los pr\u00f3ximos cuatro a\u00f1os, el contenido del Acuerdo entre el Gobierno y la Federaci\u00f3n de Cafeteros evidencia que no consulta los intereses b\u00e1sicos ni las m\u00e1s [&hellip;]<\/p>\n","protected":false},"author":1,"featured_media":0,"comment_status":"open","ping_status":"open","sticky":false,"template":"","format":"standard","meta":{"advanced_seo_description":"","jetpack_seo_html_title":"","jetpack_seo_noindex":false,"_jetpack_memberships_contains_paid_content":false,"footnotes":""},"categories":[7],"tags":[],"class_list":["post-2491","post","type-post","status-publish","format-standard","hentry","category-pronunciamientos-de-organizaciones-sociales"],"jetpack_featured_media_url":"","jetpack-related-posts":[{"id":7025,"url":"https:\/\/moir.com.co\/web\/pacto-de-congresistas-del-huila-con-el-gobierno-nacional-no-cobija-al-movimiento-por-la-defensa-y-la-dignidad-de-los-cafeteros-colombianos\/","url_meta":{"origin":2491,"position":0},"title":"Pacto de congresistas del Huila, con el gobierno nacional,  no cobija al Movimiento por la defensa y la dignidad de los Cafeteros Colombianos","author":"admin","date":"noviembre 23, 2012","format":false,"excerpt":"Se est\u00e1 difundiendo la noticia de que el gobierno nacional \u2013 y solo hasta el 31 de enero de 2013- garantizar\u00e1 un precio de $60 mil pesos por arroba de caf\u00e9 pergamino, un apoyo de apenas $2 mil 500 pesos por arroba a precios de hoy, y abrir\u00e1 una mesa\u2026","rel":"","context":"En \u00abPronunciamientos de Organizaciones Sociales\u00bb","block_context":{"text":"Pronunciamientos de Organizaciones Sociales","link":"https:\/\/moir.com.co\/web\/category\/pronunciamientos-de-organizaciones-sociales\/"},"img":{"alt_text":"","src":"","width":0,"height":0},"classes":[]},{"id":9517,"url":"https:\/\/moir.com.co\/web\/por-un-fondo-de-estabilizacion-del-precio-cafeteros-se-movilizaran-el-24-de-agosto\/","url_meta":{"origin":2491,"position":1},"title":"Por un Fondo de Estabilizaci\u00f3n del Precio, Cafeteros se movilizar\u00e1n el 24 de agosto","author":"admin","date":"julio 16, 2015","format":false,"excerpt":"Los dirigentes de Dignidad Cafetera Nacional reunidos en Pereira hoy, 15 de julio de 2015, despu\u00e9s de analizar la grave situaci\u00f3n que se presenta por la inestabilidad en el precio del grano pero, sobre todo, porque el precio de venta del caf\u00e9 escasamente recoge los costos de producci\u00f3n y cuando\u2026","rel":"","context":"En \u00abPronunciamientos de Organizaciones Sociales\u00bb","block_context":{"text":"Pronunciamientos de Organizaciones Sociales","link":"https:\/\/moir.com.co\/web\/category\/pronunciamientos-de-organizaciones-sociales\/"},"img":{"alt_text":"","src":"","width":0,"height":0},"classes":[]},{"id":7510,"url":"https:\/\/moir.com.co\/web\/dos-textos-dobre-el-congreso-cafetero-extraordinario\/","url_meta":{"origin":2491,"position":2},"title":"Dos textos dobre el Congreso Cafetero Extraordinario","author":"admin","date":"abril 29, 2013","format":false,"excerpt":"PRONUNCIAMIENTO DE DIGNIDAD CAFETERA SOBRE EL CONGRESO EXTRAORDINARIO DE LA FEDERACI\u00d3N DE CAFETEROS Respecto al Congreso de la Federaci\u00f3n de Cafeteros, que se realizar\u00e1 a partir del martes 30 de abril de 2013, Dignidad Cafetera manifiesta lo siguiente: 1. Es evidente la deplorable crisis en la cual est\u00e1 la Federaci\u00f3n.\u2026","rel":"","context":"En \u00abPronunciamientos de Organizaciones Sociales\u00bb","block_context":{"text":"Pronunciamientos de Organizaciones Sociales","link":"https:\/\/moir.com.co\/web\/category\/pronunciamientos-de-organizaciones-sociales\/"},"img":{"alt_text":"","src":"","width":0,"height":0},"classes":[]},{"id":2566,"url":"https:\/\/moir.com.co\/web\/es-el-contrato-de-proteccion-de-precio-del-cafe-una-politica-publica\/","url_meta":{"origin":2491,"position":3},"title":"\u00bfES EL CONTRATO DE PROTECCI\u00d3N DE PRECIO DEL CAF\u00c9 UNA POL\u00cdTICA P\u00daBLICA?","author":"admin","date":"octubre 29, 2008","format":false,"excerpt":"Aurelio Su\u00e1rez Montoya, La Tarde, Pereira 29 de octubre de 2008 Desde octubre de 2008, como parte del Acuerdo de Pol\u00edtica Cafetera, el Contrato de Protecci\u00f3n de Precio del Caf\u00e9 reemplaz\u00f3 el Apoyo General al Caficultor (AGC), por el cual se garantizaba un subsidio fijo, proveniente del Presupuesto Nacional, cuando\u2026","rel":"","context":"En \u00abTemas\u00bb","block_context":{"text":"Temas","link":"https:\/\/moir.com.co\/web\/category\/temas\/"},"img":{"alt_text":"","src":"","width":0,"height":0},"classes":[]},{"id":2464,"url":"https:\/\/moir.com.co\/web\/carta-al-director-de-la-patria-sobre-el-problema-cafetero\/","url_meta":{"origin":2491,"position":4},"title":"CARTA AL DIRECTOR DE LA PATRIA SOBRE EL PROBLEMA CAFETERO","author":"admin","date":"agosto 8, 2008","format":false,"excerpt":"Jorge Enrique Robledo, Bogot\u00e1, agosto 7 de 2008 Doctor NICOL\u00c1S RESTREPO ESCOBAR Director La Patria Cordial saludo: Llama la atenci\u00f3n que el doctor Mario G\u00f3mez Estrada, veterano dirigente de la Federaci\u00f3n de Cafeteros, se haya puesto bravo porque la junta directiva de Unidad Cafetera Nacional le pide al gobierno usar\u2026","rel":"","context":"En \u00abJorge Enrique Robledo\u00bb","block_context":{"text":"Jorge Enrique Robledo","link":"https:\/\/moir.com.co\/web\/category\/jorge-enrique-robledo\/"},"img":{"alt_text":"","src":"","width":0,"height":0},"classes":[]},{"id":7445,"url":"https:\/\/moir.com.co\/web\/declaracion-el-movimiento-por-la-defensa-y-la-dignidad-de-los-cafeteros-colombianos\/","url_meta":{"origin":2491,"position":5},"title":"Declaraci\u00f3n: El Movimiento por la Defensa y la Dignidad de los Cafeteros Colombianos","author":"admin","date":"abril 5, 2013","format":false,"excerpt":"Despu\u00e9s de analizar la situaci\u00f3n que se presenta frente a las decisiones del gobierno nacional y de la Federaci\u00f3n de Cafeteros para el pago del PIC, declara que, hasta ahora, no hay un rumbo cierto ni seguro con relaci\u00f3n al acatamiento de los compromisos adquiridos y que todo hace prever\u2026","rel":"","context":"En \u00abPronunciamientos de Organizaciones Sociales\u00bb","block_context":{"text":"Pronunciamientos de Organizaciones Sociales","link":"https:\/\/moir.com.co\/web\/category\/pronunciamientos-de-organizaciones-sociales\/"},"img":{"alt_text":"","src":"","width":0,"height":0},"classes":[]}],"jetpack_sharing_enabled":true,"_links":{"self":[{"href":"https:\/\/moir.com.co\/web\/wp-json\/wp\/v2\/posts\/2491","targetHints":{"allow":["GET"]}}],"collection":[{"href":"https:\/\/moir.com.co\/web\/wp-json\/wp\/v2\/posts"}],"about":[{"href":"https:\/\/moir.com.co\/web\/wp-json\/wp\/v2\/types\/post"}],"author":[{"embeddable":true,"href":"https:\/\/moir.com.co\/web\/wp-json\/wp\/v2\/users\/1"}],"replies":[{"embeddable":true,"href":"https:\/\/moir.com.co\/web\/wp-json\/wp\/v2\/comments?post=2491"}],"version-history":[{"count":0,"href":"https:\/\/moir.com.co\/web\/wp-json\/wp\/v2\/posts\/2491\/revisions"}],"wp:attachment":[{"href":"https:\/\/moir.com.co\/web\/wp-json\/wp\/v2\/media?parent=2491"}],"wp:term":[{"taxonomy":"category","embeddable":true,"href":"https:\/\/moir.com.co\/web\/wp-json\/wp\/v2\/categories?post=2491"},{"taxonomy":"post_tag","embeddable":true,"href":"https:\/\/moir.com.co\/web\/wp-json\/wp\/v2\/tags?post=2491"}],"curies":[{"name":"wp","href":"https:\/\/api.w.org\/{rel}","templated":true}]}}