{"id":2477,"date":"2008-08-20T22:07:45","date_gmt":"2008-08-20T22:07:45","guid":{"rendered":"https:\/\/moir.org.co\/web\/diez-mil-lecheros-exigen-derogatoria-de-los-decretos-2838-y-616\/"},"modified":"2008-08-20T22:07:45","modified_gmt":"2008-08-20T22:07:45","slug":"diez-mil-lecheros-exigen-derogatoria-de-los-decretos-2838-y-616","status":"publish","type":"post","link":"https:\/\/moir.com.co\/web\/diez-mil-lecheros-exigen-derogatoria-de-los-decretos-2838-y-616\/","title":{"rendered":"DIEZ MIL LECHEROS EXIGEN DEROGATORIA DE LOS DECRETOS 2838 Y 616"},"content":{"rendered":"<p><b>Asociaci\u00f3n Nacional por la Salvaci\u00f3n Agropecuaria, Bogot\u00e1, agosto 19 de 2008<\/b><\/p>\n<p>En la Marcha Lechera Nacional de Bogot\u00e1, realizada el martes 19 de agosto, diez mil lecheros venidos de quince departamentos de Colombia y de centenares de municipios, exigieron pac\u00edficamente la derogatoria de los decretos 2838 y 616 que imponen el consumo de leche industrial como \u00fanica forma admitida, prohibiendo la leche en cantina para hervir.<\/p>\n<p>Los manifestantes denunciaron que el \u201caplazamiento\u201d que el Gobierno fij\u00f3 para poner en vigencia dichos decretos es un truco para ir, a trav\u00e9s de lo que llama proyectos de \u201creconversi\u00f3n\u201d, desplazando y excluyendo de sus actividades en la cadena l\u00e1ctea a peque\u00f1os productores, comercializadores e industriales de derivados. Es evidente que se persiste en entregar la totalidad del sector al pu\u00f1ado de grandes empresas que ya controlan m\u00e1s de la mitad de \u00e9l.<\/p>\n<p>Finalmente, los manifestantes decidieron reforzar su organizaci\u00f3n con el fin de convertirse en interlocutores v\u00e1lidos ante el Gobierno que no puede seguir dictando medidas inconsultas sin prever los grav\u00edsimos impactos econ\u00f3micos y sociales que tienen.<\/p>\n","protected":false},"excerpt":{"rendered":"<p>Asociaci\u00f3n Nacional por la Salvaci\u00f3n Agropecuaria, Bogot\u00e1, agosto 19 de 2008 En la Marcha Lechera Nacional de Bogot\u00e1, realizada el martes 19 de agosto, diez mil lecheros venidos de quince departamentos de Colombia y de centenares de municipios, exigieron pac\u00edficamente la derogatoria de los decretos 2838 y 616 que imponen el consumo de leche industrial [&hellip;]<\/p>\n","protected":false},"author":1,"featured_media":0,"comment_status":"open","ping_status":"open","sticky":false,"template":"","format":"standard","meta":{"advanced_seo_description":"","jetpack_seo_html_title":"","jetpack_seo_noindex":false,"_jetpack_memberships_contains_paid_content":false,"footnotes":""},"categories":[7],"tags":[],"class_list":["post-2477","post","type-post","status-publish","format-standard","hentry","category-pronunciamientos-de-organizaciones-sociales"],"jetpack_featured_media_url":"","jetpack-related-posts":[{"id":2423,"url":"https:\/\/moir.com.co\/web\/que-se-deroguen-inmediatamente-los-decretos-que-prohiben-el-comercio-de-leche-cruda-exigieron-15-mil-productores\/","url_meta":{"origin":2477,"position":0},"title":"QUE SE DEROGUEN INMEDIATAMENTE LOS DECRETOS QUE PROH\u00cdBEN EL COMERCIO DE LECHE CRUDA, EXIGIERON 15 MIL PRODUCTORES","author":"admin","date":"julio 9, 2008","format":false,"excerpt":"Asociaci\u00f3n Nacional por la Salvaci\u00f3n Agropecuaria, Bogot\u00e1, julio 9 de 2008 Quince mil ciudadanos participaron en la Jornada Nacional por el Derecho al Trabajo de los lecheros y la Seguridad Alimentaria de los colombianos. Los manifestantes exigieron al gobierno la derogatoria inmediata de los Decretos 2838 y 616 de 2006,\u2026","rel":"","context":"En \u00abPronunciamientos de Organizaciones Sociales\u00bb","block_context":{"text":"Pronunciamientos de Organizaciones Sociales","link":"https:\/\/moir.com.co\/web\/category\/pronunciamientos-de-organizaciones-sociales\/"},"img":{"alt_text":"","src":"","width":0,"height":0},"classes":[]},{"id":2421,"url":"https:\/\/moir.com.co\/web\/9-de-julio-jornada-nacional-por-el-derecho-al-trabajo-de-los-lecheros-y-la-seguridad-alimentaria-de-los-colombianos\/","url_meta":{"origin":2477,"position":1},"title":"9 DE JULIO, JORNADA NACIONAL POR EL DERECHO AL TRABAJO DE LOS LECHEROS Y LA SEGURIDAD ALIMENTARIA DE LOS COLOMBIANOS","author":"admin","date":"julio 8, 2008","format":false,"excerpt":"Asociacion Nacional por la Salvacion Agropecuaria, www.salvacionagropecuaria.net, julio 8 de 2008 Impulsada por un gran n\u00famero de organizaciones sociales y cooperativas de productores de leche, de comercializadores y peque\u00f1os industriales de la cadena l\u00e1ctea, se realizar\u00e1 en m\u00e1s de 15 sitios del territorio nacional, el mi\u00e9rcoles 9 de julio, una\u2026","rel":"","context":"En \u00abPronunciamientos de Organizaciones Sociales\u00bb","block_context":{"text":"Pronunciamientos de Organizaciones Sociales","link":"https:\/\/moir.com.co\/web\/category\/pronunciamientos-de-organizaciones-sociales\/"},"img":{"alt_text":"","src":"","width":0,"height":0},"classes":[]},{"id":2422,"url":"https:\/\/moir.com.co\/web\/robledo-respalda-peticiones-de-miles-de-lecheros-contra-los-decretos-que-los-dejaran-sin-empleo\/","url_meta":{"origin":2477,"position":2},"title":"ROBLEDO RESPALDA PETICIONES DE MILES DE LECHEROS CONTRA LOS DECRETOS QUE LOS DEJAR\u00c1N SIN EMPLEO","author":"admin","date":"julio 8, 2008","format":false,"excerpt":"Oficina de Prensa, Senador Jorge Enrique Robledo, Bogot\u00e1, 8 de julio de 2008. En protesta contra los decretos 616 y 2838 de 2006, que proh\u00edben la comercializaci\u00f3n de leche en cantina, miles de jarreadores y cruderos, procesadores de leche y ganaderos peque\u00f1os y medianos se concentrar\u00e1n ma\u00f1ana mi\u00e9rcoles 9 de\u2026","rel":"","context":"En \u00abJorge Enrique Robledo\u00bb","block_context":{"text":"Jorge Enrique Robledo","link":"https:\/\/moir.com.co\/web\/category\/jorge-enrique-robledo\/"},"img":{"alt_text":"","src":"","width":0,"height":0},"classes":[]},{"id":2432,"url":"https:\/\/moir.com.co\/web\/la-desobediencia-civil-de-los-lecheros\/","url_meta":{"origin":2477,"position":3},"title":"LA DESOBEDIENCIA CIVIL DE LOS LECHEROS","author":"admin","date":"julio 14, 2008","format":false,"excerpt":"Aurelio Su\u00e1rez Montoya, La Tarde, Pereira, 15 de julio de 2008. A la demostraci\u00f3n de 15.000 lecheros que el 9 de julio pasado en Bogot\u00e1, Monter\u00eda, Popay\u00e1n, Pereira, Mariquita, Neiva, Florencia, La Dorada, Oca\u00f1a, Chiquinquir\u00e1 y Tunja, entre varias ciudades, protestaron en contra de los decretos 616 y 2838 de\u2026","rel":"","context":"En \u00abTemas\u00bb","block_context":{"text":"Temas","link":"https:\/\/moir.com.co\/web\/category\/temas\/"},"img":{"alt_text":"","src":"","width":0,"height":0},"classes":[]},{"id":2233,"url":"https:\/\/moir.com.co\/web\/defendamos-el-derecho-a-producir-comerciar-y-consumir-leche-cruda\/","url_meta":{"origin":2477,"position":4},"title":"DEFENDAMOS EL DERECHO A PRODUCIR, COMERCIAR Y CONSUMIR LECHE CRUDA","author":"admin","date":"marzo 25, 2008","format":false,"excerpt":"Bogot\u00e1, febrero 27 de 2008 El decreto 616 de febrero de 2006 del Ministerio de Protecci\u00f3n Social, por el cual se expidi\u00f3 el Reglamento T\u00e9cnico sobre los requisitos que debe cumplir la leche para el consumo humano, prohibi\u00f3 comercializar la leche cruda, leche que, no debe perderse de vista, es\u2026","rel":"","context":"En \u00abPronunciamientos de Organizaciones Sociales\u00bb","block_context":{"text":"Pronunciamientos de Organizaciones Sociales","link":"https:\/\/moir.com.co\/web\/category\/pronunciamientos-de-organizaciones-sociales\/"},"img":{"alt_text":"","src":"","width":0,"height":0},"classes":[]},{"id":2466,"url":"https:\/\/moir.com.co\/web\/que-le-voy-a-dar-a-mi-bebe-notas-sobre-una-teleconferencia\/","url_meta":{"origin":2477,"position":5},"title":"\u201c\u00bfQU\u00c9 LE VOY A DAR A MI BEB\u00c9?\u201d  (NOTAS SOBRE UNA TELECONFERENCIA)","author":"admin","date":"agosto 11, 2008","format":false,"excerpt":"Aurelio Su\u00e1rez Montoya, La Tarde, Pereira, 12 de agosto de 2008. El domingo 3 de agosto, el ministro de Agricultura, Andr\u00e9s F. Arias, realiz\u00f3 una teleconferencia para difundir la disposici\u00f3n oficial (una semana despu\u00e9s no se conoce a\u00fan el decreto respectivo) de aplazar por un periodo entre 24 y 18\u2026","rel":"","context":"En \u00abTemas\u00bb","block_context":{"text":"Temas","link":"https:\/\/moir.com.co\/web\/category\/temas\/"},"img":{"alt_text":"","src":"","width":0,"height":0},"classes":[]}],"jetpack_sharing_enabled":true,"_links":{"self":[{"href":"https:\/\/moir.com.co\/web\/wp-json\/wp\/v2\/posts\/2477","targetHints":{"allow":["GET"]}}],"collection":[{"href":"https:\/\/moir.com.co\/web\/wp-json\/wp\/v2\/posts"}],"about":[{"href":"https:\/\/moir.com.co\/web\/wp-json\/wp\/v2\/types\/post"}],"author":[{"embeddable":true,"href":"https:\/\/moir.com.co\/web\/wp-json\/wp\/v2\/users\/1"}],"replies":[{"embeddable":true,"href":"https:\/\/moir.com.co\/web\/wp-json\/wp\/v2\/comments?post=2477"}],"version-history":[{"count":0,"href":"https:\/\/moir.com.co\/web\/wp-json\/wp\/v2\/posts\/2477\/revisions"}],"wp:attachment":[{"href":"https:\/\/moir.com.co\/web\/wp-json\/wp\/v2\/media?parent=2477"}],"wp:term":[{"taxonomy":"category","embeddable":true,"href":"https:\/\/moir.com.co\/web\/wp-json\/wp\/v2\/categories?post=2477"},{"taxonomy":"post_tag","embeddable":true,"href":"https:\/\/moir.com.co\/web\/wp-json\/wp\/v2\/tags?post=2477"}],"curies":[{"name":"wp","href":"https:\/\/api.w.org\/{rel}","templated":true}]}}