{"id":2471,"date":"2008-08-16T17:19:21","date_gmt":"2008-08-16T17:19:21","guid":{"rendered":"https:\/\/moir.org.co\/web\/agameta-contra-acuerdo-de-precios\/"},"modified":"2008-08-16T17:19:21","modified_gmt":"2008-08-16T17:19:21","slug":"agameta-contra-acuerdo-de-precios","status":"publish","type":"post","link":"https:\/\/moir.com.co\/web\/agameta-contra-acuerdo-de-precios\/","title":{"rendered":"AGAMETA CONTRA \u201cACUERDO DE PRECIOS\u201d"},"content":{"rendered":"<p><b>Agameta, Villavicencio, agosto 15 de 2008<\/b><\/p>\n<p>Los precios internacionales del arroz, a partir de 2006, han tenido una tendencia alcista, que viene desde 400 d\u00f3lares la tonelada de arroz blanco, hasta m\u00e1s de 1.000 en 2008.El consumo de los principales pa\u00edses productores, China e India, se ha elevado considerablemente, y tambi\u00e9n el de otros muy importantes  como Indonesia y Bangla Desh. La cosecha mundial 2003\/2004,  no cubri\u00f3 el consumo de entonces, la producci\u00f3n de 2007\/2008 alz\u00f3 y logr\u00f3 el equilibrio. En los \u00faltimos cinco a\u00f1os los inventarios mundiales descendieron un 8,4%, de 82 millones de toneladas a algo m\u00e1s de 75.   <\/p>\n<p>Las compa\u00f1\u00edas privadas vinculadas a los c\u00edrculos financieros internacionales, que manejan el mercado mundial del arroz, han convertido este alimento b\u00e1sico, aprovechando los m\u00e1s m\u00ednimos desequilibrios entre oferta y demanda,  en objeto de especulaci\u00f3n; lo cual, junto con la devaluaci\u00f3n del d\u00f3lar, ha contribuido a la elevaci\u00f3n de las cotizaciones. Sumado a lo anterior,  los precios ascendentes del petr\u00f3leo inciden en los costos de producci\u00f3n por el uso de insumos derivados de este combustible. Los fertilizantes casi han duplicado su valor y han impulsado el de las semillas y el importe de los arrendamientos de tierra, en un cultivo donde los arrendatarios son el 75% de la estructura productiva. La espiral alcista tambi\u00e9n incluy\u00f3 al transporte y frente a tan tr\u00e1gica situaci\u00f3n se ha adoptado la actitud de \u201cdejar actuar a las fuerzas del mercado\u201d. Debido a ello, el \u00edndice de Precios al Productor agr\u00edcola nacional ha crecido en un a\u00f1o 11.4% y en el mes de julio de 2008 subi\u00f3 1,43%. (DANE)<\/p>\n<p>En Colombia, algunas decisiones de pol\u00edtica p\u00fablica desde  2004 han tenido como consecuencia la reducci\u00f3n de 100.000 hect\u00e1reas de siembra; el pa\u00eds no ha recuperado los niveles logrados en ese a\u00f1o. Entre ellas est\u00e1n, las importaciones, la laxitud con el contrabando y  la prioridad oficial en los cultivos tropicales, como la palma aceitera, una parte de cuyo crecimiento se dio en reemplazo de \u00e1reas arroceras de otrora, como en Santander y en los Llanos Orientales. En esta regi\u00f3n adem\u00e1s se neg\u00f3 la construcci\u00f3n del distrito de riego del Ariari, en raz\u00f3n de no estimular las siembras de arroz, as\u00ed como de las promisorias variedades de altillanura. La principal secuela de estas err\u00f3neas determinaciones es que la dotaci\u00f3n nacional en kilos por habitante se ha reducido, la producci\u00f3n de arroz crece a un ritmo menor que la poblaci\u00f3n y esto influye para que se engrandezcan en el mercado nacional los quebrantos acaecidos a escala mundial. <\/p>\n<p>El ministerio de Agricultura acaba de auspiciar un \u201cacuerdo de precios\u201d del arroz, que consiste en una rebaja en el precio interno de compra a los productores, fijando en $112.000 el de una carga, por debajo del precio internacional (sin aranceles) y dejando un margen muy exiguo; en especial, para los peque\u00f1os y medianos agricultores. Entre tanto a la industria molinera, donde una sola firma domina m\u00e1s del 60% del sector, se le entregar\u00e1 la \u201cparte del le\u00f3n\u201d del denominado \u201csubsidio al almacenamiento\u201d y, como ejemplo, si se toman como referencia las cotizaciones internacionales actuales; solamente por  la cosecha de los Llanos, se le transferir\u00e1, merced al \u201cacuerdo\u201d de marras, m\u00e1s de $30.000 millones. <\/p>\n<p>Persiste la concepci\u00f3n equ\u00edvoca de halagar al monopolio industrial para recuperar el arroz, en lugar de estimular al agricultor, fomentar la productividad y ampliar las \u00e1reas de siembra. Debe recomponerse el acuerdo de absorci\u00f3n de cosecha para la presente temporada -aqu\u00ed denunciado-, equiparando los intereses de todos los miembros de la cadena arrocera,  teniendo en cuenta a las agremiaciones regionales m\u00e1s representativas, como AGAMETA, excluidas de los convenios vigentes. Como vamos el cultivo perder\u00e1 atractivo para el agricultor, se  ir\u00e1 perdiendo la seguridad alimentaria nacional en este cereal, el m\u00e1s consumido por los colombianos, y se acrecentar\u00e1 la ya muy mermada autonom\u00eda en la producci\u00f3n de alimentos, cuya debida protecci\u00f3n est\u00e1 estipulada en el art\u00edculo 65 de la Constituci\u00f3n. Exhortamos al cabal cumplimiento de ese mandato. <\/p>\n<p>AGAMETA-  organizaci\u00f3n perteneciente a la ASOCIACI\u00d3N NACIONAL POR LA SALVACI\u00d3N AGROPECUARIA.<\/p>\n","protected":false},"excerpt":{"rendered":"<p>Agameta, Villavicencio, agosto 15 de 2008 Los precios internacionales del arroz, a partir de 2006, han tenido una tendencia alcista, que viene desde 400 d\u00f3lares la tonelada de arroz blanco, hasta m\u00e1s de 1.000 en 2008.El consumo de los principales pa\u00edses productores, China e India, se ha elevado considerablemente, y tambi\u00e9n el de otros muy [&hellip;]<\/p>\n","protected":false},"author":1,"featured_media":0,"comment_status":"open","ping_status":"open","sticky":false,"template":"","format":"standard","meta":{"advanced_seo_description":"","jetpack_seo_html_title":"","jetpack_seo_noindex":false,"_jetpack_memberships_contains_paid_content":false,"footnotes":""},"categories":[7],"tags":[],"class_list":["post-2471","post","type-post","status-publish","format-standard","hentry","category-pronunciamientos-de-organizaciones-sociales"],"jetpack_featured_media_url":"","jetpack-related-posts":[{"id":1189,"url":"https:\/\/moir.com.co\/web\/razones-de-sobra-para-la-protesta-arrocera\/","url_meta":{"origin":2471,"position":0},"title":"RAZONES DE SOBRA PARA LA PROTESTA ARROCERA","author":"admin","date":"junio 10, 2005","format":false,"excerpt":"NOTA: POR LA GRAVEDAD DE LA CRISIS DEL ARROZ, HE DECIDIDO DEDICAR ESTA COLUMNA A LA REPRODUCCI\u00d3N DE LA POSICI\u00d3N AL RESPECTO DE LA ORGANIZACI\u00d3N AGAMETA (AGALLANOS), AFILIADA A LA ASOCIACI\u00d3N NACIONAL POR LA SALVACI\u00d3N AGROPECUARIA. Los agricultores del Meta y Casanare hemos decidido movilizarnos para defender el arroz, producto\u2026","rel":"","context":"En \u00abTemas\u00bb","block_context":{"text":"Temas","link":"https:\/\/moir.com.co\/web\/category\/temas\/"},"img":{"alt_text":"","src":"","width":0,"height":0},"classes":[]},{"id":3500,"url":"https:\/\/moir.com.co\/web\/las-demandas-de-los-arroceros-del-meta-deben-ser-atendidas-por-el-gobierno-pide-robledo\/","url_meta":{"origin":2471,"position":1},"title":"LAS DEMANDAS DE LOS ARROCEROS DEL META DEBEN SER ATENDIDAS  POR EL GOBIERNO, PIDE ROBLEDO","author":"admin","date":"septiembre 9, 2009","format":false,"excerpt":"Agameta: que se le d\u00e9 salida a la cosecha y a precios justos El senador Jorge Enrique Robledo le demand\u00f3 al ministro de Agricultura atender cumplida y prontamente las exigencias hechas por los cultivadores de arroz en el departamento del Meta, quienes adelantaron hoy una protesta bloqueando las v\u00edas que\u2026","rel":"","context":"En \u00abJorge Enrique Robledo\u00bb","block_context":{"text":"Jorge Enrique Robledo","link":"https:\/\/moir.com.co\/web\/category\/jorge-enrique-robledo\/"},"img":{"alt_text":"","src":"","width":0,"height":0},"classes":[]},{"id":2293,"url":"https:\/\/moir.com.co\/web\/commodities-una-nueva-arma-para-matar-de-hambre\/","url_meta":{"origin":2471,"position":2},"title":"COMMODITIES, UNA NUEVA ARMA PARA MATAR DE HAMBRE","author":"admin","date":"abril 20, 2008","format":false,"excerpt":"Aurelio Su\u00e1rez Montoya, La Tarde, Pereira, abril 22 de 2008 En 2004, el Institute of Development Studies, en una investigaci\u00f3n sobre las secuelas de la implantaci\u00f3n del modelo de \u201clibre comercio\u201d para los productos agr\u00edcolas desde 1990, incluidos los alimentos, encontr\u00f3, teniendo en cuenta las importaciones agr\u00edcolas como porcentaje del\u2026","rel":"","context":"En \u00abTemas\u00bb","block_context":{"text":"Temas","link":"https:\/\/moir.com.co\/web\/category\/temas\/"},"img":{"alt_text":"","src":"","width":0,"height":0},"classes":[]},{"id":2336,"url":"https:\/\/moir.com.co\/web\/la-ley-agricola-480-de-los-eeuu\/","url_meta":{"origin":2471,"position":3},"title":"La ley agr\u00edcola 480 de los EEUU","author":"admin","date":"mayo 13, 2008","format":false,"excerpt":"Guillermo Maya Mu\u00f1oz, El Mundo, Medell\u00edn, mayo 12 de 2008 La PL (Public Law) 480, firmada por el presidente Dwight Eisenhower en 1954, fue llamada por JF Kennedy \u201cAlimentos para la Paz\u201d en 1961. Esta ley ten\u00eda como objetivo \u201ccombatir el hambre mundial y la desnutrici\u00f3n\u201d, pero igualmente tambi\u00e9n \u201cexpandir\u2026","rel":"","context":"En \u00abRevista de Prensa\u00bb","block_context":{"text":"Revista de Prensa","link":"https:\/\/moir.com.co\/web\/category\/prensa\/revista-de-prensa\/"},"img":{"alt_text":"","src":"","width":0,"height":0},"classes":[]},{"id":650,"url":"https:\/\/moir.com.co\/web\/politicas-de-uribe-afectan-sector-arrocero\/","url_meta":{"origin":2471,"position":4},"title":"POL\u00cdTICAS DE URIBE AFECTAN SECTOR ARROCERO","author":"admin","date":"agosto 11, 2004","format":false,"excerpt":"En la agon\u00eda del gobierno Gaviria los ministros de aquella \u00e9poca se comprometieron en la OMC (Organizaci\u00f3n Mundial del Comercio), que a partir del 1 de enero de 2004 \"la fijaci\u00f3n de precios de absorci\u00f3n de cosechas quede ligada a los precios internacionales\", es decir se abandona el criterio con\u2026","rel":"","context":"En \u00abPronunciamientos de Organizaciones Sociales\u00bb","block_context":{"text":"Pronunciamientos de Organizaciones Sociales","link":"https:\/\/moir.com.co\/web\/category\/pronunciamientos-de-organizaciones-sociales\/"},"img":{"alt_text":"","src":"","width":0,"height":0},"classes":[]},{"id":668,"url":"https:\/\/moir.com.co\/web\/precio-del-arroz-es-un-fiasco\/","url_meta":{"origin":2471,"position":5},"title":"&#8220;PRECIO DEL ARROZ ES UN FIASCO&#8221;","author":"admin","date":"agosto 11, 2004","format":false,"excerpt":"Redacci\u00f3n local, El Nuevo D\u00eda, Ibagu\u00e9, julio 4 de 2004 El precio de la carga de paddy verde, de 70 mil pesos, fijado por el Gobierno nacional el primero de julio para los Llanos Orientales, caus\u00f3 una gran frustraci\u00f3n en los productores de arroz de los distritos de riego en\u2026","rel":"","context":"En \u00abPronunciamientos de Organizaciones Sociales\u00bb","block_context":{"text":"Pronunciamientos de Organizaciones Sociales","link":"https:\/\/moir.com.co\/web\/category\/pronunciamientos-de-organizaciones-sociales\/"},"img":{"alt_text":"","src":"","width":0,"height":0},"classes":[]}],"jetpack_sharing_enabled":true,"_links":{"self":[{"href":"https:\/\/moir.com.co\/web\/wp-json\/wp\/v2\/posts\/2471","targetHints":{"allow":["GET"]}}],"collection":[{"href":"https:\/\/moir.com.co\/web\/wp-json\/wp\/v2\/posts"}],"about":[{"href":"https:\/\/moir.com.co\/web\/wp-json\/wp\/v2\/types\/post"}],"author":[{"embeddable":true,"href":"https:\/\/moir.com.co\/web\/wp-json\/wp\/v2\/users\/1"}],"replies":[{"embeddable":true,"href":"https:\/\/moir.com.co\/web\/wp-json\/wp\/v2\/comments?post=2471"}],"version-history":[{"count":0,"href":"https:\/\/moir.com.co\/web\/wp-json\/wp\/v2\/posts\/2471\/revisions"}],"wp:attachment":[{"href":"https:\/\/moir.com.co\/web\/wp-json\/wp\/v2\/media?parent=2471"}],"wp:term":[{"taxonomy":"category","embeddable":true,"href":"https:\/\/moir.com.co\/web\/wp-json\/wp\/v2\/categories?post=2471"},{"taxonomy":"post_tag","embeddable":true,"href":"https:\/\/moir.com.co\/web\/wp-json\/wp\/v2\/tags?post=2471"}],"curies":[{"name":"wp","href":"https:\/\/api.w.org\/{rel}","templated":true}]}}