{"id":2456,"date":"2008-08-01T16:29:27","date_gmt":"2008-08-01T16:29:27","guid":{"rendered":"https:\/\/moir.org.co\/web\/continua-lucha-contra-privatizacion-de-la-educacion\/"},"modified":"2008-08-01T16:29:27","modified_gmt":"2008-08-01T16:29:27","slug":"continua-lucha-contra-privatizacion-de-la-educacion","status":"publish","type":"post","link":"https:\/\/moir.com.co\/web\/continua-lucha-contra-privatizacion-de-la-educacion\/","title":{"rendered":"CONTIN\u00daA LUCHA CONTRA PRIVATIZACI\u00d3N DE LA EDUCACI\u00d3N"},"content":{"rendered":"<p><b>Gran Coalici\u00f3n Democr\u00e1tica, Atl\u00e1ntico, Barranquilla, julio 31 de 2008<\/b><\/p>\n<p>El jueves 31 de julio el Concejo Distrital de Barranquilla aprob\u00f3 por mayor\u00eda, el proyecto de acuerdo que dispone la entrega por concesi\u00f3n al sector privado de cuatro establecimientos educativos que van a ser construidos con recursos de la Naci\u00f3n y que el distrito deber\u00e1 seguir pagando a los concesionarios aproximadamente un mill\u00f3n de pesos por alumno al a\u00f1o. Los concejales del Polo Democr\u00e1tico Alternativo, Rafael S\u00e1nchez Anillo y Karim Donado Saayed, se retiraron del recinto por falta de garant\u00edas para el debate y por no haber permitido la mesa directiva del cabildo, la intervenci\u00f3n de los dirigentes nacionales de Fecode, Luis Grubert Ibarra y Medardo Hern\u00e1ndez Baldiris.<\/p>\n<p>En esta pol\u00e9mica que se desat\u00f3 en los \u00faltimos d\u00edas, los dirigentes de la Asociaci\u00f3n de Educadores del Atl\u00e1ntico (ADEA), la Asociaci\u00f3n de Educadores de Barranquilla (ADEBA), FECODE, la Central Unitaria de Trabajadores seccional Atl\u00e1ntico, el Polo Democr\u00e1tico Alternativo, la Gran Coalici\u00f3n Democr\u00e1tica y otras organizaciones populares rechazaron tajantemente este proyecto que privatiza los nuevos colegios a construir con dineros p\u00fablicos provenientes de los impuestos de la ciudadan\u00eda.<\/p>\n<p>Seg\u00fan cifras contenidas en la exposici\u00f3n de motivos del acuerdo firmado por el alcalde Alex Char Caljub, el desangre de los recursos de las transferencias del distrito, que ir\u00edan a parar al concesionario privado entre el a\u00f1o 2009 al 2021, ser\u00edan mayores a los 73 mil millones de pesos.<\/p>\n<p>Las organizaciones sindicales y pol\u00edticas que nos oponemos a este esperpento neoliberal exigimos que se construyan todos los colegios que se requieran para cubrir la educaci\u00f3n de la poblaci\u00f3n estudiantil, pero que sean administrados por el distrito y no entregados en concesi\u00f3n a entes privados. No entendemos como el alcalde distrital viene desmontando algunas concesiones, lo que es positivo, pero por otro lado pretende entregar la educaci\u00f3n p\u00fablica en concesi\u00f3n.<\/p>\n<p>La Gran Coalici\u00f3n Democr\u00e1tica y el Polo Democr\u00e1tico Alternativo se declaran en estado de alerta y convocamos a todas los sectores progresistas a movilizarnos civilizadamente para impedir que se consume este atentado contra la educaci\u00f3n p\u00fablica<\/p>\n<p>Gran Coalici\u00f3n Democr\u00e1tica, Polo Democr\u00e1tico Alternativo, Centrales Obreras, CUT, UTRAL-CGT, CTC, ADEA, ADEBA, UNEB, Coordinadora Estudiantil Uniatl\u00e1ntico, Asociaciones de Pensionados, Casa Anficti\u00f3nica, ASOCOMUNALES<\/p>\n","protected":false},"excerpt":{"rendered":"<p>Gran Coalici\u00f3n Democr\u00e1tica, Atl\u00e1ntico, Barranquilla, julio 31 de 2008 El jueves 31 de julio el Concejo Distrital de Barranquilla aprob\u00f3 por mayor\u00eda, el proyecto de acuerdo que dispone la entrega por concesi\u00f3n al sector privado de cuatro establecimientos educativos que van a ser construidos con recursos de la Naci\u00f3n y que el distrito deber\u00e1 seguir [&hellip;]<\/p>\n","protected":false},"author":1,"featured_media":0,"comment_status":"open","ping_status":"open","sticky":false,"template":"","format":"standard","meta":{"advanced_seo_description":"","jetpack_seo_html_title":"","jetpack_seo_noindex":false,"_jetpack_memberships_contains_paid_content":false,"footnotes":""},"categories":[7],"tags":[],"class_list":["post-2456","post","type-post","status-publish","format-standard","hentry","category-pronunciamientos-de-organizaciones-sociales"],"jetpack_featured_media_url":"","jetpack-related-posts":[{"id":7732,"url":"https:\/\/moir.com.co\/web\/movilizacion-en-barranquilla-viernes-19-de-julio-en-solidaridad-con-sectores-en-conflicto\/","url_meta":{"origin":2456,"position":0},"title":"Movilizaci\u00f3n en Barranquilla viernes 19 de julio en solidaridad con sectores en conflicto","author":"admin","date":"julio 18, 2013","format":false,"excerpt":"El viernes 19 de julio se realizar\u00e1 en Barranquilla una movilizaci\u00f3n en solidaridad con los campesinos de El Tamarindo, Galapa, Atl\u00e1ntico, que realizan una toma pac\u00edfica del atrio de la iglesia de Chiquinquir\u00e1 en rechazo a los continuos intentos de desalojo por parte de autoridades civiles y policiales, que violando\u2026","rel":"","context":"En \u00abPolo Democr\u00e1tico Alternativo\u00bb","block_context":{"text":"Polo Democr\u00e1tico Alternativo","link":"https:\/\/moir.com.co\/web\/category\/polo-democratico-alternativo\/"},"img":{"alt_text":"","src":"","width":0,"height":0},"classes":[]},{"id":5753,"url":"https:\/\/moir.com.co\/web\/senadores-del-polo-jorge-enrique-robledo-y-alex-lopez-el-viernes-8-de-julio-en-barranquilla\/","url_meta":{"origin":2456,"position":1},"title":"Senadores del Polo Jorge Enrique Robledo y Alex L\u00f3pez el viernes 8 de julio en Barranquilla","author":"admin","date":"julio 6, 2011","format":false,"excerpt":"Este viernes 8 de julio estar\u00e1n presentes en Barranquilla los senadores Alexander L\u00f3pez (jefe de la bancada del PDA en el senado) y Jorge Enrique Robledo para cumplir una intensa actividad pol\u00edtica y social. Los dos congresistas polistas intervendr\u00e1n en el foro sobre la problem\u00e1tica de la salud que se\u2026","rel":"","context":"En \u00abPolo Democr\u00e1tico Alternativo\u00bb","block_context":{"text":"Polo Democr\u00e1tico Alternativo","link":"https:\/\/moir.com.co\/web\/category\/polo-democratico-alternativo\/"},"img":{"alt_text":"","src":"","width":0,"height":0},"classes":[]},{"id":1785,"url":"https:\/\/moir.com.co\/web\/barranquilla-marcho-en-defensa-del-seguro-social-y-la-universidad-del-atlantico\/","url_meta":{"origin":2456,"position":2},"title":"BARRANQUILLA MARCH\u00d3 EN DEFENSA DEL SEGURO SOCIAL Y LA UNIVERSIDAD DEL ATLANTICO","author":"admin","date":"febrero 8, 2007","format":false,"excerpt":"PDA del Atl\u00e1ntico, Comisi\u00f3n de Prensa, Barranquilla, 8 de febrero de 2007 El jueves 8 de febrero se realiz\u00f3 la primera jornada de protesta del presente a\u00f1o en Barranquilla organizada por la Gran Coalici\u00f3n Democr\u00e1tica, el Comando Departamental Unitario de las Centrales Obreras y el Polo Democr\u00e1tico Alternativo del Atl\u00e1ntico.\u2026","rel":"","context":"En \u00abPolo Democr\u00e1tico Alternativo\u00bb","block_context":{"text":"Polo Democr\u00e1tico Alternativo","link":"https:\/\/moir.com.co\/web\/category\/polo-democratico-alternativo\/"},"img":{"alt_text":"","src":"","width":0,"height":0},"classes":[]},{"id":7590,"url":"https:\/\/moir.com.co\/web\/visita-del-senador-jorge-enrique-robledo-a-barranquilla\/","url_meta":{"origin":2456,"position":3},"title":"Visita del senador Jorge Enrique Robledo a Barranquilla","author":"admin","date":"mayo 25, 2013","format":false,"excerpt":"El senador del Polo Democr\u00e1tico Alternativo Jorge Enrique Robledo cumplir\u00e1 una agitada agenda en la capital del Atl\u00e1ntico el pr\u00f3ximo fin de semana, entre las cuales sobresale una rueda de prensa, asistencia a foros y conferencias en varias universidades p\u00fablicas y privadas, actos pol\u00edticos y participaci\u00f3n en un Foro Regional\u2026","rel":"","context":"En \u00abPolo Democr\u00e1tico Alternativo\u00bb","block_context":{"text":"Polo Democr\u00e1tico Alternativo","link":"https:\/\/moir.com.co\/web\/category\/polo-democratico-alternativo\/"},"img":{"alt_text":"","src":"","width":0,"height":0},"classes":[]},{"id":16616,"url":"https:\/\/moir.com.co\/web\/alerta-por-inminente-alza-de-tarifas-electricas-en-la-costa-usuarios-a-pagar-mas-de-1-billon-por-prestamo-de-735-000-millones-via-tarifasalerta-por-inminente-alza-de-tarifas-electricas-en-la-costa\/","url_meta":{"origin":2456,"position":4},"title":"Alerta por inminente alza de tarifas el\u00e9ctricas en la Costa: usuarios a pagar m\u00e1s de $1 bill\u00f3n por  pr\u00e9stamo de $735.000 millones v\u00eda tarifas","author":"admin","date":"diciembre 15, 2018","format":false,"excerpt":"Barranquilla, diciembre 14 de 2018 Lo peor que se tem\u00eda en cuanto a que el Gobierno del Presidente Iv\u00e1n Duque le iba a descargar la crisis el\u00e9ctrica en la Regi\u00f3n Caribe a los usuarios de los siete departamentos es un hecho al conocerse el contenido del Conpes 3933 del 5\u2026","rel":"","context":"En \u00abEconom\u00eda\u00bb","block_context":{"text":"Econom\u00eda","link":"https:\/\/moir.com.co\/web\/category\/temas\/economia\/"},"img":{"alt_text":"","src":"https:\/\/i0.wp.com\/moir.com.co\/web\/wp-content\/uploads\/2017\/07\/electricaribe5.jpg?fit=599%2C353&ssl=1&resize=350%2C200","width":350,"height":200,"srcset":"https:\/\/i0.wp.com\/moir.com.co\/web\/wp-content\/uploads\/2017\/07\/electricaribe5.jpg?fit=599%2C353&ssl=1&resize=350%2C200 1x, https:\/\/i0.wp.com\/moir.com.co\/web\/wp-content\/uploads\/2017\/07\/electricaribe5.jpg?fit=599%2C353&ssl=1&resize=525%2C300 1.5x"},"classes":[]},{"id":12848,"url":"https:\/\/moir.com.co\/web\/canal-de-isabel-ii-aprueba-en-espana-todo-lo-contrario-de-lo-que-hace-la-triple-a-de-barranquilla\/","url_meta":{"origin":2456,"position":5},"title":"Canal de Isabel II aprueba en Espa\u00f1a todo lo contrario de lo que hace  la Triple A de Barranquilla","author":"admin","date":"julio 10, 2017","format":false,"excerpt":"Norman Alarc\u00f3n Rodas, Barranquilla, julio 10 de 2017 El pasado jueves 6 de julio, la Junta General de Accionistas del Canal de Isabel II de Espa\u00f1a, reunida en Madrid, aprob\u00f3 las cuentas individuales y consolidadas a 31 de diciembre de 2016 de este conglomerado, que atiende todo el ciclo integral\u2026","rel":"","context":"En \u00abEconom\u00eda\u00bb","block_context":{"text":"Econom\u00eda","link":"https:\/\/moir.com.co\/web\/category\/temas\/economia\/"},"img":{"alt_text":"","src":"","width":0,"height":0},"classes":[]}],"jetpack_sharing_enabled":true,"_links":{"self":[{"href":"https:\/\/moir.com.co\/web\/wp-json\/wp\/v2\/posts\/2456","targetHints":{"allow":["GET"]}}],"collection":[{"href":"https:\/\/moir.com.co\/web\/wp-json\/wp\/v2\/posts"}],"about":[{"href":"https:\/\/moir.com.co\/web\/wp-json\/wp\/v2\/types\/post"}],"author":[{"embeddable":true,"href":"https:\/\/moir.com.co\/web\/wp-json\/wp\/v2\/users\/1"}],"replies":[{"embeddable":true,"href":"https:\/\/moir.com.co\/web\/wp-json\/wp\/v2\/comments?post=2456"}],"version-history":[{"count":0,"href":"https:\/\/moir.com.co\/web\/wp-json\/wp\/v2\/posts\/2456\/revisions"}],"wp:attachment":[{"href":"https:\/\/moir.com.co\/web\/wp-json\/wp\/v2\/media?parent=2456"}],"wp:term":[{"taxonomy":"category","embeddable":true,"href":"https:\/\/moir.com.co\/web\/wp-json\/wp\/v2\/categories?post=2456"},{"taxonomy":"post_tag","embeddable":true,"href":"https:\/\/moir.com.co\/web\/wp-json\/wp\/v2\/tags?post=2456"}],"curies":[{"name":"wp","href":"https:\/\/api.w.org\/{rel}","templated":true}]}}