{"id":2436,"date":"2008-07-19T20:29:33","date_gmt":"2008-07-19T20:29:33","guid":{"rendered":"https:\/\/moir.org.co\/web\/fecode-convoca-al-magisterio-a-marchar-el-20-de-julio\/"},"modified":"2008-07-19T20:29:33","modified_gmt":"2008-07-19T20:29:33","slug":"fecode-convoca-al-magisterio-a-marchar-el-20-de-julio","status":"publish","type":"post","link":"https:\/\/moir.com.co\/web\/fecode-convoca-al-magisterio-a-marchar-el-20-de-julio\/","title":{"rendered":"FECODE CONVOCA AL MAGISTERIO A MARCHAR EL 20 DE JULIO"},"content":{"rendered":"<p><b>FECODE, Bogot\u00e1, julio 19 de 2008<\/b><\/p>\n<p>Uniendo nuestra voz a la de todos aquellos que condenan el secuestro, la Federaci\u00f3n Colombiana de Educadores convoca al magisterio colombiano a marchar en solidaridad con quienes hoy se ven privados de su libertad por obra de los diversos grupos armados, que en alocada espiral de violencia han ensangrentado a nuestra naci\u00f3n pretendiendo imponer a como de lugar sus prop\u00f3sitos pol\u00edticos.<\/p>\n<p>Es igualmente necesario expresar desde el magisterio colombiano nuestra aspiraci\u00f3n porque todos los secuestrados en poder de las FARC, el ELN y los grupos PARAMILITARES sean liberados de inmediato. En verdad, no hay causa vil o noble que justifique el secuestro.  La vida humana y la libertad no pueden ser mercanc\u00edas que se ferian en la controversia partidista, ni como recurso para la extorsi\u00f3n econ\u00f3mica, ni mucho menos como escudo humano para la obtenci\u00f3n de ventajas estrat\u00e9gicas en las disputas territoriales entre los diferentes grupos armados, o entre \u00e9stos y el Estado Colombiano. <\/p>\n<p>Los recientes sucesos del 2 de julio que implicaron el cinematogr\u00e1fico rescate de quince secuestrados que se encontraban en poder de las FARC no pueden obnubilar ni al gobierno ni a la opini\u00f3n. Lo ins\u00f3lito de este episodio es la excepci\u00f3n a la regla de que, donde quiera han sido, los rescates militares han terminado en un ba\u00f1o de sangre en los cuales, muchas de las v\u00edctimas son los inocentes que se pretend\u00edan liberar. Por esta raz\u00f3n y a pesar de la aparente evidencia que indica lo contrario, se pone al orden del d\u00eda el *Acuerdo Humanitario *que ponga fin al drama de los cientos de secuestrados sin nombre en el pa\u00eds y sin relaci\u00f3n internacional alguna, que a\u00fan permanecen en manos de los grupos armados.<\/p>\n<p>Quienes en nombre de la izquierda mantienen secuestrados tienen que comprender que este crimen execrable ha contribuido como el que m\u00e1s, de una parte, a su aislamiento nacional e internacional, y de otra, a que el r\u00e9gimen uribista, justifique su  pol\u00edtica militarista y defienda ante la hastiada opini\u00f3n las soluciones de fuerza.  Por todo lo anterior se requiere de la *soluci\u00f3n pol\u00edtica negociada *al conflicto armado que vive el pa\u00eds y este tema, tarde que temprano tendr\u00e1 que hacer parte de la agenda del gobierno y de los grupos armados, pues el mantenimiento del statu quo en la actual confrontaci\u00f3n armada s\u00f3lo destrucci\u00f3n, sangre, ruina econ\u00f3mica e intervenci\u00f3n extranjera le deparan al pa\u00eds.<\/p>\n<p>Por \u00faltimo, toda la movilizaci\u00f3n nacional contra el delito del secuestro y por la libertad de quienes hoy permanecen en tan deplorable situaci\u00f3n no nos puede conducir al enga\u00f1o de que se cuele por la puerta trasera y se manipule la opini\u00f3n para hacer ver estas marchas como un plebiscito de respaldo al uribismo.    <\/p>\n<p>Por multitudinarias que sean las marchas del 20 de julio, no podr\u00e1 olvidar el pa\u00eds que este es el gobierno de la reelecci\u00f3n comprada en el cohecho de la Yidispol\u00edtica, que tiene las peores cifras sociales de pobreza e indigencia en la historia de Colombia, que ha colmado de gabelas tributarias y legales a las multinacionales extranjeras, que ha extraditado a los grandes testigos de la Ley  de Justicia y Paz, que permanece ciego, sordo y mudo ante los m\u00e1s de tres millones de desplazados internos, que continua cubriendo de impunidad el asesinato de sindicalistas y dirigentes populares, que niega de manera contumaz las m\u00e1s m\u00ednimas libertades y derechos sindicales, que amedranta y calumnia a la Corte Suprema para salvar a sus compinches de la parapol\u00edtica, que urde toda clase de maniobras para su segunda reelecci\u00f3n y que se comporta sumiso con los poderosos y el imperio gringo, y arrogante y brutal con los colombianos humildes y laboriosos.<\/p>\n<p>WITNEY CH\u00c1VEZ S\u00c1NCHEZ<br \/>\nPresidente<\/p>\n<p>RAUL ARROYAVE ARANGO<br \/>\nSecretario General<\/p>\n","protected":false},"excerpt":{"rendered":"<p>FECODE, Bogot\u00e1, julio 19 de 2008 Uniendo nuestra voz a la de todos aquellos que condenan el secuestro, la Federaci\u00f3n Colombiana de Educadores convoca al magisterio colombiano a marchar en solidaridad con quienes hoy se ven privados de su libertad por obra de los diversos grupos armados, que en alocada espiral de violencia han ensangrentado [&hellip;]<\/p>\n","protected":false},"author":1,"featured_media":0,"comment_status":"open","ping_status":"open","sticky":false,"template":"","format":"standard","meta":{"advanced_seo_description":"","jetpack_seo_html_title":"","jetpack_seo_noindex":false,"_jetpack_memberships_contains_paid_content":false,"footnotes":""},"categories":[7],"tags":[],"class_list":["post-2436","post","type-post","status-publish","format-standard","hentry","category-pronunciamientos-de-organizaciones-sociales"],"jetpack_featured_media_url":"","jetpack-related-posts":[{"id":12367,"url":"https:\/\/moir.com.co\/web\/apoyamos-y-promovemos-los-paros-del-magisterio-y-los-trabajadores-estatales\/","url_meta":{"origin":2436,"position":0},"title":"Apoyamos y promovemos los paros del Magisterio y los Trabajadores Estatales","author":"admin","date":"mayo 11, 2017","format":false,"excerpt":"Bogot\u00e1, mayo 10 de 2017 Con la participaci\u00f3n de las tres centrales obreras, Central Unitaria de Trabajadores \u2013CUT-, Confederaci\u00f3n General del Trabajo- CGT-, Confederaci\u00f3n de Trabajadores de Colombia \u2013CTC-, y la Federaci\u00f3n Colombiana de Trabajadores de la Educaci\u00f3n -FECODE, se desarroll\u00f3 una amplia reuni\u00f3n en el d\u00eda de hoy, para\u2026","rel":"","context":"En \u00abEconom\u00eda\u00bb","block_context":{"text":"Econom\u00eda","link":"https:\/\/moir.com.co\/web\/category\/temas\/economia\/"},"img":{"alt_text":"","src":"https:\/\/i0.wp.com\/moir.com.co\/web\/wp-content\/uploads\/2017\/04\/cut.jpg?fit=341%2C200&ssl=1&resize=350%2C200","width":350,"height":200},"classes":[]},{"id":2152,"url":"https:\/\/moir.com.co\/web\/por-el-acuerdo-humanitario-no-a-la-guerra-no-al-secuestro\/","url_meta":{"origin":2436,"position":1},"title":"POR EL ACUERDO HUMANITARIO: NO A LA GUERRA, NO AL SECUESTRO","author":"admin","date":"enero 28, 2008","format":false,"excerpt":"Comit\u00e9 Ejecutivo Nacional del PDA, Bogot\u00e1, enero 28 de 2008 El Polo Democr\u00e1tico Alternativo convoca a una jornada por el Acuerdo Humanitario, contra la guerra y contra el secuestro, el 4 de febrero de 2008, a las 10:00 a.m., y para tales efectos invita a sumarse a las iniciativas de\u2026","rel":"","context":"En \u00abPolo Democr\u00e1tico Alternativo\u00bb","block_context":{"text":"Polo Democr\u00e1tico Alternativo","link":"https:\/\/moir.com.co\/web\/category\/polo-democratico-alternativo\/"},"img":{"alt_text":"","src":"","width":0,"height":0},"classes":[]},{"id":134,"url":"https:\/\/moir.com.co\/web\/los-avatares-de-la-tactica-de-fecode-de-la-resistencia-a-la-claudicacion\/","url_meta":{"origin":2436,"position":2},"title":"LOS AVATARES DE LA T\u00c1CTICA DE FECODE: DE LA RESISTENCIA A LA CLAUDICACI\u00d3N","author":"admin","date":"agosto 6, 2004","format":false,"excerpt":"\"El d\u00eda que la mataron, Rosita estaba de suerte, de tres tiros que le dieron, no m\u00e1s uno era de muerte. La casa era colorada y estaba reci\u00e9n pintada, con la sangre de Rosita le dieron otra pasada...\"3 Despu\u00e9s de la gran batalla contra el Acto Legislativo: pesimismo y desenga\u00f1o\u2026","rel":"","context":"En \u00abEscritos del Moir\u00bb","block_context":{"text":"Escritos del Moir","link":"https:\/\/moir.com.co\/web\/category\/moir\/escritos-del-moir\/"},"img":{"alt_text":"","src":"","width":0,"height":0},"classes":[]},{"id":16251,"url":"https:\/\/moir.com.co\/web\/video-esta-es-una-lucha-por-transformar-a-colombia-senador-jorge-enrique-robledo-en-las-marcha-de-maestros-y-estudiantes-octubre-23-de-2018\/","url_meta":{"origin":2436,"position":3},"title":"Video: Esta es una lucha por transformar a Colombia, senador Jorge Enrique Robledo en las marcha de maestros y estudiantes, octubre 23 de 2018","author":"admin","date":"octubre 24, 2018","format":"video","excerpt":"Intervenci\u00f3n del senador Robledo en la manifestaci\u00f3n del Magisterio colombiano en el marco del paro nacional de 24 horas convocado por Fecode el d\u00eda 23 de Octubre de 2018.","rel":"","context":"En \u00abCiencia\u00bb","block_context":{"text":"Ciencia","link":"https:\/\/moir.com.co\/web\/category\/temas\/ciencia\/"},"img":{"alt_text":"","src":"","width":0,"height":0},"classes":[]},{"id":534,"url":"https:\/\/moir.com.co\/web\/carta-al-presidente-de-fecode-convocandolo-a-que-la-federacion-se-ponga-al-frente-de-la-lucha-por-la-defensa-de-los-derechos-d\/","url_meta":{"origin":2436,"position":4},"title":"CARTA AL PRESIDENTE DE FECODE CONVOC\u00c1NDOLO A QUE LA FEDERACI\u00d3N SE PONGA AL FRENTE DE LA LUCHA POR LA DEFENSA DE LOS DERECHOS D","author":"admin","date":"agosto 10, 2004","format":false,"excerpt":"FECODE-CUT, Bogot\u00e1, julio 3 de 2003 Bogot\u00e1, julio 3 de 2003 Compa\u00f1ero JORGE ELI\u00c9CER GUEVARA Presidente y dem\u00e1s integrantes Comit\u00e9 Ejecutivo de FECODE Ciudad Fraternal saludo. Avanza la reestructuraci\u00f3n uribista del Estado. Los hechos de los \u00faltimos d\u00edas son una prueba palmaria de ello: la liquidaci\u00f3n sin contemplaciones de Telecom\u2026","rel":"","context":"En \u00abPronunciamientos de Organizaciones Sociales\u00bb","block_context":{"text":"Pronunciamientos de Organizaciones Sociales","link":"https:\/\/moir.com.co\/web\/category\/pronunciamientos-de-organizaciones-sociales\/"},"img":{"alt_text":"","src":"","width":0,"height":0},"classes":[]},{"id":963,"url":"https:\/\/moir.com.co\/web\/carta-al-presidente-de-fecode-convocandolo-a-que-la-federacion-se-ponga-al-frente-de-la-lucha-por-la-defensa-de-los-derechos-d-2\/","url_meta":{"origin":2436,"position":5},"title":"CARTA AL PRESIDENTE DE FECODE CONVOC\u00c1NDOLO A QUE LA FEDERACI\u00d3N SE PONGA AL FRENTE DE LA LUCHA POR LA DEFENSA DE LOS DERECHOS D","author":"admin","date":"agosto 14, 2004","format":false,"excerpt":"FECODE-CUT, Bogot\u00e1, julio 3 de 2003 Bogot\u00e1, julio 3 de 2003 Compa\u00f1ero JORGE ELI\u00c9CER GUEVARA Presidente y dem\u00e1s integrantes Comit\u00e9 Ejecutivo de FECODE Ciudad Fraternal saludo. Avanza la reestructuraci\u00f3n uribista del Estado. Los hechos de los \u00faltimos d\u00edas son una prueba palmaria de ello: la liquidaci\u00f3n sin contemplaciones de Telecom\u2026","rel":"","context":"En \u00abTribuna Magisterial\u00bb","block_context":{"text":"Tribuna Magisterial","link":"https:\/\/moir.com.co\/web\/category\/tribuna-magisterial\/"},"img":{"alt_text":"","src":"","width":0,"height":0},"classes":[]}],"jetpack_sharing_enabled":true,"_links":{"self":[{"href":"https:\/\/moir.com.co\/web\/wp-json\/wp\/v2\/posts\/2436","targetHints":{"allow":["GET"]}}],"collection":[{"href":"https:\/\/moir.com.co\/web\/wp-json\/wp\/v2\/posts"}],"about":[{"href":"https:\/\/moir.com.co\/web\/wp-json\/wp\/v2\/types\/post"}],"author":[{"embeddable":true,"href":"https:\/\/moir.com.co\/web\/wp-json\/wp\/v2\/users\/1"}],"replies":[{"embeddable":true,"href":"https:\/\/moir.com.co\/web\/wp-json\/wp\/v2\/comments?post=2436"}],"version-history":[{"count":0,"href":"https:\/\/moir.com.co\/web\/wp-json\/wp\/v2\/posts\/2436\/revisions"}],"wp:attachment":[{"href":"https:\/\/moir.com.co\/web\/wp-json\/wp\/v2\/media?parent=2436"}],"wp:term":[{"taxonomy":"category","embeddable":true,"href":"https:\/\/moir.com.co\/web\/wp-json\/wp\/v2\/categories?post=2436"},{"taxonomy":"post_tag","embeddable":true,"href":"https:\/\/moir.com.co\/web\/wp-json\/wp\/v2\/tags?post=2436"}],"curies":[{"name":"wp","href":"https:\/\/api.w.org\/{rel}","templated":true}]}}