{"id":2423,"date":"2008-07-09T23:07:17","date_gmt":"2008-07-09T23:07:17","guid":{"rendered":"https:\/\/moir.org.co\/web\/que-se-deroguen-inmediatamente-los-decretos-que-prohiben-el-comercio-de-leche-cruda-exigieron-15-mil-productores\/"},"modified":"2008-07-09T23:07:17","modified_gmt":"2008-07-09T23:07:17","slug":"que-se-deroguen-inmediatamente-los-decretos-que-prohiben-el-comercio-de-leche-cruda-exigieron-15-mil-productores","status":"publish","type":"post","link":"https:\/\/moir.com.co\/web\/que-se-deroguen-inmediatamente-los-decretos-que-prohiben-el-comercio-de-leche-cruda-exigieron-15-mil-productores\/","title":{"rendered":"QUE SE DEROGUEN INMEDIATAMENTE LOS DECRETOS QUE PROH\u00cdBEN EL COMERCIO DE LECHE CRUDA, EXIGIERON 15 MIL PRODUCTORES"},"content":{"rendered":"<p><b>Asociaci\u00f3n Nacional por la Salvaci\u00f3n Agropecuaria, Bogot\u00e1, julio 9 de 2008<\/b><\/p>\n<p>Quince mil ciudadanos participaron en la Jornada Nacional por el Derecho al Trabajo de los lecheros y la Seguridad Alimentaria de los colombianos. Los manifestantes exigieron al gobierno la derogatoria inmediata de los Decretos 2838 y 616 de 2006, con los cuales a partir del pr\u00f3ximo 24 de agosto quedar\u00e1 prohibido el comercio de leche cruda en el territorio nacional. Las voces de protesta de miles de integrantes de la cadena de la leche cruda se sintieron en ciudades como Tunja, Pereira, Popay\u00e1n, Ibagu\u00e9, y Neiva, entre otras.<\/p>\n<p>De mantener la decisi\u00f3n de prohibir el comercio de leche cruda, los manifestantes le notificaron al presidente de la Rep\u00fablica y a los ministros Arias y Palacio, que en agosto se realizar\u00e1 una multitudinaria marcha lechera con el objeto de defender su derecho al trabajo y a la producci\u00f3n y el derecho de amplias capas de la poblaci\u00f3n al consumo de leche cruda hervida como important\u00edsima fuente de energ\u00eda para su subsistencia.<\/p>\n<p>En Bogot\u00e1, los participantes de la Jornada orde\u00f1aron una vaca como acto simb\u00f3lico, distribuyeron entre los asistentes y transe\u00fantes muestras de sus productos y le enviaron al ministro de Agricultura un vaso rebosante de leche para demostrarle lo infundado de sus argumentos y que estos solo tienen como objeto el fortalecimiento del oligopolio pasteurizador y el abrirles la puerta a las importaciones de leche en polvo, lactosueros y otros derivados l\u00e1cteos.<\/p>\n<p>La Jornada Nacional cont\u00f3 con la solidaridad del Polo Democr\u00e1tico Alternativo y de dirigentes de distintas organizaciones sociales y de trabajadores, entre ellas la Central Unitaria de Trabajadores, CUT, y la Federaci\u00f3n Colombiana de Educadores, Fecode.<\/p>\n","protected":false},"excerpt":{"rendered":"<p>Asociaci\u00f3n Nacional por la Salvaci\u00f3n Agropecuaria, Bogot\u00e1, julio 9 de 2008 Quince mil ciudadanos participaron en la Jornada Nacional por el Derecho al Trabajo de los lecheros y la Seguridad Alimentaria de los colombianos. Los manifestantes exigieron al gobierno la derogatoria inmediata de los Decretos 2838 y 616 de 2006, con los cuales a partir [&hellip;]<\/p>\n","protected":false},"author":1,"featured_media":0,"comment_status":"open","ping_status":"open","sticky":false,"template":"","format":"standard","meta":{"advanced_seo_description":"","jetpack_seo_html_title":"","jetpack_seo_noindex":false,"_jetpack_memberships_contains_paid_content":false,"footnotes":""},"categories":[7],"tags":[],"class_list":["post-2423","post","type-post","status-publish","format-standard","hentry","category-pronunciamientos-de-organizaciones-sociales"],"jetpack_featured_media_url":"","jetpack-related-posts":[{"id":5388,"url":"https:\/\/moir.com.co\/web\/triunfa-la-resistencia-unificada-de-la-cadena-lactea-no-entrara-en-vigencia-el-decreto-que-prohibe-el-comercio-de-leche-cruda\/","url_meta":{"origin":2423,"position":0},"title":"Triunfa la resistencia unificada de la cadena l\u00e1ctea: No entrar\u00e1 en vigencia el decreto que proh\u00edbe el comercio de leche cruda","author":"admin","date":"marzo 9, 2011","format":false,"excerpt":"Como respuesta a la marcha que adelantaron hoy por el centro de Bogot\u00e1 siete mil productores, jarreadores e industriales de la cadena l\u00e1ctea provenientes de quince departamentos, el Ministerio de Agricultura se comprometi\u00f3 a no aplicar el decreto 3411, que proh\u00edbe el comercio de leche en cantina. El director ejecutivo\u2026","rel":"","context":"En \u00abJorge Enrique Robledo\u00bb","block_context":{"text":"Jorge Enrique Robledo","link":"https:\/\/moir.com.co\/web\/category\/jorge-enrique-robledo\/"},"img":{"alt_text":"","src":"","width":0,"height":0},"classes":[]},{"id":2440,"url":"https:\/\/moir.com.co\/web\/por-unanimidad-comision-quinta-de-senado-invita-al-gobierno-a-derogar-decretos-que-prohiben-comercio-de-leche-cruda-en-colombia\/","url_meta":{"origin":2423,"position":1},"title":"POR UNANIMIDAD, COMISI\u00d3N QUINTA DE SENADO INVITA AL GOBIERNO A DEROGAR DECRETOS QUE PROH\u00cdBEN COMERCIO DE LECHE CRUDA EN COLOMBIA","author":"admin","date":"julio 22, 2008","format":false,"excerpt":"Oficina de Prensa, Jorge Enrique Robledo, Bogot\u00e1, 22 de julio de 2008. Con la firma de los doce congresistas integrantes, tanto de la bancada uribista como de la oposici\u00f3n, la Comisi\u00f3n Quinta del Senado invit\u00f3 a los ministros de Agricultura y Protecci\u00f3n Social, Andr\u00e9s Felipe Arias y Diego Palacio, a\u2026","rel":"","context":"En \u00abJorge Enrique Robledo\u00bb","block_context":{"text":"Jorge Enrique Robledo","link":"https:\/\/moir.com.co\/web\/category\/jorge-enrique-robledo\/"},"img":{"alt_text":"","src":"","width":0,"height":0},"classes":[]},{"id":5365,"url":"https:\/\/moir.com.co\/web\/200-mil-familias-abocadas-a-la-quiebra-por-decreto-que-prohibe-comercializar-leche-en-cantina\/","url_meta":{"origin":2423,"position":2},"title":"200 mil familias abocadas a la quiebra por decreto que proh\u00edbe comercializar leche en cantina","author":"admin","date":"marzo 4, 2011","format":false,"excerpt":"Senadores de la Comisi\u00f3n Quinta le piden al Minagricultura mantener el comercio de leche cruda. Marcha lechera en Bogota el 9 de marzo. A partir del pr\u00f3ximo jueves 10 de marzo, doscientas mil familias dedicadas a la peque\u00f1a y a la mediana ganader\u00eda, como tambi\u00e9n a comerciar y a procesar\u2026","rel":"","context":"En \u00abJorge Enrique Robledo\u00bb","block_context":{"text":"Jorge Enrique Robledo","link":"https:\/\/moir.com.co\/web\/category\/jorge-enrique-robledo\/"},"img":{"alt_text":"","src":"","width":0,"height":0},"classes":[]},{"id":2449,"url":"https:\/\/moir.com.co\/web\/arias-confirma-que-sus-decretos-sobre-leche-cruda-son-para-favorecer-el-oligopolio-pasteurizador-dice-robledo\/","url_meta":{"origin":2423,"position":3},"title":"\u201cARIAS CONFIRMA QUE SUS DECRETOS SOBRE LECHE CRUDA SON PARA FAVORECER EL OLIGOPOLIO PASTEURIZADOR\u201d, DICE ROBLEDO","author":"admin","date":"julio 28, 2008","format":false,"excerpt":"Oficina de Prensa, Senador Jorge Enrique Robledo, Bogot\u00e1, 28 de julio de 2008. Refiri\u00e9ndose a una informaci\u00f3n de Portafolio del viernes 25 de julio pasado, donde el ministro de Agricultura afirm\u00f3: \u201cEstamos trabajando para que los agroindustriales (pasteurizadores) puedan absorber m\u00e1s producto y, a su vez, sea menor la cantidad\u2026","rel":"","context":"En \u00abJorge Enrique Robledo\u00bb","block_context":{"text":"Jorge Enrique Robledo","link":"https:\/\/moir.com.co\/web\/category\/jorge-enrique-robledo\/"},"img":{"alt_text":"","src":"","width":0,"height":0},"classes":[]},{"id":4640,"url":"https:\/\/moir.com.co\/web\/nuevamente-importantes-coincidencias-en-la-comision-quinta\/","url_meta":{"origin":2423,"position":4},"title":"Nuevamente importantes coincidencias en la Comisi\u00f3n Quinta","author":"admin","date":"agosto 10, 2010","format":false,"excerpt":"Acuerdos en defensa de las regal\u00edas, la leche y el arroz Por absoluta unanimidad, la Comisi\u00f3n Quinta del Senado deleg\u00f3 en su presidenta, la senadora Daira Galvis, remitir al gobierno una carta en la que le solicite tramitar en las Comisiones Quintas de C\u00e1mara y Senado, por ser de su\u2026","rel":"","context":"En \u00abJorge Enrique Robledo\u00bb","block_context":{"text":"Jorge Enrique Robledo","link":"https:\/\/moir.com.co\/web\/category\/jorge-enrique-robledo\/"},"img":{"alt_text":"","src":"","width":0,"height":0},"classes":[]},{"id":2413,"url":"https:\/\/moir.com.co\/web\/los-decretos-sobre-la-leche-en-cantina-un-ejemplo-de-confianza-inversionista\/","url_meta":{"origin":2423,"position":5},"title":"LOS DECRETOS SOBRE LA LECHE EN CANTINA; UN EJEMPLO DE \u201cCONFIANZA\u2013INVERSIONISTA\u201d","author":"admin","date":"julio 2, 2008","format":false,"excerpt":"Aurelio Su\u00e1rez Montoya, La Tarde, Pereira, julio 1 de 2008 Se vienen discutiendo los motivos e impactos sanitarios, econ\u00f3micos y sociales de los decretos 616 y 2838 de 2006 del ministerio de Protecci\u00f3n Social que prohibieron la comercializaci\u00f3n de \u201cleche cruda\u201d y de \u201cleche cruda enfriada\u201d para el consumo humano\u2026","rel":"","context":"En \u00abTemas\u00bb","block_context":{"text":"Temas","link":"https:\/\/moir.com.co\/web\/category\/temas\/"},"img":{"alt_text":"","src":"","width":0,"height":0},"classes":[]}],"jetpack_sharing_enabled":true,"_links":{"self":[{"href":"https:\/\/moir.com.co\/web\/wp-json\/wp\/v2\/posts\/2423","targetHints":{"allow":["GET"]}}],"collection":[{"href":"https:\/\/moir.com.co\/web\/wp-json\/wp\/v2\/posts"}],"about":[{"href":"https:\/\/moir.com.co\/web\/wp-json\/wp\/v2\/types\/post"}],"author":[{"embeddable":true,"href":"https:\/\/moir.com.co\/web\/wp-json\/wp\/v2\/users\/1"}],"replies":[{"embeddable":true,"href":"https:\/\/moir.com.co\/web\/wp-json\/wp\/v2\/comments?post=2423"}],"version-history":[{"count":0,"href":"https:\/\/moir.com.co\/web\/wp-json\/wp\/v2\/posts\/2423\/revisions"}],"wp:attachment":[{"href":"https:\/\/moir.com.co\/web\/wp-json\/wp\/v2\/media?parent=2423"}],"wp:term":[{"taxonomy":"category","embeddable":true,"href":"https:\/\/moir.com.co\/web\/wp-json\/wp\/v2\/categories?post=2423"},{"taxonomy":"post_tag","embeddable":true,"href":"https:\/\/moir.com.co\/web\/wp-json\/wp\/v2\/tags?post=2423"}],"curies":[{"name":"wp","href":"https:\/\/api.w.org\/{rel}","templated":true}]}}