{"id":2421,"date":"2008-07-08T14:19:39","date_gmt":"2008-07-08T14:19:39","guid":{"rendered":"https:\/\/moir.org.co\/web\/9-de-julio-jornada-nacional-por-el-derecho-al-trabajo-de-los-lecheros-y-la-seguridad-alimentaria-de-los-colombianos\/"},"modified":"2008-07-08T14:19:39","modified_gmt":"2008-07-08T14:19:39","slug":"9-de-julio-jornada-nacional-por-el-derecho-al-trabajo-de-los-lecheros-y-la-seguridad-alimentaria-de-los-colombianos","status":"publish","type":"post","link":"https:\/\/moir.com.co\/web\/9-de-julio-jornada-nacional-por-el-derecho-al-trabajo-de-los-lecheros-y-la-seguridad-alimentaria-de-los-colombianos\/","title":{"rendered":"9 DE JULIO, JORNADA NACIONAL POR EL DERECHO AL TRABAJO DE LOS LECHEROS Y LA SEGURIDAD ALIMENTARIA DE LOS COLOMBIANOS"},"content":{"rendered":"<p><b>Asociacion Nacional por la Salvacion Agropecuaria, www.salvacionagropecuaria.net, julio 8 de 2008<\/b><\/p>\n<p>Impulsada por un gran n\u00famero de organizaciones sociales y cooperativas de productores de leche, de comercializadores y peque\u00f1os industriales de la cadena l\u00e1ctea, se realizar\u00e1 en m\u00e1s de 15 sitios del territorio nacional, el mi\u00e9rcoles 9 de julio, una Jornada Nacional por el Derecho al Trabajo de los lecheros y la Seguridad Alimentaria de los colombianos.<\/p>\n<p>La raz\u00f3n principal de esta Jornada es demandar la Derogatoria de los decretos 616 y 2838 de 2006, expedidos por el Gobierno Nacional, que a partir del 24 de agosto de 2008 proh\u00edben el transporte y la distribuci\u00f3n de leche cruda para el consumo humano directo. Adem\u00e1s fijan una serie de requisitos imposibles de cumplir para todos los miembros de la cadena l\u00e1ctea, excluyendo con ello de su fuente de trabajo y de ingreso a decenas de miles de hogares de peque\u00f1os y medianos productores y empresarios urbanos y rurales. <\/p>\n<p>Estos decretos est\u00e1n fundamentados en los compromisos contra\u00eddos por Colombia en la Organizaci\u00f3n Mundial del Comercio, OMC, e imponen como patr\u00f3n \u00fanico de consumo la pasteurizaci\u00f3n, suprimiendo el de la leche hervida, con lo cual se obliga a las familias, en much\u00edsimos municipios y regiones, a destinar el doble del dinero diario para adquirir ese l\u00edquido vital, en especial para los ni\u00f1os. <\/p>\n<p>Es evidente que con estas disposiciones se fortalece la posici\u00f3n dominante de las cinco empresas, la mayor\u00eda multinacionales, que controlan la industria l\u00e1ctea en el pa\u00eds, consolid\u00e1ndose as\u00ed un verdadero oligopolio. Por eso en distintos lugares como Neiva, Bogot\u00e1, Mariquita, Pereira, La Dorada, Monter\u00eda, Oca\u00f1a, Tunja, Chiquinquir\u00e1 (8 de julio), El Pat\u00eda (El Bordo), Popay\u00e1n, Ibagu\u00e9 y Florencia (Caquet\u00e1), entre otros, desde las 11 de la ma\u00f1ana se adelantar\u00e1n manifestaciones pac\u00edficas y concentraciones p\u00fablicas que denunciar\u00e1n el grave atropello y exigir\u00e1n una soluci\u00f3n justa y acorde con la realidad nacional.<\/p>\n","protected":false},"excerpt":{"rendered":"<p>Asociacion Nacional por la Salvacion Agropecuaria, www.salvacionagropecuaria.net, julio 8 de 2008 Impulsada por un gran n\u00famero de organizaciones sociales y cooperativas de productores de leche, de comercializadores y peque\u00f1os industriales de la cadena l\u00e1ctea, se realizar\u00e1 en m\u00e1s de 15 sitios del territorio nacional, el mi\u00e9rcoles 9 de julio, una Jornada Nacional por el Derecho [&hellip;]<\/p>\n","protected":false},"author":1,"featured_media":0,"comment_status":"open","ping_status":"open","sticky":false,"template":"","format":"standard","meta":{"advanced_seo_description":"","jetpack_seo_html_title":"","jetpack_seo_noindex":false,"_jetpack_memberships_contains_paid_content":false,"footnotes":""},"categories":[7],"tags":[],"class_list":["post-2421","post","type-post","status-publish","format-standard","hentry","category-pronunciamientos-de-organizaciones-sociales"],"jetpack_featured_media_url":"","jetpack-related-posts":[{"id":2423,"url":"https:\/\/moir.com.co\/web\/que-se-deroguen-inmediatamente-los-decretos-que-prohiben-el-comercio-de-leche-cruda-exigieron-15-mil-productores\/","url_meta":{"origin":2421,"position":0},"title":"QUE SE DEROGUEN INMEDIATAMENTE LOS DECRETOS QUE PROH\u00cdBEN EL COMERCIO DE LECHE CRUDA, EXIGIERON 15 MIL PRODUCTORES","author":"admin","date":"julio 9, 2008","format":false,"excerpt":"Asociaci\u00f3n Nacional por la Salvaci\u00f3n Agropecuaria, Bogot\u00e1, julio 9 de 2008 Quince mil ciudadanos participaron en la Jornada Nacional por el Derecho al Trabajo de los lecheros y la Seguridad Alimentaria de los colombianos. Los manifestantes exigieron al gobierno la derogatoria inmediata de los Decretos 2838 y 616 de 2006,\u2026","rel":"","context":"En \u00abPronunciamientos de Organizaciones Sociales\u00bb","block_context":{"text":"Pronunciamientos de Organizaciones Sociales","link":"https:\/\/moir.com.co\/web\/category\/pronunciamientos-de-organizaciones-sociales\/"},"img":{"alt_text":"","src":"","width":0,"height":0},"classes":[]},{"id":2422,"url":"https:\/\/moir.com.co\/web\/robledo-respalda-peticiones-de-miles-de-lecheros-contra-los-decretos-que-los-dejaran-sin-empleo\/","url_meta":{"origin":2421,"position":1},"title":"ROBLEDO RESPALDA PETICIONES DE MILES DE LECHEROS CONTRA LOS DECRETOS QUE LOS DEJAR\u00c1N SIN EMPLEO","author":"admin","date":"julio 8, 2008","format":false,"excerpt":"Oficina de Prensa, Senador Jorge Enrique Robledo, Bogot\u00e1, 8 de julio de 2008. En protesta contra los decretos 616 y 2838 de 2006, que proh\u00edben la comercializaci\u00f3n de leche en cantina, miles de jarreadores y cruderos, procesadores de leche y ganaderos peque\u00f1os y medianos se concentrar\u00e1n ma\u00f1ana mi\u00e9rcoles 9 de\u2026","rel":"","context":"En \u00abJorge Enrique Robledo\u00bb","block_context":{"text":"Jorge Enrique Robledo","link":"https:\/\/moir.com.co\/web\/category\/jorge-enrique-robledo\/"},"img":{"alt_text":"","src":"","width":0,"height":0},"classes":[]},{"id":5383,"url":"https:\/\/moir.com.co\/web\/varios-congresistas-participaran-en-la-marcha-lechera-en-defensa-de-la-cadena-lactea-nacional\/","url_meta":{"origin":2421,"position":2},"title":"Varios congresistas participar\u00e1n en la marcha lechera en defensa de la cadena l\u00e1ctea nacional","author":"admin","date":"marzo 8, 2011","format":false,"excerpt":"La senadora Daira Galvis, los senadores Germ\u00e1n Carlosama, Jorge Enrique Robledo y otros congresistas, participar\u00e1n en la marcha lechera que se realizar\u00e1 el mi\u00e9rcoles 9 de marzo en Bogot\u00e1. Los parlamentarios acompa\u00f1ar\u00e1n a decenas de organizaciones de la cadena l\u00e1ctea, que marchar\u00e1n en defensa de la leche cantina y la\u2026","rel":"","context":"En \u00abJorge Enrique Robledo\u00bb","block_context":{"text":"Jorge Enrique Robledo","link":"https:\/\/moir.com.co\/web\/category\/jorge-enrique-robledo\/"},"img":{"alt_text":"","src":"","width":0,"height":0},"classes":[]},{"id":422,"url":"https:\/\/moir.com.co\/web\/la-suiza-colombiana-no-a-importacion-lechera\/","url_meta":{"origin":2421,"position":3},"title":"LA SUIZA COLOMBIANA: NO A  IMPORTACI\u00d3N LECHERA","author":"admin","date":"agosto 8, 2004","format":false,"excerpt":"Los 800 productores de 224.000 litros diarios de leche de Entrerr\u00edos, Antioquia, conocida como la Suiza Colombiana de los Festivales del Paisaje, rechazaron un\u00e1nimemente las importaciones masivas de leche en polvo en Foro efectuado el 5 de junio en la Cooperativa Agropecuaria. En carta al Presidente saliente Andr\u00e9s Pastrana y\u2026","rel":"","context":"En \u00abPronunciamientos de Organizaciones Sociales\u00bb","block_context":{"text":"Pronunciamientos de Organizaciones Sociales","link":"https:\/\/moir.com.co\/web\/category\/pronunciamientos-de-organizaciones-sociales\/"},"img":{"alt_text":"","src":"","width":0,"height":0},"classes":[]},{"id":12800,"url":"https:\/\/moir.com.co\/web\/exitosos-encuentros-en-el-norte-y-oriente-de-antioquia-convocan-encuentro-nacional-de-productores-de-leche-para-el-21-de-julio-en-medellin\/","url_meta":{"origin":2421,"position":4},"title":"Exitosos encuentros en el norte y oriente de Antioquia convocan encuentro nacional de productores de leche para el 21 de julio en Medell\u00edn","author":"admin","date":"julio 3, 2017","format":false,"excerpt":"Dignidad Agropecuaria, Antioquia, julio 1 de 2017 Ante crisis que viven, productores de leche en Colombia se dieron cita en Antioquia. Convocan a un Gran Encuentro Lechero Nacional para plantear alternativas de soluci\u00f3n. \u00a0 El viernes 30 de junio y el s\u00e1bado 1 de julio se dieron cita en Santa\u2026","rel":"","context":"En \u00abAgro\u00bb","block_context":{"text":"Agro","link":"https:\/\/moir.com.co\/web\/category\/temas\/agro\/"},"img":{"alt_text":"","src":"","width":0,"height":0},"classes":[]},{"id":2432,"url":"https:\/\/moir.com.co\/web\/la-desobediencia-civil-de-los-lecheros\/","url_meta":{"origin":2421,"position":5},"title":"LA DESOBEDIENCIA CIVIL DE LOS LECHEROS","author":"admin","date":"julio 14, 2008","format":false,"excerpt":"Aurelio Su\u00e1rez Montoya, La Tarde, Pereira, 15 de julio de 2008. A la demostraci\u00f3n de 15.000 lecheros que el 9 de julio pasado en Bogot\u00e1, Monter\u00eda, Popay\u00e1n, Pereira, Mariquita, Neiva, Florencia, La Dorada, Oca\u00f1a, Chiquinquir\u00e1 y Tunja, entre varias ciudades, protestaron en contra de los decretos 616 y 2838 de\u2026","rel":"","context":"En \u00abTemas\u00bb","block_context":{"text":"Temas","link":"https:\/\/moir.com.co\/web\/category\/temas\/"},"img":{"alt_text":"","src":"","width":0,"height":0},"classes":[]}],"jetpack_sharing_enabled":true,"_links":{"self":[{"href":"https:\/\/moir.com.co\/web\/wp-json\/wp\/v2\/posts\/2421","targetHints":{"allow":["GET"]}}],"collection":[{"href":"https:\/\/moir.com.co\/web\/wp-json\/wp\/v2\/posts"}],"about":[{"href":"https:\/\/moir.com.co\/web\/wp-json\/wp\/v2\/types\/post"}],"author":[{"embeddable":true,"href":"https:\/\/moir.com.co\/web\/wp-json\/wp\/v2\/users\/1"}],"replies":[{"embeddable":true,"href":"https:\/\/moir.com.co\/web\/wp-json\/wp\/v2\/comments?post=2421"}],"version-history":[{"count":0,"href":"https:\/\/moir.com.co\/web\/wp-json\/wp\/v2\/posts\/2421\/revisions"}],"wp:attachment":[{"href":"https:\/\/moir.com.co\/web\/wp-json\/wp\/v2\/media?parent=2421"}],"wp:term":[{"taxonomy":"category","embeddable":true,"href":"https:\/\/moir.com.co\/web\/wp-json\/wp\/v2\/categories?post=2421"},{"taxonomy":"post_tag","embeddable":true,"href":"https:\/\/moir.com.co\/web\/wp-json\/wp\/v2\/tags?post=2421"}],"curies":[{"name":"wp","href":"https:\/\/api.w.org\/{rel}","templated":true}]}}