{"id":2404,"date":"2008-06-26T20:45:10","date_gmt":"2008-06-26T20:45:10","guid":{"rendered":"https:\/\/moir.org.co\/web\/la-cut-llama-a-conformar-un-frente-por-la-defensa-de-los-derechos-fundamentales-de-los-colombianos\/"},"modified":"2008-06-26T20:45:10","modified_gmt":"2008-06-26T20:45:10","slug":"la-cut-llama-a-conformar-un-frente-por-la-defensa-de-los-derechos-fundamentales-de-los-colombianos","status":"publish","type":"post","link":"https:\/\/moir.com.co\/web\/la-cut-llama-a-conformar-un-frente-por-la-defensa-de-los-derechos-fundamentales-de-los-colombianos\/","title":{"rendered":"LA CUT LLAMA A CONFORMAR UN FRENTE POR LA DEFENSA DE LOS DERECHOS FUNDAMENTALES DE LOS COLOMBIANOS"},"content":{"rendered":"<p><b>Central Unitaria de Trabajadores, CUT, Bogot\u00e1, junio 25 de 2008<\/b><\/p>\n<p>Por la severidad y el autoritarismo con que el gobierno de \u00c1lvaro Uribe V\u00e9lez ha actuado contra los trabajadores y sus organizaciones sindicales, la CUT no asisti\u00f3 al llamado del presidente para tratar lo relacionado con la crisis que est\u00e1 provocando la revaluaci\u00f3n del peso y las altas tasas de inflaci\u00f3n.<\/p>\n<p>El desconocimiento de las m\u00ednimas garant\u00edas para organizarse y funcionar como organizaciones gremiales, el dr\u00e1stico recorte de derechos como las pensiones, el desmonte del ISS, las privatizaciones de las empresas rentables del estado, el incremento mensual de los combustibles, la ausencia de estabilidad en el empleo, el recorte de las remuneraciones de tiempo nocturno, dominical y festivo, el estimulo gubernamental a las distintas formas de tercerizaci\u00f3n y una pol\u00edtica tributaria que grava a la poblaci\u00f3n con asfixiantes impuestos como el IVA, predial, sobretasas y valorizaciones, entre otros, profundizando la pobreza y el desempleo, mientras se le rebajan a las multinacionales y los monopolios nacionales, medidas todas que no son se\u00f1a de que el gobierno quiera concertar una pol\u00edtica favorable a los trabajadores y la poblaci\u00f3n m\u00e1s desprotegida.<\/p>\n<p>Las razones para no asistir abundan, s\u00ed adem\u00e1s recordamos que el gobierno del presidente Uribe se ha negado consecutivamente a aplicar las decisiones de la OIT interpuestas por la CUT por actuaciones del gobierno y los empresarios en contra de los derechos laborales de los trabajadores; la impunidad y falta de garant\u00edas ante las acciones de violencia y exterminio contra el movimiento sindical, la falta de armon\u00eda de la legislaci\u00f3n interna con la normatividad internacional del trabajo, el tratamiento represivo a las protestas de trabajadores y empleados, la iniciativa gubernamental en la desmejora de la calidad del empleo, en fin , este gobierno no da se\u00f1al alguna de consideraci\u00f3n de las necesidades y derechos de los trabajadores.<\/p>\n<p>Nos corresponde entonces rechazar los anuncios de los gremios econ\u00f3micos, del Banco de la Rep\u00fablica, del Banco Mundial,  que se dirigen a se\u00f1alar que la crisis se conjura aumentando la competitividad sobre la base de bajar los salarios, disminuir el gasto p\u00fablico, crear mayores garant\u00edas para la inversi\u00f3n extranjera, tramitar una nueva reforma tributaria contra los pobres y en \u00faltimas mantener el recetario neoliberal.<\/p>\n<p>La CUT hace un llamado a los sectores productivos, a los partidos y movimientos pol\u00edticos, democr\u00e1ticos, a los trabajadores y a todos los afectados por la pol\u00edtica neoliberal para conformar un gran frente por la recuperaci\u00f3n del mercado interno, la reversi\u00f3n de las privatizaciones, el restablecimiento de los derechos de los trabajadores, el manejo soberano de los recursos naturales; el rechazo a la firma del TLC con Estados Unidos, la reelecci\u00f3n presidencial, la parapol\u00edtica y la profundizaci\u00f3n de la corrupci\u00f3n, la impunidad y en consecuencia la revisi\u00f3n de todas las medidas que han conducido a la concentraci\u00f3n de la riqueza en pocas manos y la  generalizaci\u00f3n de la pobreza en millones de colombianos y colombianas.<\/p>\n<p>FABIO ARIAS GIRALDO<br \/>\nVicepresidente                                                                     <\/p>\n<p>BORIS MONTES DE OCA ANAYA<br \/>\nSecretario General <\/p>\n","protected":false},"excerpt":{"rendered":"<p>Central Unitaria de Trabajadores, CUT, Bogot\u00e1, junio 25 de 2008 Por la severidad y el autoritarismo con que el gobierno de \u00c1lvaro Uribe V\u00e9lez ha actuado contra los trabajadores y sus organizaciones sindicales, la CUT no asisti\u00f3 al llamado del presidente para tratar lo relacionado con la crisis que est\u00e1 provocando la revaluaci\u00f3n del peso [&hellip;]<\/p>\n","protected":false},"author":1,"featured_media":0,"comment_status":"open","ping_status":"open","sticky":false,"template":"","format":"standard","meta":{"advanced_seo_description":"","jetpack_seo_html_title":"","jetpack_seo_noindex":false,"_jetpack_memberships_contains_paid_content":false,"footnotes":""},"categories":[7],"tags":[],"class_list":["post-2404","post","type-post","status-publish","format-standard","hentry","category-pronunciamientos-de-organizaciones-sociales"],"jetpack_featured_media_url":"","jetpack-related-posts":[{"id":3075,"url":"https:\/\/moir.com.co\/web\/cartaprotesta-por-interceptacion-de-llamadas-telefonicas-de-las-afiliadas-ctc-y-cut-en-colombia\/","url_meta":{"origin":2404,"position":0},"title":"Carta\/protesta por interceptaci\u00f3n de llamadas telefonicas de las afiliadas CTC y CUT en Colombia","author":"admin","date":"mayo 12, 2009","format":false,"excerpt":"Se\u00f1or \u00c1lvaro Uribe V\u00e9lez Presidente de La Rep\u00fablica Bogot\u00e1, Colombia Se\u00f1or Presidente: La Confederaci\u00f3n Sindical de Trabajadores\/as de las Am\u00e9ricas (CSA) expresi\u00f3n continental de la Confederaci\u00f3n Sindical Internacional (CSI) que en la regi\u00f3n representa a m\u00e1s de 50 millones de trabajadores\/as expresa su profundo rechazo por las irregularidades cometidas desde\u2026","rel":"","context":"En \u00abPronunciamientos de Organizaciones Sociales\u00bb","block_context":{"text":"Pronunciamientos de Organizaciones Sociales","link":"https:\/\/moir.com.co\/web\/category\/pronunciamientos-de-organizaciones-sociales\/"},"img":{"alt_text":"","src":"","width":0,"height":0},"classes":[]},{"id":4636,"url":"https:\/\/moir.com.co\/web\/posicion-de-la-cut-frente-al-gobierno-de-santos\/","url_meta":{"origin":2404,"position":1},"title":"Posici\u00f3n de la CUT frente al gobierno de Santos","author":"admin","date":"agosto 10, 2010","format":false,"excerpt":"El Gobierno de Uribe dej\u00f3 en situaci\u00f3n cr\u00edtica a los trabajadores y a la poblaci\u00f3n en general, con la aprobaci\u00f3n de reformas constitucionales y la expedici\u00f3n de leyes, que recortaron los derechos laborales, las garant\u00edas sindicales y los derechos sociales de la poblaci\u00f3n, en contrav\u00eda de la Constituci\u00f3n y de\u2026","rel":"","context":"En \u00abPronunciamientos de Organizaciones Sociales\u00bb","block_context":{"text":"Pronunciamientos de Organizaciones Sociales","link":"https:\/\/moir.com.co\/web\/category\/pronunciamientos-de-organizaciones-sociales\/"},"img":{"alt_text":"","src":"","width":0,"height":0},"classes":[]},{"id":632,"url":"https:\/\/moir.com.co\/web\/resolucion-de-la-cut-antioquia-contra-los-nefastos-contratos-sindicales\/","url_meta":{"origin":2404,"position":2},"title":"RESOLUCI\u00d3N DE LA CUT ANTIOQUIA CONTRA LOS NEFASTOS &#8220;CONTRATOS SINDICALES&#8221;","author":"admin","date":"agosto 11, 2004","format":false,"excerpt":"Central Unitaria de Trabajadores -CUT- Antioquia, Medell\u00edn, marzo 6 de 2004. RESOLUCI\u00d3N La Junta Departamental de Antioquia de la Subdirectiva CUT reunida en Medell\u00edn los d\u00edas 3, 4, 5 y 6 de Marzo de 2004. CONSIDERANDO: 1. Que la pol\u00edtica neoliberal del gobierno de Uribe V\u00e9lez comprometida con la OMC\u2026","rel":"","context":"En \u00abPronunciamientos de Organizaciones Sociales\u00bb","block_context":{"text":"Pronunciamientos de Organizaciones Sociales","link":"https:\/\/moir.com.co\/web\/category\/pronunciamientos-de-organizaciones-sociales\/"},"img":{"alt_text":"","src":"","width":0,"height":0},"classes":[]},{"id":12813,"url":"https:\/\/moir.com.co\/web\/cut-ctc-y-pensionados-llaman-a-movilizacion-nacional-el-18-de-julio\/","url_meta":{"origin":2404,"position":3},"title":"CUT, CTC y Pensionados, llaman a movilizaci\u00f3n nacional el 18 de julio","author":"admin","date":"julio 6, 2017","format":false,"excerpt":"Bogot\u00e1, julio 6 de 2017 Las centrales sindicales CUT y CTC y las Confederaciones de Pensionados, definieron tras una reuni\u00f3n realizada el d\u00eda de hoy, realizar una movilizaci\u00f3n nacional el pr\u00f3ximo 18 de julio para exigir al presidente Santos que sancione la ley que disminuye el aporte a salud del\u2026","rel":"","context":"En \u00abEconom\u00eda\u00bb","block_context":{"text":"Econom\u00eda","link":"https:\/\/moir.com.co\/web\/category\/temas\/economia\/"},"img":{"alt_text":"","src":"https:\/\/i0.wp.com\/moir.com.co\/web\/wp-content\/uploads\/2017\/06\/maestrosbogotaparo220415.jpg?fit=720%2C960&ssl=1&resize=350%2C200","width":350,"height":200,"srcset":"https:\/\/i0.wp.com\/moir.com.co\/web\/wp-content\/uploads\/2017\/06\/maestrosbogotaparo220415.jpg?fit=720%2C960&ssl=1&resize=350%2C200 1x, https:\/\/i0.wp.com\/moir.com.co\/web\/wp-content\/uploads\/2017\/06\/maestrosbogotaparo220415.jpg?fit=720%2C960&ssl=1&resize=525%2C300 1.5x, https:\/\/i0.wp.com\/moir.com.co\/web\/wp-content\/uploads\/2017\/06\/maestrosbogotaparo220415.jpg?fit=720%2C960&ssl=1&resize=700%2C400 2x"},"classes":[]},{"id":452,"url":"https:\/\/moir.com.co\/web\/sobre-el-nuevo-comite-ejecutivo-de-la-cut\/","url_meta":{"origin":2404,"position":4},"title":"SOBRE EL NUEVO COMIT\u00c9 EJECUTIVO DE  LA CUT","author":"admin","date":"agosto 9, 2004","format":false,"excerpt":"Bogot\u00e1, noviembre 12 de 2002 Durante 16 a\u00f1os, en la CUT ha predominado, no sin tropiezos, la democracia sindical, siendo uno de los pilares de su consolidaci\u00f3n y desarrollo que la han convertido en una de las centrales obreras m\u00e1s importantes de Am\u00e9rica Latina, respetada por el movimiento sindical internacional\u2026","rel":"","context":"En \u00abPronunciamientos de Organizaciones Sociales\u00bb","block_context":{"text":"Pronunciamientos de Organizaciones Sociales","link":"https:\/\/moir.com.co\/web\/category\/pronunciamientos-de-organizaciones-sociales\/"},"img":{"alt_text":"","src":"","width":0,"height":0},"classes":[]},{"id":620,"url":"https:\/\/moir.com.co\/web\/la-cut-debe-liderar-la-lucha-contra-uribe-velez-y-el-imperialismo\/","url_meta":{"origin":2404,"position":5},"title":"LA CUT DEBE LIDERAR LA LUCHA CONTRA URIBE V\u00c9LEZ  Y EL IMPERIALISMO","author":"admin","date":"agosto 11, 2004","format":false,"excerpt":"Documento presentado a la Junta Nacional de la CUT, febrero 12, 13 y 14 de 2004 Estamos ante uno de los gobiernos m\u00e1s sumisos frente a la pol\u00edtica imperialista en la historia de Colombia, tan s\u00f3lo comparable con el de los traidores comprometidos en el robo del departamento de Panam\u00e1\u2026","rel":"","context":"En \u00abPronunciamientos de Organizaciones Sociales\u00bb","block_context":{"text":"Pronunciamientos de Organizaciones Sociales","link":"https:\/\/moir.com.co\/web\/category\/pronunciamientos-de-organizaciones-sociales\/"},"img":{"alt_text":"","src":"","width":0,"height":0},"classes":[]}],"jetpack_sharing_enabled":true,"_links":{"self":[{"href":"https:\/\/moir.com.co\/web\/wp-json\/wp\/v2\/posts\/2404","targetHints":{"allow":["GET"]}}],"collection":[{"href":"https:\/\/moir.com.co\/web\/wp-json\/wp\/v2\/posts"}],"about":[{"href":"https:\/\/moir.com.co\/web\/wp-json\/wp\/v2\/types\/post"}],"author":[{"embeddable":true,"href":"https:\/\/moir.com.co\/web\/wp-json\/wp\/v2\/users\/1"}],"replies":[{"embeddable":true,"href":"https:\/\/moir.com.co\/web\/wp-json\/wp\/v2\/comments?post=2404"}],"version-history":[{"count":0,"href":"https:\/\/moir.com.co\/web\/wp-json\/wp\/v2\/posts\/2404\/revisions"}],"wp:attachment":[{"href":"https:\/\/moir.com.co\/web\/wp-json\/wp\/v2\/media?parent=2404"}],"wp:term":[{"taxonomy":"category","embeddable":true,"href":"https:\/\/moir.com.co\/web\/wp-json\/wp\/v2\/categories?post=2404"},{"taxonomy":"post_tag","embeddable":true,"href":"https:\/\/moir.com.co\/web\/wp-json\/wp\/v2\/tags?post=2404"}],"curies":[{"name":"wp","href":"https:\/\/api.w.org\/{rel}","templated":true}]}}