{"id":2356,"date":"2008-05-25T14:39:41","date_gmt":"2008-05-25T14:39:41","guid":{"rendered":"https:\/\/moir.org.co\/web\/amenazan-al-companero-daniel-aguirre-secretario-del-sindicato-nacional-de-corteros-sinalcorteros-cut\/"},"modified":"2008-05-25T14:39:41","modified_gmt":"2008-05-25T14:39:41","slug":"amenazan-al-companero-daniel-aguirre-secretario-del-sindicato-nacional-de-corteros-sinalcorteros-cut","status":"publish","type":"post","link":"https:\/\/moir.com.co\/web\/amenazan-al-companero-daniel-aguirre-secretario-del-sindicato-nacional-de-corteros-sinalcorteros-cut\/","title":{"rendered":"AMENAZAN AL COMPA\u00d1ERO DANIEL AGUIRRE,  SECRETARIO DEL SINDICATO NACIONAL DE CORTEROS, &#8220;SINALCORTEROS&#8221;- CUT"},"content":{"rendered":"<p><b>Junta Directiva de SINALCORTEROS, Florida (Valle), mayo 26 de 2008<\/b><\/p>\n<p>Los corteros de la ca\u00f1a de az\u00facar del Valle del Cauca est\u00e1n preparando una audiencia p\u00fablica sobre el impacto del negocio de los agrocombustibles en la comunidad vallecaucana, el ambiente y las relaciones laborales. Este evento que se celebrar\u00e1 el pr\u00f3ximo 14 de junio en el municipio de Pradera (Valle), en el coliseo &#8220;Nuevo Horizonte&#8221;, ha sido convocado por la Comisi\u00f3n Sexta del Senado de la Rep\u00fablica. El Sindicato Nacional de corteros, &#8220;SINALCORTEROS&#8221;, est\u00e1 comprometido en esta convocatoria.<\/p>\n<p>DANIEL AGUIRRE , cumpliendo la tarea aprobada por el sindicato, ha promovido la audiencia p\u00fablica sobre los agrocombustibles en cada uno de los municipios del sur del Valle del Cauca y del norte del Cauca. Este acontecimiento ha sido recibido por los ingenios, particularmente por los due\u00f1os de las destiler\u00edas de etanol, con recelo y descalificaciones, creando un ambiente hostil hacia los dirigentes que defienden el sindicalismo y la audiencia. Es en estas circunstancias y con ocasi\u00f3n de la celebraci\u00f3n de un consejo comunitario el s\u00e1bado 24 en Florida, presidido por el se\u00f1or Presidente de la Rep\u00fablica, en las que ocurren las insistentes amenazas contra la vida del compa\u00f1ero.<\/p>\n<p>Por la escala de asesinatos contra los sindicalistas en Colombia, debemos recurrir ante las autoridades, como lo hacen constantemente las organizaciones sociales, para exigirles cumplir el deber constitucional de velar por la vida de los asociados y garantizar el derecho a la libre organizaci\u00f3n sindical y a la vida de los sindicalistas.<\/p>\n<p>No puede ser que la pol\u00edtica de &#8220;seguridad democr\u00e1tica&#8221; se ufane de logros espectaculares, mientras que a los sindicalistas y a las gentes del com\u00fan se nos someta a la ley del silencio, la intimidaci\u00f3n y los asesinatos selectivos para acallar el reclamo por nuestros derechos fundamentales conculcados, sabiendo, como lo sabe el pa\u00eds, que el Estado colma de gabelas y garant\u00edas a los inversionistas y al oligopolio del negocio del etanol a costa del sacrificio del bienestar de los corteros y de la mayor\u00eda de la poblaci\u00f3n.<\/p>\n<p>FIRMA, JUNTA DIRECTIVA DE SINALCORTEROS, filial de la CUT.<\/p>\n<p>RAM\u00d3N PALACIOS CAICEDO, Presidente. <\/p>\n","protected":false},"excerpt":{"rendered":"<p>Junta Directiva de SINALCORTEROS, Florida (Valle), mayo 26 de 2008 Los corteros de la ca\u00f1a de az\u00facar del Valle del Cauca est\u00e1n preparando una audiencia p\u00fablica sobre el impacto del negocio de los agrocombustibles en la comunidad vallecaucana, el ambiente y las relaciones laborales. Este evento que se celebrar\u00e1 el pr\u00f3ximo 14 de junio en [&hellip;]<\/p>\n","protected":false},"author":1,"featured_media":0,"comment_status":"open","ping_status":"open","sticky":false,"template":"","format":"standard","meta":{"advanced_seo_description":"","jetpack_seo_html_title":"","jetpack_seo_noindex":false,"_jetpack_memberships_contains_paid_content":false,"footnotes":""},"categories":[7],"tags":[],"class_list":["post-2356","post","type-post","status-publish","format-standard","hentry","category-pronunciamientos-de-organizaciones-sociales"],"jetpack_featured_media_url":"","jetpack-related-posts":[{"id":6497,"url":"https:\/\/moir.com.co\/web\/repudiamos-asesinato-de-nuestro-secretario-general-daniel-aguirre\/","url_meta":{"origin":2356,"position":0},"title":"Repudiamos asesinato de nuestro Secretario General, Daniel Aguirre.","author":"admin","date":"abril 30, 2012","format":false,"excerpt":"SINALCORTEROS manifiesta su repudio por el execrable crimen de nuestro Secretario General, Daniel Aguirre Piedrahita, ocurrido en la noche del viernes 27 de abril, en Florida, Valle. El asesinato de Daniel se da en el contexto de intolerancia y violencia generalizada que azotan al pa\u00eds, en el que se destaca\u2026","rel":"","context":"En \u00abPronunciamientos de Organizaciones Sociales\u00bb","block_context":{"text":"Pronunciamientos de Organizaciones Sociales","link":"https:\/\/moir.com.co\/web\/category\/pronunciamientos-de-organizaciones-sociales\/"},"img":{"alt_text":"","src":"","width":0,"height":0},"classes":[]},{"id":2512,"url":"https:\/\/moir.com.co\/web\/argumentos-del-justo-paro-de-los-corteros-de-cana-del-valle-geografico-del-rio-cauca-colombia\/","url_meta":{"origin":2356,"position":1},"title":"ARGUMENTOS DEL JUSTO PARO DE LOS CORTEROS DE CA\u00d1A DEL VALLE GEOGR\u00c1FICO DEL R\u00cdO CAUCA &#8211; COLOMBIA","author":"admin","date":"septiembre 17, 2008","format":false,"excerpt":"Sinalcorteros, Cali, septiembre 17 de 2008 Para leer el documento completo en pdf utilice el siguiente v\u00ednculo: ARGUMENTOS DEL JUSTO PARO DE LOS CORTEROS DE CA\u00d1A DEL VALLE GEOGR\u00c1FICO DEL R\u00cdO CAUCA - COLOMBIA","rel":"","context":"En \u00abPronunciamientos de Organizaciones Sociales\u00bb","block_context":{"text":"Pronunciamientos de Organizaciones Sociales","link":"https:\/\/moir.com.co\/web\/category\/pronunciamientos-de-organizaciones-sociales\/"},"img":{"alt_text":"","src":"","width":0,"height":0},"classes":[]},{"id":2498,"url":"https:\/\/moir.com.co\/web\/preparemos-el-paro-por-nuestros-derechos\/","url_meta":{"origin":2356,"position":2},"title":"PREPAREMOS EL PARO POR NUESTROS DERECHOS","author":"admin","date":"septiembre 4, 2008","format":false,"excerpt":"Sindicato Nacional de Corteros de Ca\u00f1a, Sinalcorteros, Cali, septiembre 4 de 2008 Despu\u00e9s de la exitosa Audiencia P\u00fablica del pasado 14 de Junio en Pradera, Valle, a donde asistimos m\u00e1s de ocho mil corteros de ca\u00f1a, presentamos el 14 de julio de 2008 un PLIEGO UNICO DE PETICIONES de los\u2026","rel":"","context":"En \u00abPronunciamientos de Organizaciones Sociales\u00bb","block_context":{"text":"Pronunciamientos de Organizaciones Sociales","link":"https:\/\/moir.com.co\/web\/category\/pronunciamientos-de-organizaciones-sociales\/"},"img":{"alt_text":"","src":"","width":0,"height":0},"classes":[]},{"id":2612,"url":"https:\/\/moir.com.co\/web\/el-paro-de-los-corteros-de-cana-senalando-el-camino\/","url_meta":{"origin":2356,"position":3},"title":"EL PARO DE LOS CORTEROS DE CA\u00d1A: SE\u00d1ALANDO EL CAMINO","author":"admin","date":"diciembre 5, 2008","format":false,"excerpt":"Gustavo Rub\u00e9n Triana Su\u00e1rez, peri\u00f3dico de la CUT, diciembre de 2008 El 15 de septiembre estall\u00f3 el paro de corteros de ca\u00f1a de mayor significaci\u00f3n en la historia de la industria azucarera del pa\u00eds. Ocho mil quinientos corteros de ocho de los trece ingenios productores de az\u00facar y etanol bloquearon\u2026","rel":"","context":"En \u00abGustavo Triana\u00bb","block_context":{"text":"Gustavo Triana","link":"https:\/\/moir.com.co\/web\/category\/bitacoras\/gustavo-triana\/"},"img":{"alt_text":"","src":"","width":0,"height":0},"classes":[]},{"id":2402,"url":"https:\/\/moir.com.co\/web\/es-de-la-esencia-de-la-democracia-que-los-trabajadores-puedan-organizar-sindicatos-agrocombustibles-si-encarecen-los-alimentos\/","url_meta":{"origin":2356,"position":4},"title":"ES DE LA ESENCIA DE LA DEMOCRACIA QUE LOS TRABAJADORES PUEDAN ORGANIZAR SINDICATOS: AGROCOMBUSTIBLES S\u00cd ENCARECEN LOS ALIMENTOS","author":"admin","date":"junio 25, 2008","format":false,"excerpt":"Intervenci\u00f3n del senador Jorge Enrique Robledo en la audiencia p\u00fablica convocada en Pradera, Valle del Cauca, con el senador Alex\u00e1nder L\u00f3pez, el 14 de junio de 2008, sobre el tema de las condiciones laborales de los corteros de la ca\u00f1a. Me uno a los saludos que hizo el senador Alexander\u2026","rel":"","context":"En \u00abJorge Enrique Robledo\u00bb","block_context":{"text":"Jorge Enrique Robledo","link":"https:\/\/moir.com.co\/web\/category\/jorge-enrique-robledo\/"},"img":{"alt_text":"","src":"","width":0,"height":0},"classes":[]},{"id":4107,"url":"https:\/\/moir.com.co\/web\/resistencia-historica-de-los-corteros-de-cana\/","url_meta":{"origin":2356,"position":5},"title":"Resistencia hist\u00f3rica de los Corteros de ca\u00f1a","author":"admin","date":"febrero 16, 2010","format":false,"excerpt":"Johnson Torres, a sus 25 a\u00f1os, es un dirigente sindical de los corteros del Valle del Cauca. Tiene bajo la responsabilidad de su liderazgo a unos diez mil trabajadores de la ca\u00f1a de az\u00facar, gremio que viene afrontando una dura batalla contra la explotaci\u00f3n e injusticia que ejercen los due\u00f1os\u2026","rel":"","context":"En \u00abTemas\u00bb","block_context":{"text":"Temas","link":"https:\/\/moir.com.co\/web\/category\/temas\/"},"img":{"alt_text":"","src":"","width":0,"height":0},"classes":[]}],"jetpack_sharing_enabled":true,"_links":{"self":[{"href":"https:\/\/moir.com.co\/web\/wp-json\/wp\/v2\/posts\/2356","targetHints":{"allow":["GET"]}}],"collection":[{"href":"https:\/\/moir.com.co\/web\/wp-json\/wp\/v2\/posts"}],"about":[{"href":"https:\/\/moir.com.co\/web\/wp-json\/wp\/v2\/types\/post"}],"author":[{"embeddable":true,"href":"https:\/\/moir.com.co\/web\/wp-json\/wp\/v2\/users\/1"}],"replies":[{"embeddable":true,"href":"https:\/\/moir.com.co\/web\/wp-json\/wp\/v2\/comments?post=2356"}],"version-history":[{"count":0,"href":"https:\/\/moir.com.co\/web\/wp-json\/wp\/v2\/posts\/2356\/revisions"}],"wp:attachment":[{"href":"https:\/\/moir.com.co\/web\/wp-json\/wp\/v2\/media?parent=2356"}],"wp:term":[{"taxonomy":"category","embeddable":true,"href":"https:\/\/moir.com.co\/web\/wp-json\/wp\/v2\/categories?post=2356"},{"taxonomy":"post_tag","embeddable":true,"href":"https:\/\/moir.com.co\/web\/wp-json\/wp\/v2\/tags?post=2356"}],"curies":[{"name":"wp","href":"https:\/\/api.w.org\/{rel}","templated":true}]}}