{"id":2349,"date":"2008-05-21T09:44:31","date_gmt":"2008-05-21T09:44:31","guid":{"rendered":"https:\/\/moir.org.co\/web\/declaracion-de-la-asamblea-nacional-de-la-universidad-nacional-de-colombia\/"},"modified":"2008-05-21T09:44:31","modified_gmt":"2008-05-21T09:44:31","slug":"declaracion-de-la-asamblea-nacional-de-la-universidad-nacional-de-colombia","status":"publish","type":"post","link":"https:\/\/moir.com.co\/web\/declaracion-de-la-asamblea-nacional-de-la-universidad-nacional-de-colombia\/","title":{"rendered":"DECLARACI\u00d3N DE LA ASAMBLEA NACIONAL DE LA UNIVERSIDAD NACIONAL DE COLOMBIA"},"content":{"rendered":"<p><b>Asamblea Nacional Universidad Nacional,Bogota 18 de Mayo de 2008<\/b><\/p>\n<p>Delegaciones de las cuatro sedes de la Universidad Nacional, reunidas en la sede de Bogot\u00e1 el 17 y 18 de mayo de 2008, discutimos sobre la situaci\u00f3n actual del movimiento universitario y adoptamos las siguientes decisiones: <\/p>\n<p>1.\tRatificamos el pliego nacional de la Universidad Nacional y nos mantenemos en anormalidad acad\u00e9mica exigiendo que se derogue de inmediato el Acuerdo 008 del 15 de abril de 2008. Este acuerdo fue impuesto a la comunidad acad\u00e9mica desatendiendo la voluntad mayoritaria, que clamaba por la construcci\u00f3n democr\u00e1tica de las reformas que tienen que ver con el futuro de la Universidad Nacional. El Acuerdo 008 profundiza la pol\u00edtica privatizadora del gobierno de \u00c1lvaro Uribe V\u00e9lez, que bajo el nombre de la \u201cRevoluci\u00f3n Educativa\u201d, busca adecuar la educaci\u00f3n superior a las necesidades de las trasnacionales y de las universidades corporativas.<\/p>\n<p>2.\tLa propuesta que formula la Asamblea a las cuatro sedes de la Universidad Nacional y a las directivas de la universidad es la de impulsar un plebiscito derogatorio del Acuerdo 008. Es indispensable que en una universidad que se proclama democr\u00e1tica, las principales determinaciones sean acogidas por la mayor\u00eda de la comunidad, en un ejercicio de deliberaci\u00f3n p\u00fablica que haga conciencia en la poblaci\u00f3n sobre las implicaciones concretas de cada art\u00edculo. Por ello es necesario que la respuesta que apruebe esta iniciativa sea de obligatorio cumplimiento por parte de la universidad. El plebiscito debe ser un proceso democr\u00e1tico que sintetice los t\u00f3picos por semestres, por facultades y por sedes para consolidar una propuesta nacional de estatuto estudiantil. <\/p>\n<p>3.\tProponemos realizar asambleas por facultad y asambleas generales, cuyo contenido sea: Informe de la Comisi\u00f3n Nacional de Negociaci\u00f3n, Informe de la Asamblea Nacional de la Universidad Nacional y votaci\u00f3n de cada sede. <\/p>\n<p>4.\tEmprenderemos acciones jur\u00eddicas y de resistencia civil para hacer valer el pliego nacional. En las distintas sedes trataremos de impulsar movilizaciones y concentraciones que aglutinen a la comunidad acad\u00e9mica e interpondremos acciones jur\u00eddicas que tiendan a revertir la decisi\u00f3n del CSU. <\/p>\n<p>5.\tEl martes, en la reuni\u00f3n del Consejo Superior Universitario, buscaremos restablecer la negociaci\u00f3n con los directivos. La Universidad debe estar atenta a los reclamos leg\u00edtimos del estudiantado, que no comparte el llamado estatuto estudiantil. Las acciones del movimiento estar\u00e1n encaminadas entonces a llegar a un acuerdo con los directivos. <\/p>\n<p>6.\tRechazamos las declaraciones del rector Moisses Wasserman, que buscan legitimar acciones como la militarizaci\u00f3n de las sedes, la cancelaci\u00f3n del semestre o el adelanto de las vacaciones y otras medidas represivas, muestra fehaciente de la falta de voluntad pol\u00edtica para acoger las peticiones v\u00e1lidas de los estudiantes. La actitud autoritaria del rector Wasserman comprueba una vez m\u00e1s el temor de la administraci\u00f3n y del gobierno de Uribe ante la fortaleza del movimiento. Las medidas represivas que est\u00e1 tomando Wasserman tienen un mayor costo pol\u00edtico y social que derogar el Acuerdo 008 de 2008. <\/p>\n","protected":false},"excerpt":{"rendered":"<p>Asamblea Nacional Universidad Nacional,Bogota 18 de Mayo de 2008 Delegaciones de las cuatro sedes de la Universidad Nacional, reunidas en la sede de Bogot\u00e1 el 17 y 18 de mayo de 2008, discutimos sobre la situaci\u00f3n actual del movimiento universitario y adoptamos las siguientes decisiones: 1. Ratificamos el pliego nacional de la Universidad Nacional y [&hellip;]<\/p>\n","protected":false},"author":1,"featured_media":0,"comment_status":"open","ping_status":"open","sticky":false,"template":"","format":"standard","meta":{"advanced_seo_description":"","jetpack_seo_html_title":"","jetpack_seo_noindex":false,"_jetpack_memberships_contains_paid_content":false,"footnotes":""},"categories":[7],"tags":[],"class_list":["post-2349","post","type-post","status-publish","format-standard","hentry","category-pronunciamientos-de-organizaciones-sociales"],"jetpack_featured_media_url":"","jetpack-related-posts":[{"id":2350,"url":"https:\/\/moir.com.co\/web\/respaldamos-a-los-estudiantes-de-la-universidad-nacional\/","url_meta":{"origin":2349,"position":0},"title":"RESPALDAMOS A LOS ESTUDIANTES DE LA UNIVERSIDAD NACIONAL","author":"admin","date":"mayo 21, 2008","format":false,"excerpt":"Grupos Estudiantiles Confederados -GEC-, Bogot\u00e1 18 de mayo de 2008 El gobierno neoliberal de Uribe V\u00e9lez se empe\u00f1a en atacar a la Universidad Nacional, la m\u00e1s importante del pa\u00eds. Esta vez es el Acuerdo 008 el mecanismo mediante el cual se busca deteriorar la calidad de la educaci\u00f3n, adecuar la\u2026","rel":"","context":"En \u00abJuventud Patri\u00f3tica\u00bb","block_context":{"text":"Juventud Patri\u00f3tica","link":"https:\/\/moir.com.co\/web\/category\/juventud-patriotica\/"},"img":{"alt_text":"","src":"","width":0,"height":0},"classes":[]},{"id":2424,"url":"https:\/\/moir.com.co\/web\/el-nuevo-estatuto-estudiantil-profundiza-el-proceso-de-privatizacion-de-la-universidad-nacional-de-colombia\/","url_meta":{"origin":2349,"position":1},"title":"EL NUEVO ESTATUTO ESTUDIANTIL PROFUNDIZA EL PROCESO DE PRIVATIZACI\u00d3N DE LA UNIVERSIDAD NACIONAL DE COLOMBIA","author":"admin","date":"julio 10, 2008","format":false,"excerpt":"Organizaci\u00f3n Colombiana de Estudiantes, OCE, Universidad Nacional de Colombia, Bogot\u00e1, 9 de Julio de 2008 1. Contexto internacional de la educaci\u00f3n superior El Acuerdo 008 del 15 de abril de 2008, \u201cPor el cual se adopta el Estatuto Estudiantil de la Universidad Nacional de Colombia en sus disposiciones acad\u00e9micas\u201d, comprueba\u2026","rel":"","context":"En \u00abJuventud Patri\u00f3tica\u00bb","block_context":{"text":"Juventud Patri\u00f3tica","link":"https:\/\/moir.com.co\/web\/category\/juventud-patriotica\/"},"img":{"alt_text":"","src":"","width":0,"height":0},"classes":[]},{"id":2360,"url":"https:\/\/moir.com.co\/web\/la-politica-de-uribe-velez-es-la-causa-de-la-crisis-en-la-universidad-nacional\/","url_meta":{"origin":2349,"position":2},"title":"LA POL\u00cdTICA DE URIBE V\u00c9LEZ ES LA CAUSA DE LA CRISIS EN LA UNIVERSIDAD NACIONAL","author":"admin","date":"mayo 27, 2008","format":false,"excerpt":"Informativo Resistencia Civil N\u00b0 5. Organizaci\u00f3n Colombiana de Estudiantes, -OCE-, Bogot\u00e1, mayo de 2008 En la Universidad Nacional, Uribe V\u00e9lez impone al menos a cinco de los ocho representantes con voz y voto en el Consejo Superior Universitario para que sean ejecutores de su pol\u00edtica antinacional, y el rector, se\u00f1or\u2026","rel":"","context":"En \u00abJuventud Patri\u00f3tica\u00bb","block_context":{"text":"Juventud Patri\u00f3tica","link":"https:\/\/moir.com.co\/web\/category\/juventud-patriotica\/"},"img":{"alt_text":"","src":"","width":0,"height":0},"classes":[]},{"id":3367,"url":"https:\/\/moir.com.co\/web\/companeros-y-companeras-estudiantes-bienvenidos-a-la-universidad-nacional\/","url_meta":{"origin":2349,"position":3},"title":"Compa\u00f1eros y Compa\u00f1eras Estudiantes Bienvenidos a la Universidad Nacional","author":"admin","date":"agosto 6, 2009","format":false,"excerpt":"La Universidad Nacional es la universidad m\u00e1s importante del pa\u00eds, con m\u00e1s de 100 a\u00f1os de historia y trayectoria, hab\u00eda sido concebida como el instrumento de educaci\u00f3n necesario, que ayudar\u00eda a la naci\u00f3n en sus primeros procesos de industrializaci\u00f3n y de impulso a la producci\u00f3n nacional. Lastimosamente, las medidas adoptadas\u2026","rel":"","context":"Entrada similar","block_context":{"text":"Entrada similar","link":""},"img":{"alt_text":"","src":"","width":0,"height":0},"classes":[]},{"id":2353,"url":"https:\/\/moir.com.co\/web\/que-se-atiendan-las-justas-peticiones-de-los-estudiantes-de-la-universidad-nacional-exige-el-senador-robledo\/","url_meta":{"origin":2349,"position":4},"title":"QUE SE ATIENDAN LAS JUSTAS PETICIONES DE LOS ESTUDIANTES DE LA UNIVERSIDAD NACIONAL, EXIGE EL SENADOR ROBLEDO","author":"admin","date":"mayo 23, 2008","format":false,"excerpt":"Oficina de Prensa Senador Jorge Enrique Robledo, Bogot\u00e1, 21 de mayo de 2008 El senador Jorge Enrique Robledo rechaz\u00f3 la negativa del gobierno y el rector de la Universidad Nacional, Mois\u00e9s Wassermann, a atender las justas peticiones del movimiento estudiantil, cuyo origen son las inconsultas medidas acad\u00e9micas que la rector\u00eda\u2026","rel":"","context":"En \u00abJorge Enrique Robledo\u00bb","block_context":{"text":"Jorge Enrique Robledo","link":"https:\/\/moir.com.co\/web\/category\/jorge-enrique-robledo\/"},"img":{"alt_text":"","src":"","width":0,"height":0},"classes":[]},{"id":2286,"url":"https:\/\/moir.com.co\/web\/fortalezcamos-el-paro-de-universidad-nacional\/","url_meta":{"origin":2349,"position":5},"title":"FORTALEZCAMOS EL PARO DE UNIVERSIDAD NACIONAL","author":"admin","date":"abril 16, 2008","format":false,"excerpt":"Informativo Resistencia Civil N\u00b0 4. OCE, Bogot\u00e1, abril 16 de 2008 El 8 de abril la asamblea triestamentaria de la sede de Bogot\u00e1 aprob\u00f3 por unanimidad la realizaci\u00f3n de un paro en la universidad nacional. Paulatinamente se han sumando las dem\u00e1s sedes de la universidad, Manizales, Palmira y Medell\u00edn, aumentando\u2026","rel":"","context":"En \u00abJuventud Patri\u00f3tica\u00bb","block_context":{"text":"Juventud Patri\u00f3tica","link":"https:\/\/moir.com.co\/web\/category\/juventud-patriotica\/"},"img":{"alt_text":"","src":"","width":0,"height":0},"classes":[]}],"jetpack_sharing_enabled":true,"_links":{"self":[{"href":"https:\/\/moir.com.co\/web\/wp-json\/wp\/v2\/posts\/2349","targetHints":{"allow":["GET"]}}],"collection":[{"href":"https:\/\/moir.com.co\/web\/wp-json\/wp\/v2\/posts"}],"about":[{"href":"https:\/\/moir.com.co\/web\/wp-json\/wp\/v2\/types\/post"}],"author":[{"embeddable":true,"href":"https:\/\/moir.com.co\/web\/wp-json\/wp\/v2\/users\/1"}],"replies":[{"embeddable":true,"href":"https:\/\/moir.com.co\/web\/wp-json\/wp\/v2\/comments?post=2349"}],"version-history":[{"count":0,"href":"https:\/\/moir.com.co\/web\/wp-json\/wp\/v2\/posts\/2349\/revisions"}],"wp:attachment":[{"href":"https:\/\/moir.com.co\/web\/wp-json\/wp\/v2\/media?parent=2349"}],"wp:term":[{"taxonomy":"category","embeddable":true,"href":"https:\/\/moir.com.co\/web\/wp-json\/wp\/v2\/categories?post=2349"},{"taxonomy":"post_tag","embeddable":true,"href":"https:\/\/moir.com.co\/web\/wp-json\/wp\/v2\/tags?post=2349"}],"curies":[{"name":"wp","href":"https:\/\/api.w.org\/{rel}","templated":true}]}}