{"id":2342,"date":"2008-05-15T14:42:31","date_gmt":"2008-05-15T14:42:31","guid":{"rendered":"https:\/\/moir.org.co\/web\/carta-de-union-cafetera-al-ministro-de-hacienda\/"},"modified":"2008-05-15T14:42:31","modified_gmt":"2008-05-15T14:42:31","slug":"carta-de-union-cafetera-al-ministro-de-hacienda","status":"publish","type":"post","link":"https:\/\/moir.com.co\/web\/carta-de-union-cafetera-al-ministro-de-hacienda\/","title":{"rendered":"CARTA DE UNI\u00d3N CAFETERA AL MINISTRO DE HACIENDA"},"content":{"rendered":"<p><b>Uni\u00f3n Cafetera Colombiana, Bogot\u00e1, mayo 8 de 2008<\/b><\/p>\n<p>Bogot\u00e1 D.C. 8 de Mayo de 2008 <\/p>\n<p>Doctor<br \/>\n\u00d3scar Iv\u00e1n Zuluaga<br \/>\nMinistro de Hacienda y Cr\u00e9dito P\u00fablico<br \/>\nPresidente Comit\u00e9 Nacional de la Federaci\u00f3n Nacional de Cafeteros<br \/>\nBogot\u00e1 <\/p>\n<p>Se\u00f1or ministro:<\/p>\n<p>La Junta Nacional de la Uni\u00f3n Cafetera Colombiana,  reunida en Pereira  el 21 de abril pasado, aprob\u00f3 el env\u00edo de esta comunicaci\u00f3n para expresarle p\u00fablicamente lo que es un secreto a voces: que los productores est\u00e1n atravesando un nuevo per\u00edodo cr\u00edtico debido a que el balance entre los ingresos y los costos de producci\u00f3n se torna cada vez m\u00e1s negativo y que no aparecen las medidas oficiales que corrijan con firmeza esta situaci\u00f3n que est\u00e1 haciendo poner en duda la viabilidad misma del cultivo en este pa\u00eds.  <\/p>\n<p>Puede resultar ins\u00f3lita esta denuncia cuando las cotizaciones internacionales del grano se encuentran en niveles relativamente altos en comparaci\u00f3n con los de otros tiempos, como desde mediados de 2000 hasta 2004 cuando estuvo por debajo de un d\u00f3lar,  con una tendencia al alza  consolidada a partir de noviembre de 2006. No obstante, esto no es lo \u00fanico que le ha sucedido al caf\u00e9. De igual manera esos ingresos se han visto afectados por la revaluaci\u00f3n del peso frente al d\u00f3lar lo cual les ha significado a los 550.000 hogares que viven de este producto  una reducci\u00f3n de m\u00e1s de 2 billones de pesos en los \u00faltimos cinco a\u00f1os. La revaluaci\u00f3n entre enero y abril de 2008, por ejemplo, se ha quedado con el 15% del precio internacional, si se mira la evoluci\u00f3n de la tasa de cambio en estos cuatro meses y prueba de ello es el menoscabo del precio interno: en marzo de 2005, cuando el precio externo era de 1,35 d\u00f3lar por libra, el precio base de compra era de $558.593 por carga de diez arrobas y el 2 mayo de 2008, cuando el primero estuvo en 1, 43 d\u00f3lar, el segundo se fij\u00f3 en $410.000. <\/p>\n<p>El precio interno actual es ruinoso ya que, adicional a la plaga macroecon\u00f3mica de la revaluaci\u00f3n, se ha sumado la del alza en los insumos de producci\u00f3n, fertilizantes, pesticidas, herbicidas  y mano de obra, entre los m\u00e1s relevantes. La relaci\u00f3n costo-beneficio para los productores est\u00e1 operando actualmente en su contra; los estudios de las \u00e1reas t\u00e9cnicas de la propia Federaci\u00f3n estimaron que para enero de este a\u00f1o era del 13,3%, con una tasa de cambio de $2.180  y con costos de entonces. Sin embargo en cuatro meses el d\u00f3lar ha ca\u00eddo a $1.760 y la evoluci\u00f3n de los costos ha cogido una espiral ascendente continua. Seg\u00fan el SIPSA, en Manizales, al finalizar el a\u00f1o 2007, el precio de un kilo de \u00daREA era de $1.136, mientras en marzo de 2008 se increment\u00f3 a $1.320, un 16,2% m\u00e1s; en Pereira, en esos tres meses, el precio del kilo del fertilizante 15-15-15 pas\u00f3 de $ 1.043 a $ 1.418, un escandaloso 36%, y en Cartago, el kilo del Fosfato de Diamonio (DAP) se trep\u00f3, en ese mismo lapso, de $1520 a $1.900, el 25%. El poder adquisitivo del hogar cafetero ha ca\u00eddo a baj\u00edsimos niveles como puede comprobarse con el siguiente cuadro y debe tenerse en cuenta que contin\u00faa empeorando. <\/p>\n<p>Por lo visto, el tama\u00f1o de la crisis es inmenso y, en ese sentido, es evidente que las medidas tomadas por las autoridades cafeteras no son suficientes y lo ser\u00e1n menos si hacia el futuro se mantienen las tendencias negativas, que es lo que parece m\u00e1s probable, incluida una baja en las cotizaciones mundiales. Empezando por la \u201cnueva operatividad\u201d que se le ha dado al AGC, el cual ya no se aplicar\u00e1 cuando el precio interno est\u00e9 por debajo de $400.000 por carga sino que se destinar\u00e1 dentro del programa de renovaci\u00f3n de cafetales junto con el ICR. Al respecto caben las siguientes preguntas, entre otras,  \u00bfNo hay incentivos para quienes no renueven? \u00bfPor qu\u00e9 se dispuso de las partidas de AGC y no se inyectaron nuevos recursos? \u00bfCreen las autoridades  cafeteras que el precio no bajar\u00e1 de $400.000, si a comienzos de mayo ya est\u00e1 en $413.000?<\/p>\n<p>No hay espacio suficiente para continuar relatando con detalle el c\u00famulo de problemas que los cafeteros est\u00e1n padeciendo como el auge de la venta del \u201ccaf\u00e9 mojado\u201d, que disminuye el ingreso y se hace por las necesidades inmediatas de dinero de los hogares y hasta en \u00ednfimas cantidades, el pago obligatorio de nuevos tributos en algunas regiones, como el de la tasa retributiva, el incumplimiento a los apoyos y el abandono a quienes han sufrido calamidades naturales, como pas\u00f3 con  la sequ\u00eda en el Huila, el entrampamiento de muchos caficultores en las deudas, principalmente las del PRAN, las cuales en muy importantes municipios cobijan a centenares de productores, las importaciones de caf\u00e9, la frustraci\u00f3n que en muchas zonas ha ocasionado el programa de \u201ccaf\u00e9s especiales\u201d, que en la mayor\u00eda de los casos produce mayores costos que beneficios, el deterioro general de las v\u00edas, a pesar de los impuestos que para obras p\u00fablicas se cobra exclusivamente a los caficultores,  y la escasez de mano de obra, propiciada adem\u00e1s por el continuo reclutamiento de los j\u00f3venes de la zona cafetera para su incorporaci\u00f3n a la fuerza p\u00fablica. <\/p>\n<p>Se\u00f1or ministro, con base en esta descripci\u00f3n general de la realidad cafetera del pa\u00eds, es indudable que la pol\u00edtica oficial para el caf\u00e9 est\u00e1 fracasando y no consulta las necesidades ni los intereses de los productores. Por esa raz\u00f3n proponemos un cambio sustancial de ella, bajo el siguiente programa: <\/p>\n<p>Fijaci\u00f3n de un precio interno, rentable y remunerativo, con un proceso trimestral de actualizaci\u00f3n de costos, que  asegure una ganancia por lo menos igual a la tasa de inter\u00e9s m\u00e1xima fijada por el Banco de la Rep\u00fablica.<br \/>\nSubsidiar los fertilizantes b\u00e1sicos cubriendo a todos los caficultores, en al menos, un porcentaje que les garantice mantener su poder adquisitivo en este campo con respecto a 2005.<br \/>\nCondonaci\u00f3n de las deudas del PRAN.<br \/>\nSostener y ampliar, de ser necesario, los apoyos para garantizar la defensa frente a la broca y la roya.<br \/>\nLa congelaci\u00f3n del precio de los combustibles y la garant\u00eda del derecho al uso del agua como factor de producci\u00f3n.<br \/>\nRecuperaci\u00f3n plena de la malla vial de las regiones cafeteras.<br \/>\nApoyo incondicional a las cooperativas, libre de imposiciones y <\/p>\n<p>Finalmente, queremos manifestarle nuestra indignaci\u00f3n por el papel de las instituciones cafeteras. Solamente act\u00faa como \u201ccomprador de \u00faltima instancia\u201d, claudic\u00f3 en la defensa de la calidad del grano en la OIC, renunci\u00f3 en la pr\u00e1ctica al control de la oferta v\u00eda inventarios y sus desvelos est\u00e1n puestos en sacar adelante los negocios privados, en el grupo  PROCAFECOL, sobre cuyo origen y apropiaci\u00f3n de la marca JUAN VALDEZ hay conceptos autorizados que los catalogan de \u201cviolaci\u00f3n de derechos colectivos\u201d. Solicitamos, doctor Zuluaga, que esas instituciones retomen los objetivos para los cuales fueron creadas, entre los cuales no estaba precisamente ser una ONG, como de manera maliciosa se quiere encubrir el abandono de sus funciones sustanciales. <\/p>\n<p>Los caficultores de Colombia, vuelven estar con \u201cel agua al cuello\u201d; de desembocarse una nueva crisis, sin duda ser\u00e1 peor que las de 1995, 1999 y 2001. Cumplimos con advertirlo. <\/p>\n<p>Cordial Saludo, <\/p>\n<p>AURELIO SU\u00c1REZ  MONTOYA<br \/>\nPresidente Uni\u00f3n Cafetera Colombiana.<br \/>\nPersoner\u00eda Jur\u00eddica No. 165 de abril 22 de 1986 del  ministerio de Agricultura.<\/p>\n","protected":false},"excerpt":{"rendered":"<p>Uni\u00f3n Cafetera Colombiana, Bogot\u00e1, mayo 8 de 2008 Bogot\u00e1 D.C. 8 de Mayo de 2008 Doctor \u00d3scar Iv\u00e1n Zuluaga Ministro de Hacienda y Cr\u00e9dito P\u00fablico Presidente Comit\u00e9 Nacional de la Federaci\u00f3n Nacional de Cafeteros Bogot\u00e1 Se\u00f1or ministro: La Junta Nacional de la Uni\u00f3n Cafetera Colombiana, reunida en Pereira el 21 de abril pasado, aprob\u00f3 el [&hellip;]<\/p>\n","protected":false},"author":1,"featured_media":0,"comment_status":"open","ping_status":"open","sticky":false,"template":"","format":"standard","meta":{"advanced_seo_description":"","jetpack_seo_html_title":"","jetpack_seo_noindex":false,"_jetpack_memberships_contains_paid_content":false,"footnotes":""},"categories":[7],"tags":[],"class_list":["post-2342","post","type-post","status-publish","format-standard","hentry","category-pronunciamientos-de-organizaciones-sociales"],"jetpack_featured_media_url":"","jetpack-related-posts":[{"id":2439,"url":"https:\/\/moir.com.co\/web\/el-senador-robledo-invitado-a-la-junta-nacional-de-unidad-cafetera-que-sesiona-el-viernes-25-de-julio-en-manizales\/","url_meta":{"origin":2342,"position":0},"title":"EL SENADOR ROBLEDO, INVITADO A LA JUNTA NACIONAL DE UNIDAD CAFETERA QUE SESIONA EL VIERNES 25 DE JULIO EN MANIZALES","author":"admin","date":"julio 21, 2008","format":false,"excerpt":"Oficina de Prensa, Senador Jorge Enrique Robledo, Bogot\u00e1, 21 de julio de 2008. Como invitado especial, el senador Jorge Enrique Robledo acompa\u00f1ar\u00e1 el viernes 25 de julio a los 74 miembros de la junta nacional de Unidad Cafetera, encabezados por su presidente, Aurelio Su\u00e1rez Montoya, que se proponen analizar la\u2026","rel":"","context":"En \u00abJorge Enrique Robledo\u00bb","block_context":{"text":"Jorge Enrique Robledo","link":"https:\/\/moir.com.co\/web\/category\/jorge-enrique-robledo\/"},"img":{"alt_text":"","src":"","width":0,"height":0},"classes":[]},{"id":7399,"url":"https:\/\/moir.com.co\/web\/carta-abierta-al-ministro-de-hacienda-debe-resolverse-a-la-mayor-brevedad-la-entrega-del-pic-a-los-cafeteros\/","url_meta":{"origin":2342,"position":1},"title":"Carta Abierta al Ministro de Hacienda: Debe resolverse, a la mayor brevedad, la entrega del PIC a los Cafeteros","author":"admin","date":"marzo 22, 2013","format":false,"excerpt":"Doctor Mauricio C\u00e1rdenas Santamar\u00eda Ministro de Hacienda y Cr\u00e9dito P\u00fablico Bogot\u00e1 En la \u201cCarta del Gerente (N\u00ba 146) Protecci\u00f3n del Ingreso Cafetero\u201d se se\u00f1ala que en reuni\u00f3n del Comit\u00e9 Nacional de Cafeteros realizada con su presencia -como tambi\u00e9n lo rese\u00f1a la revista Dinero- se acord\u00f3 comenzar a pagar el PIC\u2026","rel":"","context":"En \u00abPronunciamientos de Organizaciones Sociales\u00bb","block_context":{"text":"Pronunciamientos de Organizaciones Sociales","link":"https:\/\/moir.com.co\/web\/category\/pronunciamientos-de-organizaciones-sociales\/"},"img":{"alt_text":"","src":"","width":0,"height":0},"classes":[]},{"id":2407,"url":"https:\/\/moir.com.co\/web\/la-caficultura-la-peor-victima-de-la-revaluacion\/","url_meta":{"origin":2342,"position":2},"title":"LA CAFICULTURA, LA PEOR V\u00cdCTIMA DE LA REVALUACI\u00d3N","author":"admin","date":"junio 27, 2008","format":false,"excerpt":"Aurelio Su\u00e1rez Montoya, El Tiempo, 26 de junio de 2008 En noviembre de 2007, con ocasi\u00f3n del Congreso Cafetero, el gerente general de la Federaci\u00f3n Nacional, Gabriel Silva, sentenci\u00f3: \u201cLos caficultores colombianos pueden esperar otros dos a\u00f1os de tranquilidad\u201d. Cu\u00e1n lejos estaba el doctor Silva de la realidad de las\u2026","rel":"","context":"En \u00abTemas\u00bb","block_context":{"text":"Temas","link":"https:\/\/moir.com.co\/web\/category\/temas\/"},"img":{"alt_text":"","src":"","width":0,"height":0},"classes":[]},{"id":15043,"url":"https:\/\/moir.com.co\/web\/precio-justo-para-los-cafeteros-colombianos-senador-robledo\/","url_meta":{"origin":2342,"position":3},"title":"Precio justo para los cafeteros colombianos: Senador Robledo","author":"admin","date":"mayo 5, 2018","format":false,"excerpt":"Oficina de prensa del senador Jorge Enrique Robledo, Bogot\u00e1, mayo 4 de 2018 M\u00e1s de medio mill\u00f3n de familias en crisis, el precio no cubre los costos, medidas urgentes solicitan los cafeteros \u201cLe hago un llamado al gobierno Santos y a sus ministros a la sensatez y a actuar con\u2026","rel":"","context":"En \u00abAgro\u00bb","block_context":{"text":"Agro","link":"https:\/\/moir.com.co\/web\/category\/temas\/agro\/"},"img":{"alt_text":"","src":"https:\/\/i0.wp.com\/moir.com.co\/web\/wp-content\/uploads\/2018\/05\/dignidadagroplanton040518.jpeg?fit=1200%2C900&ssl=1&resize=350%2C200","width":350,"height":200,"srcset":"https:\/\/i0.wp.com\/moir.com.co\/web\/wp-content\/uploads\/2018\/05\/dignidadagroplanton040518.jpeg?fit=1200%2C900&ssl=1&resize=350%2C200 1x, https:\/\/i0.wp.com\/moir.com.co\/web\/wp-content\/uploads\/2018\/05\/dignidadagroplanton040518.jpeg?fit=1200%2C900&ssl=1&resize=525%2C300 1.5x, https:\/\/i0.wp.com\/moir.com.co\/web\/wp-content\/uploads\/2018\/05\/dignidadagroplanton040518.jpeg?fit=1200%2C900&ssl=1&resize=700%2C400 2x, https:\/\/i0.wp.com\/moir.com.co\/web\/wp-content\/uploads\/2018\/05\/dignidadagroplanton040518.jpeg?fit=1200%2C900&ssl=1&resize=1050%2C600 3x"},"classes":[]},{"id":7972,"url":"https:\/\/moir.com.co\/web\/carta-de-dignidad-cafetera-al-mininterior\/","url_meta":{"origin":2342,"position":4},"title":"Carta de Dignidad Cafetera al mininterior","author":"admin","date":"octubre 7, 2013","format":false,"excerpt":"Se\u00f1or Aurelio Iragorri Ministro del Interior y de Gobierno Bogot\u00e1 Se\u00f1or Ministro En comunicado de prensa publicado en la p\u00e1gina web de la Presidencia de la Rep\u00fablica se lee que: \u201cEl Ministro del Interior, Aurelio Iragorri, afirm\u00f3 que el Gobierno Nacional s\u00ed est\u00e1 cumpliendo los compromisos acordados con los campesinos\u2026","rel":"","context":"En \u00abPronunciamientos de Organizaciones Sociales\u00bb","block_context":{"text":"Pronunciamientos de Organizaciones Sociales","link":"https:\/\/moir.com.co\/web\/category\/pronunciamientos-de-organizaciones-sociales\/"},"img":{"alt_text":"","src":"","width":0,"height":0},"classes":[]},{"id":15086,"url":"https:\/\/moir.com.co\/web\/comienza-proceso-de-concertacion-entre-ministerio-de-agricultura-y-dignidad-cafetera-para-crear-fondo-de-estabilizacion-de-precio-de-cafe\/","url_meta":{"origin":2342,"position":5},"title":"Comienza proceso de concertaci\u00f3n entre Ministerio de Agricultura y Dignidad Cafetera para crear Fondo de Estabilizaci\u00f3n de Precio de Caf\u00e9","author":"admin","date":"mayo 14, 2018","format":false,"excerpt":"Dignidad Cafetera Nacional, mayo 11 de 2018 Como resultado del Plant\u00f3n Cafetero Nacional realizado el 4 de mayo en Bogot\u00e1 se acord\u00f3, con el Ministerio de Agricultura, constituir mesas de trabajo -sobre varios asuntos de inter\u00e9s de los cafeteros colombianos- como se se\u00f1al\u00f3 en el comunicado \u201cBalance del Plant\u00f3n Cafetero\u201d.\u2026","rel":"","context":"En \u00abAgro\u00bb","block_context":{"text":"Agro","link":"https:\/\/moir.com.co\/web\/category\/temas\/agro\/"},"img":{"alt_text":"","src":"https:\/\/i0.wp.com\/moir.com.co\/web\/wp-content\/uploads\/2018\/05\/cafe3.jpg?fit=358%2C262&ssl=1&resize=350%2C200","width":350,"height":200},"classes":[]}],"jetpack_sharing_enabled":true,"_links":{"self":[{"href":"https:\/\/moir.com.co\/web\/wp-json\/wp\/v2\/posts\/2342","targetHints":{"allow":["GET"]}}],"collection":[{"href":"https:\/\/moir.com.co\/web\/wp-json\/wp\/v2\/posts"}],"about":[{"href":"https:\/\/moir.com.co\/web\/wp-json\/wp\/v2\/types\/post"}],"author":[{"embeddable":true,"href":"https:\/\/moir.com.co\/web\/wp-json\/wp\/v2\/users\/1"}],"replies":[{"embeddable":true,"href":"https:\/\/moir.com.co\/web\/wp-json\/wp\/v2\/comments?post=2342"}],"version-history":[{"count":0,"href":"https:\/\/moir.com.co\/web\/wp-json\/wp\/v2\/posts\/2342\/revisions"}],"wp:attachment":[{"href":"https:\/\/moir.com.co\/web\/wp-json\/wp\/v2\/media?parent=2342"}],"wp:term":[{"taxonomy":"category","embeddable":true,"href":"https:\/\/moir.com.co\/web\/wp-json\/wp\/v2\/categories?post=2342"},{"taxonomy":"post_tag","embeddable":true,"href":"https:\/\/moir.com.co\/web\/wp-json\/wp\/v2\/tags?post=2342"}],"curies":[{"name":"wp","href":"https:\/\/api.w.org\/{rel}","templated":true}]}}