{"id":2287,"date":"2008-04-17T15:07:43","date_gmt":"2008-04-17T15:07:43","guid":{"rendered":"https:\/\/moir.org.co\/web\/constancia-de-los-representantes-estudiantiles-al-consejo-superior-universitario-sobre-la-aprobacion-del-acuerdo-033-de-2007\/"},"modified":"2008-04-17T15:07:43","modified_gmt":"2008-04-17T15:07:43","slug":"constancia-de-los-representantes-estudiantiles-al-consejo-superior-universitario-sobre-la-aprobacion-del-acuerdo-033-de-2007","status":"publish","type":"post","link":"https:\/\/moir.com.co\/web\/constancia-de-los-representantes-estudiantiles-al-consejo-superior-universitario-sobre-la-aprobacion-del-acuerdo-033-de-2007\/","title":{"rendered":"CONSTANCIA DE LOS REPRESENTANTES ESTUDIANTILES AL CONSEJO SUPERIOR UNIVERSITARIO SOBRE LA APROBACI\u00d3N DEL ACUERDO 033 DE 2007"},"content":{"rendered":"<p><b>Representantes Estudiantiles al Consejo Superior Universitario Universidad Nacional de Colombia, Bogot\u00e1, abril 16 de 2008.<b><\/p>\n<p>Los representantes estudiantiles deseamos expresar nuestra inconformidad ante la aprobaci\u00f3n del Acuerdo 033 de 2007 por los siguientes motivos: <\/p>\n<p>1. Consideramos antidemocr\u00e1tico el mecanismo e inoportuno el momento para adoptar la reforma acad\u00e9mica.  \u00c9sta se aprob\u00f3 el 26 de noviembre de 2007 luego del proceso electoral que defini\u00f3 los nuevos representantes profesorales y estudiantiles ante los Consejos Superior, Acad\u00e9mico y de Sedes, actividad que ocup\u00f3 la total atenci\u00f3n de los distintos sectores de la universidad. Durante ese momento la comunidad acad\u00e9mica se encontraba en ex\u00e1menes finales, situaci\u00f3n que imposibilit\u00f3 la organizaci\u00f3n estudiantil ante los proyectos de reforma curricular que estaban sobre la mesa. Una reforma de esa magnitud debe contar con la aut\u00e9ntica participaci\u00f3n de la comunidad universitaria que culmine con la aprobaci\u00f3n o no mediante consulta popular. <\/p>\n<p>Esta es una actitud inconveniente  en una universidad que se precia de democr\u00e1tica. Sospechamos que ese af\u00e1n correspondi\u00f3 a la presi\u00f3n que ejercen sobre la universidad sectores econ\u00f3micos y pol\u00edticos que claman por \u201cpreparar a la universidad a las necesidades del mercado\u201d, as\u00ed como a la implementaci\u00f3n, en el primer semestre de 2008, de un conjunto de medidas antidemocr\u00e1ticas que rechazar\u00eda la comunidad universitaria: el Estatuto Estudiantil, el Esquema de Seguridad, la persecuci\u00f3n a los estudiantes vendedores informales y el cierre de las residencias estudiantiles. <\/p>\n<p>2. No creemos que los programas curriculares de las carreras deban establecerse conforme a las \u201chabilidades y destrezas\u201d. Los programas de las carreras deben ser elaborados seg\u00fan los l\u00edmites del conocimiento cient\u00edfico de cada \u00e1rea, con materias que reflejen la discusi\u00f3n entre profesores y estudiantes,  en cambio con la tesis de la administraci\u00f3n, se circunscribe el aprendizaje a las herramientas necesarias para adquirir el conocimiento. Esto obedece al ataque que ejerce el gobierno sobre la autonom\u00eda universitaria al se\u00f1alar que la educaci\u00f3n debe introducir las competencias acad\u00e9micas, laborales y ciudadanas, hecho que le posibilitar\u00eda homogenizar los contenidos de la educaci\u00f3n que se evaluar\u00edan con los ECAES. De esa forma afectan la alta calidad que se debe impartir en la universidad nacional, conden\u00e1ndola a tener una educaci\u00f3n pobre para pobres.   <\/p>\n<p>3. Un tercer punto es la formaci\u00f3n de las \u00e1reas curriculares. Nuestra preocupaci\u00f3n es que con esta herramienta se busque la reducci\u00f3n de la n\u00f3mina profesoral y de la duraci\u00f3n de las carreras, se elimine la especialidad de cada carrera que estudie materias semejantes, tendiendo a hacinar mayor cantidad de estudiantes en los salones con miras a mejorar la cobertura e incrementar los recursos propios. No han existido compromisos expresos por parte de la administraci\u00f3n que disuelvan esta inquietud. <\/p>\n<p>4. El sistema de cr\u00e9ditos es una herramienta que sirve para medir el tiempo empleado en el desarrollo de cada materia. Este m\u00e9todo tiene algunos riesgos que tampoco ha aclarado el comportamiento de la administraci\u00f3n: la posibilidad de cobrar pensiones en la universidad por cr\u00e9ditos y no por matr\u00edculas, lo que llevar\u00eda a un peor nivel de privatizaci\u00f3n, y sin duda, el otro riesgo es la posibilidad de mercantilizar aun m\u00e1s la educaci\u00f3n superior con las transnacionales de la educaci\u00f3n superior y las universidades corporativas que se afianzar\u00e1n en Colombia conforme se profundice el neoliberalismo. En tres meses de vigencia de la reforma estos riesgos no se han descartado. <\/p>\n<p>5. En la Universidad Nacional existe la opci\u00f3n de hacer dos carreras, el problema es que cobran la matr\u00edcula plena para quienes opten por estudiar la segunda. No nos oponemos a que los estudiantes opten por dos t\u00edtulos correlativos a dos carreras, pero creemos que cada una de ellas debe ser estudiada en sus aspectos b\u00e1sicos y que la universidad debe brindar todas las garant\u00edas financieras para quienes desean realizarlo.  <\/p>\n<p>Invitamos a la comunidad universitaria a comprender el entorno cr\u00edtico que encierra el conjunto de las reformas que adopta la administraci\u00f3n, con miras a fortalecer el movimiento universitario que adelantamos.  <\/p>\n<p>David fernando Fl\u00f3rez<br \/>\nDiego fernando Mar\u00edn<\/p>\n<p>Representantes Estudiantiles al Consejo Superior Universitario Universidad Nacional de Colombia<\/p>\n","protected":false},"excerpt":{"rendered":"<p>Representantes Estudiantiles al Consejo Superior Universitario Universidad Nacional de Colombia, Bogot\u00e1, abril 16 de 2008. Los representantes estudiantiles deseamos expresar nuestra inconformidad ante la aprobaci\u00f3n del Acuerdo 033 de 2007 por los siguientes motivos: 1. Consideramos antidemocr\u00e1tico el mecanismo e inoportuno el momento para adoptar la reforma acad\u00e9mica. \u00c9sta se aprob\u00f3 el 26 de noviembre [&hellip;]<\/p>\n","protected":false},"author":1,"featured_media":0,"comment_status":"open","ping_status":"open","sticky":false,"template":"","format":"standard","meta":{"advanced_seo_description":"","jetpack_seo_html_title":"","jetpack_seo_noindex":false,"_jetpack_memberships_contains_paid_content":false,"footnotes":""},"categories":[7],"tags":[],"class_list":["post-2287","post","type-post","status-publish","format-standard","hentry","category-pronunciamientos-de-organizaciones-sociales"],"jetpack_featured_media_url":"","jetpack-related-posts":[{"id":2424,"url":"https:\/\/moir.com.co\/web\/el-nuevo-estatuto-estudiantil-profundiza-el-proceso-de-privatizacion-de-la-universidad-nacional-de-colombia\/","url_meta":{"origin":2287,"position":0},"title":"EL NUEVO ESTATUTO ESTUDIANTIL PROFUNDIZA EL PROCESO DE PRIVATIZACI\u00d3N DE LA UNIVERSIDAD NACIONAL DE COLOMBIA","author":"admin","date":"julio 10, 2008","format":false,"excerpt":"Organizaci\u00f3n Colombiana de Estudiantes, OCE, Universidad Nacional de Colombia, Bogot\u00e1, 9 de Julio de 2008 1. Contexto internacional de la educaci\u00f3n superior El Acuerdo 008 del 15 de abril de 2008, \u201cPor el cual se adopta el Estatuto Estudiantil de la Universidad Nacional de Colombia en sus disposiciones acad\u00e9micas\u201d, comprueba\u2026","rel":"","context":"En \u00abJuventud Patri\u00f3tica\u00bb","block_context":{"text":"Juventud Patri\u00f3tica","link":"https:\/\/moir.com.co\/web\/category\/juventud-patriotica\/"},"img":{"alt_text":"","src":"","width":0,"height":0},"classes":[]},{"id":2221,"url":"https:\/\/moir.com.co\/web\/la-nueva-reforma-academica-un-ataque-a-la-autonomia-universitaria-i\/","url_meta":{"origin":2287,"position":1},"title":"La nueva Reforma Acad\u00e9mica: un ataque a la autonom\u00eda universitaria (I)","author":"admin","date":"marzo 12, 2008","format":false,"excerpt":"OCE, Informativo Resistencia Civil # 3. Marzo 2008 Nuevamente de manera antidemocr\u00e1tica el Gobierno de Uribe y la Administraci\u00f3n Wasserman modifican aspectos sustanciales de la vida acad\u00e9mica de la Universidad Nacional sin consultar la voluntad de los distintos estamentos de la universidad. El 26 de noviembre de 2007 cuando la\u2026","rel":"","context":"En \u00abJuventud Patri\u00f3tica\u00bb","block_context":{"text":"Juventud Patri\u00f3tica","link":"https:\/\/moir.com.co\/web\/category\/juventud-patriotica\/"},"img":{"alt_text":"","src":"","width":0,"height":0},"classes":[]},{"id":2144,"url":"https:\/\/moir.com.co\/web\/bienvenidos-a-la-universidad-nacional-de-colombia\/","url_meta":{"origin":2287,"position":2},"title":"BIENVENIDOS A LA UNIVERSIDAD NACIONAL DE COLOMBIA","author":"admin","date":"enero 24, 2008","format":false,"excerpt":"Informativo Resistencia Civil # 2., OCE- Organizaci\u00f3n Colombiana de Estudiantes, Bogot\u00e1, enero de 2008 En los \u00faltimos a\u00f1os la Universidad Nacional de Colombia atraviesa una fuerte crisis pues los preceptos neoliberales le quitaron a la educaci\u00f3n superior el car\u00e1cter de derecho fundamental y la convirtieron, bajo la \u00f3ptica del libre\u2026","rel":"","context":"En \u00abJuventud Patri\u00f3tica\u00bb","block_context":{"text":"Juventud Patri\u00f3tica","link":"https:\/\/moir.com.co\/web\/category\/juventud-patriotica\/"},"img":{"alt_text":"","src":"","width":0,"height":0},"classes":[]},{"id":1605,"url":"https:\/\/moir.com.co\/web\/elecciones-estudiantiles-historico-acuerdo-unitario-en-la-universidad-de-narino\/","url_meta":{"origin":2287,"position":3},"title":"ELECCIONES ESTUDIANTILES: HIST\u00d3RICO ACUERDO UNITARIO EN LA UNIVERSIDAD DE NARI\u00d1O","author":"admin","date":"enero 26, 2007","format":false,"excerpt":"Despu\u00e9s de m\u00e1s de un mes de di\u00e1logos, encuentros y discusiones, se lograron unificar varias de las principales fuerzas y organizaciones estudiantiles en la Universidad de Nari\u00f1o, para participar con programa y candidato \u00fanicos en las elecciones de representante estudiantil ante el Consejo Superior Universitario. Es as\u00ed como esta amplia\u2026","rel":"","context":"Entrada similar","block_context":{"text":"Entrada similar","link":""},"img":{"alt_text":"","src":"","width":0,"height":0},"classes":[]},{"id":8881,"url":"https:\/\/moir.com.co\/web\/implicaciones-de-la-eliminacion-de-la-consulta-estamentaria-para-la-designacion-del-rector-de-la-universidad-popular-del-cesar\/","url_meta":{"origin":2287,"position":4},"title":"Implicaciones de la eliminaci\u00f3n de la consulta estamentaria para la designaci\u00f3n del rector de la Universidad Popular del Cesar","author":"admin","date":"noviembre 18, 2014","format":false,"excerpt":"A trav\u00e9s del Acuerdo 037 de 2014, el Consejo Superior Universitario ha decidido eliminar las consultas de los estamentos que componen nuestra Alma Mater en el proceso de designaci\u00f3n del rector y modificar los requisitos y condiciones para ser rector, encuadr\u00e1ndolos a los intereses de quienes componen el m\u00e1ximo \u00f3rgano\u2026","rel":"","context":"En \u00abTemas\u00bb","block_context":{"text":"Temas","link":"https:\/\/moir.com.co\/web\/category\/temas\/"},"img":{"alt_text":"","src":"","width":0,"height":0},"classes":[]},{"id":5108,"url":"https:\/\/moir.com.co\/web\/rector-de-la-universidad-de-caldas-abre-proceso-disciplinario-en-contra-del-representante-estudiantil-ante-el-consejo-academico\/","url_meta":{"origin":2287,"position":5},"title":"Rector de la Universidad de Caldas abre proceso disciplinario en contra del representante estudiantil ante el Consejo Acad\u00e9mico","author":"admin","date":"diciembre 8, 2010","format":false,"excerpt":"Mediante expediente radicado: N\u00b0 03-2010, el director del Programa de Licenciatura en Ciencias Sociales dict\u00f3 auto de apertura de indagaci\u00f3n preliminar en contra del estudiante VICTOR HUGO ACOSTA CARDONA, Representante estudiantil ante el Consejo Acad\u00e9mico, por exigencia directa del se\u00f1or rector de la Universidad de Caldas doctor RICARDO G\u00d3MEZ GIRALDO,\u2026","rel":"","context":"Entrada similar","block_context":{"text":"Entrada similar","link":""},"img":{"alt_text":"","src":"","width":0,"height":0},"classes":[]}],"jetpack_sharing_enabled":true,"_links":{"self":[{"href":"https:\/\/moir.com.co\/web\/wp-json\/wp\/v2\/posts\/2287","targetHints":{"allow":["GET"]}}],"collection":[{"href":"https:\/\/moir.com.co\/web\/wp-json\/wp\/v2\/posts"}],"about":[{"href":"https:\/\/moir.com.co\/web\/wp-json\/wp\/v2\/types\/post"}],"author":[{"embeddable":true,"href":"https:\/\/moir.com.co\/web\/wp-json\/wp\/v2\/users\/1"}],"replies":[{"embeddable":true,"href":"https:\/\/moir.com.co\/web\/wp-json\/wp\/v2\/comments?post=2287"}],"version-history":[{"count":0,"href":"https:\/\/moir.com.co\/web\/wp-json\/wp\/v2\/posts\/2287\/revisions"}],"wp:attachment":[{"href":"https:\/\/moir.com.co\/web\/wp-json\/wp\/v2\/media?parent=2287"}],"wp:term":[{"taxonomy":"category","embeddable":true,"href":"https:\/\/moir.com.co\/web\/wp-json\/wp\/v2\/categories?post=2287"},{"taxonomy":"post_tag","embeddable":true,"href":"https:\/\/moir.com.co\/web\/wp-json\/wp\/v2\/tags?post=2287"}],"curies":[{"name":"wp","href":"https:\/\/api.w.org\/{rel}","templated":true}]}}