{"id":2281,"date":"2008-04-16T12:15:33","date_gmt":"2008-04-16T12:15:33","guid":{"rendered":"https:\/\/moir.org.co\/web\/congelacion-del-tlc-triunfo-de-sectores-progresistas\/"},"modified":"2008-04-16T12:15:33","modified_gmt":"2008-04-16T12:15:33","slug":"congelacion-del-tlc-triunfo-de-sectores-progresistas","status":"publish","type":"post","link":"https:\/\/moir.com.co\/web\/congelacion-del-tlc-triunfo-de-sectores-progresistas\/","title":{"rendered":"Congelaci\u00f3n del TLC: TRIUNFO DE SECTORES PROGRESISTAS"},"content":{"rendered":"<p><b>Barranquilla, 15 de abril de 2008<\/b><\/p>\n<p>Desde el mes de mayo de 2004, cuando se iniciaron las negociaciones del TLC entre Colombia y los Estados Unidos en Cartagena, la Gran Coalici\u00f3n Democr\u00e1tica, las centrales obreras y los partidos de izquierda democr\u00e1tica rechazaron de manera rotunda la suscripci\u00f3n de dicho tratado por considerarlo lesivo a los intereses nacionales, a la producci\u00f3n agraria e industrial y a los derechos de los trabajadores y el pueblo colombiano.<\/p>\n<p>El llamado \u201clibre comercio\u201d que se impuso a Colombia desde 1990 en los gobiernos de Virgilio Barco y C\u00e9sar Gaviria acarre\u00f3 funestas consecuencias para nuestra econom\u00eda nacional. Los hechos son tozudos: de importar 700 mil toneladas de alimentos en 1990 pasamos a m\u00e1s de siete millones de toneladas en la actualidad seg\u00fan cifras oficiales, lo cual llev\u00f3 a dejar de cultivar un mill\u00f3n de hect\u00e1reas con su secuela de empobrecimiento y desempleo. En el sector industrial las p\u00e9rdidas fueron superiores, al cerrarse miles de empresas fabriles para darle paso a las mercader\u00edas for\u00e1neas. Asimismo se inici\u00f3 un proceso de privatizaci\u00f3n de la salud, la educaci\u00f3n y los servicios p\u00fablicos domiciliarios. <\/p>\n<p>Con el TLC el proceso de arrasamiento del aparato productivo se profundizar\u00eda y se har\u00eda irreversible. Los cap\u00edtulos del tratado sobre inversiones, propiedad intelectual, compras estatales, telecomunicaciones, agro, etc., le entregar\u00edan nuestro mercado interno a las empresas norteamericanas, algunas de las cuales tienen activos superiores al Producto Interno Bruto colombiano. Es tan aberrante la situaci\u00f3n que el Procurador General, Edgardo Maya Villaz\u00f3n, le propuso a la Corte Constitucional no aprobar cap\u00edtulos enteros como el de propiedad intelectual y el de telecomunicaciones. Adem\u00e1s, hasta los l\u00edmites de nuestra naci\u00f3n fueron cambiados, desapareciendo miles de kil\u00f3metros cuadrados, con lo que se configura la recolonizaci\u00f3n del pa\u00eds por parte del imperio del Norte. <\/p>\n<p>La resoluci\u00f3n del congreso de Estados Unidos de congelar la discusi\u00f3n del TLC es una magn\u00edfica noticia para Colombia y es un claro triunfo de la resistencia civil de millones de ciudadanos que se han manifestado en diferentes formas rechazando este atentado, por lo cual hay que redoblar la lucha a trav\u00e9s de foros, talleres, movilizaciones y paros para defender con ah\u00ednco la soberan\u00eda, la producci\u00f3n y el trabajo de las mayor\u00edas nacionales.<\/p>\n<p>Gran Coalici\u00f3n Democr\u00e1tica, Polo Democr\u00e1tico Alternativo, Centrales Obreras, CGT-UTRAL, CTC, ADEA, ADEBA, UNEB, Coordinadora Estudiantil Uniatl\u00e1ntico, Asociaciones de Pensionados, Casa Anficti\u00f3nica<\/p>\n","protected":false},"excerpt":{"rendered":"<p>Barranquilla, 15 de abril de 2008 Desde el mes de mayo de 2004, cuando se iniciaron las negociaciones del TLC entre Colombia y los Estados Unidos en Cartagena, la Gran Coalici\u00f3n Democr\u00e1tica, las centrales obreras y los partidos de izquierda democr\u00e1tica rechazaron de manera rotunda la suscripci\u00f3n de dicho tratado por considerarlo lesivo a los [&hellip;]<\/p>\n","protected":false},"author":1,"featured_media":0,"comment_status":"open","ping_status":"open","sticky":false,"template":"","format":"standard","meta":{"advanced_seo_description":"","jetpack_seo_html_title":"","jetpack_seo_noindex":false,"_jetpack_memberships_contains_paid_content":false,"footnotes":""},"categories":[7],"tags":[],"class_list":["post-2281","post","type-post","status-publish","format-standard","hentry","category-pronunciamientos-de-organizaciones-sociales"],"jetpack_featured_media_url":"","jetpack-related-posts":[{"id":380,"url":"https:\/\/moir.com.co\/web\/notas-a-la-historia-de-la-agricultura-segun-jhb-capitulo-i\/","url_meta":{"origin":2281,"position":0},"title":"NOTAS A LA HISTORIA DE LA AGRICULTURA SEG\u00daN JHB (CAP\u00cdTULO I)","author":"admin","date":"agosto 8, 2004","format":false,"excerpt":"El pasado 25 de mayo, a ra\u00edz del debate sobre el TLC en el Senado, JHB (l\u00e9ase Jorge Humberto Botero), al parecer en sano juicio, en sus cabales y con pleno desparpajo invent\u00f3 una versi\u00f3n sobre la agricultura colombiana de la \u00faltima d\u00e9cada. Estableci\u00f3 que si el primer episodio aperturista\u2026","rel":"","context":"En \u00abTemas\u00bb","block_context":{"text":"Temas","link":"https:\/\/moir.com.co\/web\/category\/temas\/"},"img":{"alt_text":"","src":"","width":0,"height":0},"classes":[]},{"id":6787,"url":"https:\/\/moir.com.co\/web\/que-viva-la-produccion-nacional\/","url_meta":{"origin":2281,"position":1},"title":"\u00a1Que viva la producci\u00f3n nacional!","author":"admin","date":"agosto 24, 2012","format":false,"excerpt":"Colombia es un pa\u00eds de gente emprendedora y trabajadores. Los productores del agro,por ejemplo, se empre\u00f1a en producir alimentos y g\u00e9neros agr\u00edcolas a pesar de que desde hace 20 a\u00f1os las pol\u00edticas para el sector son casi inexistentes. La poblaci\u00f3n rural de Colombia a 2009 era de 11 millones de\u2026","rel":"","context":"En \u00abTemas\u00bb","block_context":{"text":"Temas","link":"https:\/\/moir.com.co\/web\/category\/temas\/"},"img":{"alt_text":"","src":"","width":0,"height":0},"classes":[]},{"id":9824,"url":"https:\/\/moir.com.co\/web\/en-que-condiciones-siembra-colombia\/","url_meta":{"origin":2281,"position":2},"title":"En qu\u00e9 condiciones\u2026 Siembra Colombia","author":"admin","date":"diciembre 9, 2015","format":false,"excerpt":"Hace un par de meses el ministro de agricultura anunci\u00f3 que, ante el evidente fracaso de la pol\u00edtica agraria oficial de este y los gobiernos que lo precedieron, iba a promover la siembra de un mill\u00f3n de hect\u00e1reas y a destinar 1.6 billones de pesos para la operaci\u00f3n. Dijo, adem\u00e1s,\u2026","rel":"","context":"En \u00abOscar Guti\u00e9rrez Reyes\u00bb","block_context":{"text":"Oscar Guti\u00e9rrez Reyes","link":"https:\/\/moir.com.co\/web\/category\/bitacoras\/oscar-gutierrez-reyes\/"},"img":{"alt_text":"","src":"","width":0,"height":0},"classes":[]},{"id":202,"url":"https:\/\/moir.com.co\/web\/la-conspiracion-del-trigo\/","url_meta":{"origin":2281,"position":3},"title":"LA CONSPIRACI\u00d3N DEL TRIGO","author":"admin","date":"agosto 7, 2004","format":false,"excerpt":"\"Es mejor el barbecho propio que el mejor trigo extranjero\" Proverbio \u00e1rabe El Ingeniero Agr\u00f3nomo, M.Sc., Ph.D. Mario Zapata Belalc\u00e1zar, originario de San Jer\u00f3nimo, Antioquia, el m\u00e1s destacado fitomejorador del trigo en la historia nacional, estuvo en su Facultad de Agronom\u00eda de la Universidad Nacional en Medell\u00edn, conferenciando con estudiantes,\u2026","rel":"","context":"En \u00abTemas\u00bb","block_context":{"text":"Temas","link":"https:\/\/moir.com.co\/web\/category\/temas\/"},"img":{"alt_text":"","src":"","width":0,"height":0},"classes":[]},{"id":9593,"url":"https:\/\/moir.com.co\/web\/la-necesidad-de-reformas-constitucionales-para-proteger-el-agro-nacional-los-peligros-inminentes-de-los-tlc\/","url_meta":{"origin":2281,"position":4},"title":"La necesidad de reformas constitucionales para proteger el agro nacional: Los peligros inminentes de los TLC","author":"admin","date":"agosto 22, 2015","format":false,"excerpt":"\u00d3scar Guti\u00e9rrez, director ejecutivo de Dignidad Agropecuaria Colombiana (DAC), convers\u00f3 con La Rel sobre las propuestas que esta importante organizaci\u00f3n est\u00e1 impulsando para proteger el agro nacional. -\u00bfCu\u00e1l es el objetivo del proyecto de reforma constitucional que est\u00e1n impulsando desde Dignidad Agropecuaria? -Hay solamente tres art\u00edculos (art. 64, 65 y\u2026","rel":"","context":"En \u00abPronunciamientos de Organizaciones Sociales\u00bb","block_context":{"text":"Pronunciamientos de Organizaciones Sociales","link":"https:\/\/moir.com.co\/web\/category\/pronunciamientos-de-organizaciones-sociales\/"},"img":{"alt_text":"","src":"","width":0,"height":0},"classes":[]},{"id":13489,"url":"https:\/\/moir.com.co\/web\/165-billones-de-pesos-de-inversion-en-cana-y-palma-desaparecerian-por-los-tlc-robledo\/","url_meta":{"origin":2281,"position":5},"title":"16,5 billones de pesos de inversi\u00f3n en ca\u00f1a y palma desaparecer\u00edan por los TLC: Robledo","author":"admin","date":"octubre 11, 2017","format":false,"excerpt":"Oficina de prensa del senador Jorge Enrique Robledo, Bogot\u00e1, octubre 10 de 2017 \u201cPara evitar la quiebra de nuestros arroceros, ca\u00f1icultores, palmeros, etc., no hay otra salida que renegociar los TLC\u201d, expres\u00f3 el senador Jorge Enrique Robledo en el debate realizado hoy en la Comisi\u00f3n Quinta del Senado. Las importaciones\u2026","rel":"","context":"En \u00abAgro\u00bb","block_context":{"text":"Agro","link":"https:\/\/moir.com.co\/web\/category\/temas\/agro\/"},"img":{"alt_text":"","src":"https:\/\/i0.wp.com\/moir.com.co\/web\/wp-content\/uploads\/2017\/08\/Robledoelnuevosiglo.jpg?fit=730%2C450&ssl=1&resize=350%2C200","width":350,"height":200,"srcset":"https:\/\/i0.wp.com\/moir.com.co\/web\/wp-content\/uploads\/2017\/08\/Robledoelnuevosiglo.jpg?fit=730%2C450&ssl=1&resize=350%2C200 1x, https:\/\/i0.wp.com\/moir.com.co\/web\/wp-content\/uploads\/2017\/08\/Robledoelnuevosiglo.jpg?fit=730%2C450&ssl=1&resize=525%2C300 1.5x, https:\/\/i0.wp.com\/moir.com.co\/web\/wp-content\/uploads\/2017\/08\/Robledoelnuevosiglo.jpg?fit=730%2C450&ssl=1&resize=700%2C400 2x"},"classes":[]}],"jetpack_sharing_enabled":true,"_links":{"self":[{"href":"https:\/\/moir.com.co\/web\/wp-json\/wp\/v2\/posts\/2281","targetHints":{"allow":["GET"]}}],"collection":[{"href":"https:\/\/moir.com.co\/web\/wp-json\/wp\/v2\/posts"}],"about":[{"href":"https:\/\/moir.com.co\/web\/wp-json\/wp\/v2\/types\/post"}],"author":[{"embeddable":true,"href":"https:\/\/moir.com.co\/web\/wp-json\/wp\/v2\/users\/1"}],"replies":[{"embeddable":true,"href":"https:\/\/moir.com.co\/web\/wp-json\/wp\/v2\/comments?post=2281"}],"version-history":[{"count":0,"href":"https:\/\/moir.com.co\/web\/wp-json\/wp\/v2\/posts\/2281\/revisions"}],"wp:attachment":[{"href":"https:\/\/moir.com.co\/web\/wp-json\/wp\/v2\/media?parent=2281"}],"wp:term":[{"taxonomy":"category","embeddable":true,"href":"https:\/\/moir.com.co\/web\/wp-json\/wp\/v2\/categories?post=2281"},{"taxonomy":"post_tag","embeddable":true,"href":"https:\/\/moir.com.co\/web\/wp-json\/wp\/v2\/tags?post=2281"}],"curies":[{"name":"wp","href":"https:\/\/api.w.org\/{rel}","templated":true}]}}