{"id":2279,"date":"2008-04-16T10:30:29","date_gmt":"2008-04-16T10:30:29","guid":{"rendered":"https:\/\/moir.org.co\/web\/el-tlc-colombia-estados-unidos-una-trampa-para-nuestro-pais\/"},"modified":"2008-04-16T10:30:29","modified_gmt":"2008-04-16T10:30:29","slug":"el-tlc-colombia-estados-unidos-una-trampa-para-nuestro-pais","status":"publish","type":"post","link":"https:\/\/moir.com.co\/web\/el-tlc-colombia-estados-unidos-una-trampa-para-nuestro-pais\/","title":{"rendered":"EL TLC COLOMBIA \u2013 ESTADOS UNIDOS, UNA TRAMPA PARA NUESTRO PA\u00cdS"},"content":{"rendered":"<p><b>Comit\u00e9 Ejecutivo CGT, Bogot\u00e1, abril 11 de 2008<\/b><\/p>\n<p>Para la Confederaci\u00f3n General del Trabajo, CGT, es claro que como Movimiento de Trabajadores, su oposici\u00f3n al Acuerdo de Promoci\u00f3n Comercial Colombia-Estados Unidos, o TLC, como com\u00fanmente se conoce, no puede limitarse al escenario meramente laboral o sindical, pues ello ser\u00eda asumir una posici\u00f3n reduccionista, limitada y hasta ego\u00edsta para con el pa\u00eds, querr\u00eda decir que con un Capitulo Laboral, mejorado al m\u00e1ximo posible, cesar\u00eda nuestra oposici\u00f3n al TLC. Somos conocedores que las implicaciones del TLC van much\u00edsimo m\u00e1s all\u00e1, pues tocan absolutamente todos los aspectos de la vida nacional y no se limitan a un acuerdo meramente comercial de intercambio de bienes o servicios. <\/p>\n<p>Temas tan delicados como la soberan\u00eda alimentaria, la educaci\u00f3n principalmente en los niveles t\u00e9cnico, tecnol\u00f3gico y superior, la producci\u00f3n agropecuaria, el acceso a medicamentos, la industria en todos sus sectores, las telecomunicaciones, s\u00f3lo por citar algunos, ya no ser\u00e1n regulados acorde a los dict\u00e1menes de nuestras necesidades y normatividad, sino que se regir\u00e1n por las normas del TLC, que no son otra cosa que los mandatos de las empresas transnacionales y su inter\u00e9s de garantizar mercados sujetos a sus excedentes de producci\u00f3n. <\/p>\n<p>El Tratado de Libre Comercio con los Estados Unidos es la exacerbaci\u00f3n de la apertura de la econom\u00eda nacional frente a la mayor potencia econ\u00f3mica y militar del mundo, que tiene negocios similares con socios, ellos s\u00ed, con una mejor capacidad de competir en un mercado excluyente y desigual. Colombia en el periodo comprendido entre enero y noviembre de 2007 disminuy\u00f3 sus exportaciones al pa\u00eds del norte en un 9.6% respecto del mismo periodo del a\u00f1o anterior. Dichas exportaciones se concentran en un 70% en el petr\u00f3leo y sus derivados, un 11% corresponde a las flores, 9% en confecciones y el restante 10% se lo distribuyen los sectores cer\u00e1micos, pl\u00e1sticos, aluminio y sus manufacturas, azucares y art\u00edculos de confiter\u00eda, junto con otras exportaciones menores. <\/p>\n<p>Respalda a\u00fan m\u00e1s nuestro rechazo al TLC, el hecho de que dicho tratado se nos ha querido vender como la posibilidad de contar con 240 millones de consumidores, para nuestras exportaciones, pero sectores intensivos en mano de obra como confecciones y calzado, han disminuido su participaci\u00f3n en las exportaciones al mercado estadounidense, en un 23.3% y 18.8% respectivamente durante el a\u00f1o inmediatamente anterior. La raz\u00f3n de dicha disminuci\u00f3n se explica en la competencia de los pa\u00edses asi\u00e1ticos, China e India principalmente. <\/p>\n<p>Durante el a\u00f1o anterior la balanza comercial con los Estados Unidos se increment\u00f3 de manera desfavorable para nuestro pa\u00eds en un 33.86%, esto sin haber entrado en vigencia el TLC y a pesar de beneficiarnos del tratamiento especial del ATPDEA. <\/p>\n<p>El crecimiento de nuestro Producto Interno Bruto, con TLC o sin TLC, no reporta, seg\u00fan los expertos, mayores niveles de crecimiento durante los pr\u00f3ximos cinco a\u00f1os, pero llama s\u00ed la atenci\u00f3n el hecho de que si el TLC entrara en vigencia a partir de 2009, el crecimiento del PIB nacional, solo recibir\u00eda un impacto favorable inferior al 0.5%, pero durante los a\u00f1os subsiguientes su participaci\u00f3n caer\u00e1 hasta alcanzar los mismos niveles en que crecer\u00eda el pa\u00eds sin la firma del fementido tratado. <\/p>\n<p>El gobierno colombiano asumi\u00f3 la \u201cnegociaci\u00f3n\u201d del TLC, sin tener ni siquiera en cuenta nuestro atraso en infraestructura, pues \u00e9sta tan s\u00f3lo supera a Hait\u00ed, Honduras y El Salvador. El 58% de nuestras carreteras se encuentra en p\u00e9simo estado, el 9% en mal estado, el 22% en regulares condiciones y tan solo el 11% esta en buenas condiciones. El 60% de la flota mercante mundial, con capacidad de carga superior a las 40.000 toneladas, no puede atracar en Buenaventura, que es nuestro principal puerto y s\u00f3lo tiene capacidad para recibir barcos con igual o inferior carga. <\/p>\n<p>El tiempo transcurrido le dio la raz\u00f3n a quienes se opusieron a la firma de Tratados de Libre Comercio con los Estados Unidos, un ejemplo palpable es el que se suscribi\u00f3 con M\u00e9xico, naci\u00f3n que limita con el coloso del Norte y que ha visto c\u00f3mo, a la par de la implementaci\u00f3n del mismo, ha venido creciendo la pobreza, el desempleo y la balanza comercial demuestra que ha venido creciendo la dependencia del mercado norteamericano, lo que significa que en la pr\u00e1ctica no se firm\u00f3 un Tratado de Libre Comercio, sino un pacto de adhesi\u00f3n. <\/p>\n<p>El TLC, cuya aprobaci\u00f3n fue la mas fiel muestra de desinter\u00e9s por el pa\u00eds de parte del cuestionado Congreso Nacional, fue aprobado en dos fases, la primera versi\u00f3n fue revisada y cambiada por el Congreso Norteamericano y hubo de ser sometida nuevamente a aprobaci\u00f3n del Congreso Colombiano para ratificar las modificaciones que su \u00e9mulo del norte le hiciere, como quien dice se aprob\u00f3 lo que ellos dijeron. Corresponde entonces a la Corte Constitucional revisar si el Gobierno y sus mayor\u00edas actuaron bajo los principios constitucionales de equidad, reciprocidad, igualdad, conveniencia y soberan\u00eda nacional, as\u00ed como si se privilegia o no la integraci\u00f3n Latinoamericana y del Caribe. Nada de lo anterior nos parece que se haya respetado, pese a que el Procurador General de la Naci\u00f3n no lo haya encontrado as\u00ed planteando que \u201cdif\u00edcilmente puede haber equidad entre una superpotencia y una naci\u00f3n en desarrollo, ya que si s\u00f3lo se tuviera en cuenta la situaci\u00f3n de asimetr\u00eda no podr\u00edan recibir similar trato dos pa\u00edses tan distintos porque se estar\u00eda desconociendo el principio de igualdad\u201d. <\/p>\n<p>Por otro lado, no se puede seguir pretendiendo \u201cchantajear\u201d a sectores productivos de nuestra econom\u00eda, en especial al textil, de las flores, banano, palma africana, cuero, etc. Con el socorrido argumento, que de no aprobarse el TLC con Estados Unidos, desaparecer\u00e1n sus empleos, porque se pretende es convencerlos mediante el miedo de las ventajas del Tratado y poco se habla de efectos de una verdadera pol\u00edtica que se dirija a incentivar y preservar la producci\u00f3n nacional que la proteja de las contingencias que, de cuando en vez, afecta el comercio internacional, propiciando adem\u00e1s la divisi\u00f3n del sindicalismo colombiano. <\/p>\n<p>Es por todo lo anterior, que la CGT se ratifica en que su oposici\u00f3n al TLC no se limita al tema del respeto a los derechos humanos y la disminuci\u00f3n de los asesinatos de la dirigencia sindical, m\u00e1s bien reiteramos la urgencia de evaluar a fondo los efectos negativos de la apertura econ\u00f3mica impuesta al pa\u00eds desde el a\u00f1o de 1990 y que trajo como consecuencia, no s\u00f3lo el recorte de los derechos de la Clase Trabajadora , sino que adem\u00e1s arruin\u00f3 el campo colombiano, afecto el crecimiento de nuestro aparato productivo y empobreci\u00f3 a la poblaci\u00f3n a niveles absolutamente inaceptables. <\/p>\n<p>Es necesario tener en cuenta, que adem\u00e1s de todo lo anterior, el pa\u00eds no puede correr el riego de verse sometido a una crisis alimentaria en el corto plazo, tal como ha venido ocurriendo en pa\u00edses como M\u00e9xico, Mozambique, Marruecos, Senegal, Yemen, Hait\u00ed, Filipinas, Camer\u00fan, Mauritania y Burkina Faso, entre otros lugares, en donde la poblaci\u00f3n ha tenido que levantarse contra el hambre con un saldo considerable de v\u00edctimas. Un TLC como el que se nos quiere aplicar, es un problema de seguridad para nuestro pa\u00eds. <\/p>\n<p>Triste destino el que nos espera de ponerse en marcha el TLC bajo los planteamientos del gobierno estadounidense de corresponder dicho tratado a asuntos de \u201cseguridad nacional\u201d porque ello significar\u00eda que a Colombia el se\u00f1or Bush le pretende asignar el papel de cabeza de playa de la pol\u00edtica del Departamento de Estado para Am\u00e9rica Latina, con las mismas pr\u00e1cticas que se le han asignado a Israel en el Asia menor. <\/p>\n<p>Con base en las consideraciones anteriores, el Comit\u00e9 Ejecutivo de la Confederaci\u00f3n General del Trabajo, CGT , solicita al se\u00f1or Presidente de la Rep\u00fablica , Dr. Alvaro Uribe Velez, a su equipo econ\u00f3mico y al Congreso de la Rep\u00fablica que revisen su absurda obsesi\u00f3n por este TLC y si en realidad el gobierno del Norte est\u00e1 tan interesado en ayudarnos, entonces que extiendan las preferencias arancelarias del ATPDEA por un per\u00edodo de 10 a\u00f1os, mientras ajustamos la econom\u00eda colombiana y en un futuro tal vez podremos negociar un tratado que sea justo, equilibrado y realmente ben\u00e9fico para las partes.<\/p>\n","protected":false},"excerpt":{"rendered":"<p>Comit\u00e9 Ejecutivo CGT, Bogot\u00e1, abril 11 de 2008 Para la Confederaci\u00f3n General del Trabajo, CGT, es claro que como Movimiento de Trabajadores, su oposici\u00f3n al Acuerdo de Promoci\u00f3n Comercial Colombia-Estados Unidos, o TLC, como com\u00fanmente se conoce, no puede limitarse al escenario meramente laboral o sindical, pues ello ser\u00eda asumir una posici\u00f3n reduccionista, limitada y [&hellip;]<\/p>\n","protected":false},"author":1,"featured_media":0,"comment_status":"open","ping_status":"open","sticky":false,"template":"","format":"standard","meta":{"advanced_seo_description":"","jetpack_seo_html_title":"","jetpack_seo_noindex":false,"_jetpack_memberships_contains_paid_content":false,"footnotes":""},"categories":[7],"tags":[],"class_list":["post-2279","post","type-post","status-publish","format-standard","hentry","category-pronunciamientos-de-organizaciones-sociales"],"jetpack_featured_media_url":"","jetpack-related-posts":[{"id":3109,"url":"https:\/\/moir.com.co\/web\/el-comando-nacional-unitario-frente-a-los-tlc\/","url_meta":{"origin":2279,"position":0},"title":"EL COMANDO NACIONAL UNITARIO FRENTE A LOS TLC","author":"admin","date":"mayo 21, 2009","format":false,"excerpt":"El Comando Nacional Unitario, conformado en Colombia por, la Central Unitaria de Trabajadores, CUT, la Confederaci\u00f3n General del Trabajo, CGT, la Confederaci\u00f3n de Trabajadores de Colombia, CTC y la Confederaci\u00f3n de Pensionados de Colombia, CPC, ante el fren\u00e9tico impulso por parte del gobierno colombiano, en cabeza de \u00c1lvaro Uribe V\u00e9lez,\u2026","rel":"","context":"En \u00abPronunciamientos de Organizaciones Sociales\u00bb","block_context":{"text":"Pronunciamientos de Organizaciones Sociales","link":"https:\/\/moir.com.co\/web\/category\/pronunciamientos-de-organizaciones-sociales\/"},"img":{"alt_text":"","src":"","width":0,"height":0},"classes":[]},{"id":5759,"url":"https:\/\/moir.com.co\/web\/actuaciones-que-van-contra-la-resistencia-civil-y-contra-los-trabajadores\/","url_meta":{"origin":2279,"position":1},"title":"Actuaciones que van contra la resistencia civil y contra los trabajadores","author":"admin","date":"julio 10, 2011","format":false,"excerpt":"El pasado 26 de mayo, el presidente de la Confederaci\u00f3n General del Trabajo, CGT, Julio Roberto G\u00f3mez, firm\u00f3 la Actualizaci\u00f3n del Acuerdo Tripartito de junio de 2006 suscrito por el gobierno, los empresarios y las centrales obreras. Por fortuna dos (2) de la tres (3) centrales obreras, la CTC y\u2026","rel":"","context":"En \u00abTribuna Magisterial\u00bb","block_context":{"text":"Tribuna Magisterial","link":"https:\/\/moir.com.co\/web\/category\/tribuna-magisterial\/"},"img":{"alt_text":"","src":"","width":0,"height":0},"classes":[]},{"id":4490,"url":"https:\/\/moir.com.co\/web\/la-cgt-del-lado-del-gobierno-y-en-contra-de-los-trabajadores\/","url_meta":{"origin":2279,"position":2},"title":"La CGT del lado del gobierno y en contra de los trabajadores","author":"admin","date":"junio 21, 2010","format":false,"excerpt":"Durante la 99\u00ba Conferencia de la OIT, realizada este mes en Ginebra \u2013 Suiza, el presidente de la Confederaci\u00f3n General del Trabajo, CGT, Julio Roberto G\u00f3mez, manifest\u00f3 su apoyo a la candidatura de Juan Manuel Santos, quien fue ministro de defensa durante el gobierno de \u00c1lvaro Uribe, caracterizado por perseguir,\u2026","rel":"","context":"En \u00abTemas\u00bb","block_context":{"text":"Temas","link":"https:\/\/moir.com.co\/web\/category\/temas\/"},"img":{"alt_text":"","src":"","width":0,"height":0},"classes":[]},{"id":10100,"url":"https:\/\/moir.com.co\/web\/el-tlc-con-corea-es-un-pesimo-negocio-para-colombia-senador-robledo\/","url_meta":{"origin":2279,"position":3},"title":"El TLC con Corea es un p\u00e9simo negocio para Colombia: Senador Robledo","author":"admin","date":"abril 19, 2016","format":false,"excerpt":"Industriales agrupados en Proindustria, las centrales obreras CUT, CGT Y CTC, gremios de la producci\u00f3n (ACOPI) y acad\u00e9micos se pronunciaron contra el acuerdo comercial por su inconveniencia para Colombia. La entrada en vigencia del TLC con Corea es una mala noticia para Colombia, se\u00f1al\u00f3 el senador Jorge Enrique Robledo. Este\u2026","rel":"","context":"En \u00abJorge Enrique Robledo\u00bb","block_context":{"text":"Jorge Enrique Robledo","link":"https:\/\/moir.com.co\/web\/category\/jorge-enrique-robledo\/"},"img":{"alt_text":"","src":"","width":0,"height":0},"classes":[]},{"id":5513,"url":"https:\/\/moir.com.co\/web\/se-destrabo-el-tlc-con-estados-unidos\/","url_meta":{"origin":2279,"position":4},"title":"\u00bfSe destrab\u00f3 el TLC con Estados Unidos?","author":"admin","date":"abril 13, 2011","format":false,"excerpt":"I La reuni\u00f3n entre Santos y Obama reson\u00f3 con alborozo en la gran prensa colombiana. \u201cLuz verde al TLC\u201d, t\u00edtulo El Espectador. El Tiempo, \u201cObama da luz verde al TLC con Colombia.\u201d. Se dice que de la cita sali\u00f3 una hoja de ruta que garantiza la aprobaci\u00f3n del acuerdo en\u2026","rel":"","context":"En \u00abTemas\u00bb","block_context":{"text":"Temas","link":"https:\/\/moir.com.co\/web\/category\/temas\/"},"img":{"alt_text":"","src":"","width":0,"height":0},"classes":[]},{"id":3052,"url":"https:\/\/moir.com.co\/web\/posicion-de-la-cgt-frente-al-tlc-colombia-europa\/","url_meta":{"origin":2279,"position":5},"title":"Posici\u00f3n de la CGT frente al TLC Colombia &#8211; Europa","author":"admin","date":"mayo 5, 2009","format":false,"excerpt":"La Confederaci\u00f3n General del Trabajo, CGT, expresa su oposici\u00f3n al Tratado de Libre Comercio, que actualmente se negocia entre los gobiernos de la Uni\u00f3n Europea y la Rep\u00fablica de Colombia, por las siguientes razones: 1. La condici\u00f3n de confidencialidad acordada por las partes, no ha permitido que las diferentes organizaciones\u2026","rel":"","context":"En \u00abPronunciamientos de Organizaciones Sociales\u00bb","block_context":{"text":"Pronunciamientos de Organizaciones Sociales","link":"https:\/\/moir.com.co\/web\/category\/pronunciamientos-de-organizaciones-sociales\/"},"img":{"alt_text":"","src":"","width":0,"height":0},"classes":[]}],"jetpack_sharing_enabled":true,"_links":{"self":[{"href":"https:\/\/moir.com.co\/web\/wp-json\/wp\/v2\/posts\/2279","targetHints":{"allow":["GET"]}}],"collection":[{"href":"https:\/\/moir.com.co\/web\/wp-json\/wp\/v2\/posts"}],"about":[{"href":"https:\/\/moir.com.co\/web\/wp-json\/wp\/v2\/types\/post"}],"author":[{"embeddable":true,"href":"https:\/\/moir.com.co\/web\/wp-json\/wp\/v2\/users\/1"}],"replies":[{"embeddable":true,"href":"https:\/\/moir.com.co\/web\/wp-json\/wp\/v2\/comments?post=2279"}],"version-history":[{"count":0,"href":"https:\/\/moir.com.co\/web\/wp-json\/wp\/v2\/posts\/2279\/revisions"}],"wp:attachment":[{"href":"https:\/\/moir.com.co\/web\/wp-json\/wp\/v2\/media?parent=2279"}],"wp:term":[{"taxonomy":"category","embeddable":true,"href":"https:\/\/moir.com.co\/web\/wp-json\/wp\/v2\/categories?post=2279"},{"taxonomy":"post_tag","embeddable":true,"href":"https:\/\/moir.com.co\/web\/wp-json\/wp\/v2\/tags?post=2279"}],"curies":[{"name":"wp","href":"https:\/\/api.w.org\/{rel}","templated":true}]}}