{"id":2267,"date":"2008-04-11T21:11:23","date_gmt":"2008-04-11T21:11:23","guid":{"rendered":"https:\/\/moir.org.co\/web\/tres-anos-mas-tarde-ustedes-como-nosotros-le-dijeron-no-al-tlc-entre-colombia-y-eeuu\/"},"modified":"2008-04-11T21:11:23","modified_gmt":"2008-04-11T21:11:23","slug":"tres-anos-mas-tarde-ustedes-como-nosotros-le-dijeron-no-al-tlc-entre-colombia-y-eeuu","status":"publish","type":"post","link":"https:\/\/moir.com.co\/web\/tres-anos-mas-tarde-ustedes-como-nosotros-le-dijeron-no-al-tlc-entre-colombia-y-eeuu\/","title":{"rendered":"\u201cTres a\u00f1os m\u00e1s tarde, ustedes, como nosotros, le dijeron NO al TLC entre Colombia y EEUU\u201d"},"content":{"rendered":"<p><b>Asociaci\u00f3n de Cabildos Ind\u00edgenas del Norte del Cauca &#8211; ACIN, abril 11 de 2008<\/b><\/p>\n<p>Se\u00f1ora:<br \/>\nNancy Pelosi, miembros del Congreso y Pueblo de Los EE.UU <\/p>\n<p>Cordial saludo. <\/p>\n<p>En primer lugar, debemos expresar nuestra alegr\u00eda y gratitud por la decisi\u00f3n tomada ayer 10 de Abril de 2008 en el Congreso de los EEUU. Con 294 votos a favor y 195 en contra, la C\u00e1mara de Representantes que Usted preside, decidi\u00f3 congelar indefinidamente el TLC entre Colombia y los EEUU. Sabemos que esta es apenas una etapa en un largo camino, pero su resultado es profundamente significativo para nuestros pueblos y nos abre una ventana a trav\u00e9s de la cual respiramos con fuerza y \u00e1nimo renovados. <\/p>\n<p>Esta carta, adem\u00e1s de reflejar nuestro reconocimiento y aprecio como pueblos, busca abrir un espacio de comunicaci\u00f3n entre nosotros porque sentimos que nos merecemos el derecho de ser escuchados y respetados y que hace mucho tiempo que Usted y los congresistas del Partido Dem\u00f3crata bajo su liderazgo deber\u00edan haber conocido nuestra decisi\u00f3n democr\u00e1tica y nuestras razones de dignidad y vida. <\/p>\n<p>En efecto, hace un poco m\u00e1s de tres a\u00f1os, el Domingo 6 de Marzo de 2005, se realiz\u00f3 la primera Consulta Popular frente al TLC entre Colombia y su pa\u00eds, a trav\u00e9s de un referendo realizado en 6 municipios del Departamento del Cauca. En ese referendo libre, abierto y transparente, observado por jurados nacionales e internacionales y sometido a un procedimiento electoral estricto, en el que hubo una participaci\u00f3n que no tiene paralelo en la historia de nuestros municipios, el 98% de la gente respondi\u00f3 NO a una sola pregunta: \u00bfEst\u00e1 usted de acuerdo con el TLC entre Colombia y EEUU?. El pueblo expres\u00f3 su decisi\u00f3n soberana y conciente. A partir de esa primera consulta, se realizaron otras en el resto del pa\u00eds. Todas con el mismo resultado. <\/p>\n<p>El 1 de Febrero de 2005 hicimos p\u00fablica la proclama a trav\u00e9s de la cual se convocaba a ese proceso Nacional de referendo popular frente al TLC. Les invitamos a conocer ese documento que reiteramos y cuya claridad y elocuencia son a\u00fan m\u00e1s relevantes hoy ante la decisi\u00f3n del Congreso de los EEUU. Creemos que es nuestro derecho reclamarles de manera respetuosa, que conozcan los motivos y perspectivas que expresamos como pueblos frente a este proyecto de Tratado que de manera tan profunda afectar\u00eda nuestras vidas. Por su conducto, Se\u00f1ora Pelosi, invitamos al Congreso y al Pueblo de los EEUU a leer esta proclama y a tratar su contenido con el respeto y consideraci\u00f3n que merecen http:\/\/www.nasaacin.org\/consulta.htm y a reconocer la decisi\u00f3n soberana y democr\u00e1tica de nuestros pueblos. <\/p>\n<p>Es importante que Ustedes sepan que al momento de realizar esa consulta y hasta el d\u00eda de hoy, la informaci\u00f3n disponible a la ciudadan\u00eda en Colombia, a partir del Gobierno y los medios masivos de comunicaci\u00f3n en relaci\u00f3n con el TLC y sus consecuencias, ha sido abrumadoramente distorsionada y unilateralmente favorable al mismo, cerrando efectivamente los espacios de debate y controversia entre perspectivas diversas que le permitan a la poblaci\u00f3n conocer el tema para asumir una posici\u00f3n sustentada ante el mismo. En la Proclama que lanzaba la Consulta pregunt\u00e1bamos: \u00bfSi el TLC es tan bueno, porqu\u00e9 desinforman a los pueblos y porqu\u00e9 le tienen miedo a una decisi\u00f3n popular democr\u00e1tica y consciente? Hoy, a un d\u00eda de la decisi\u00f3n que Ustedes tomaron, insistimos en la misma pregunta. A pesar de la constante propaganda a favor del TLC y de la forma en que se atemoriza a la gente asegurando sin sustento que no aprobar el TLC equivale, por parte de los EEUU a abandonar a Colombia en el atraso, quienes participaron en el referendo entendieron que esto no solo no es cierto sino que por el contrario, la aprobaci\u00f3n del TLC en los t\u00e9rminos y bajo las condiciones propuestas equivale a empujar a Colombia hacia el abismo del atraso, el empobrecimiento, la inequidad y la guerra. Tambi\u00e9n entendemos que el pueblo de los EEUU sufre las consecuencias negativas de este tipo de tratados, pero esto \u00faltimo corresponde a Ustedes y al pueblo de los EEUU analizarlo y decidirlo. Se\u00f1ora Pelosi, el Gobierno de Colombia se opuso y se opone a\u00fan a permitirle al pueblo de Colombia conocer los impactos reales del TLC tal como est\u00e1 definido, cierra los espacios de debate democr\u00e1tico e ignora los resultados contundentes de la Consulta Popular. En consecuencia, insistimos en invitarles a que se enteren de la Consulta de Marzo de 2005, nuestros motivos y argumentos, la decisi\u00f3n democr\u00e1tica y contundente de los pueblos y las consecuencias e implicaciones de esta decisi\u00f3n. Les invitamos tambi\u00e9n a respaldar el derecho de los pueblos a entender y decidir. Derecho que, frente al TLC no ha respetado el Gobierno de Colombia. <\/p>\n<p>El Gobierno de Colombia pretendi\u00f3 descartar la decisi\u00f3n de la Consulta alegando que no entendemos los beneficios del TLC y que la poblaci\u00f3n fue manipulada por manos oscuras y terroristas a tomar esta contundente decisi\u00f3n. Nuestra respuesta a esta acusaci\u00f3n temeraria y sin fundamento se encuentra en el texto de la Proclama y en la realidad y los hechos que hablan por si mismos. La posici\u00f3n del Gobierno es racista en la medida que nos considera a\u00fan seres incipientes e incapaces de entender y decidir a conciencia, como tambi\u00e9n es una amenaza grave contra nuestra vida e integridad ya que se\u00f1ala v\u00ednculos inexistentes con terroristas, lo que en este pa\u00eds equivale a una condena a muerte. <\/p>\n<p>Lean Ustedes nuestros argumentos a ver si es posible acusarnos de no entender. Lean y, contrario a lo que ha hecho el Gobierno Colombiano, respondan con ideas, con argumentos, con evidencias. Como lo decimos en la Proclama que convoca a la Consulta, no nos oponemos al Libre Comercio ni a un tratado con los EEUU. Nos oponemos a este tratado y damos las razones fundamentales basados en evidencia contundente. Se\u00f1ora Pelosi, Congresistas y Pueblo de los EEUU, tres a\u00f1os despu\u00e9s de nuestra Proclama y convocatoria a realizar un referendo p\u00fablico frente al TLC, tres a\u00f1os despu\u00e9s de que nuestros pueblos hubieran dicho NO a pesar de que se nos cerraran los espacios para debatir y decidir, m\u00e1s del 60% de las tierras productivas se encuentran en manos de 15000 familias, menos del 0,4% de la poblaci\u00f3n del pa\u00eds. Esta inmensa concentraci\u00f3n de la tierra es adem\u00e1s improductiva en la medida en que la comida que a\u00fan cosechamos en ella proviene de los peque\u00f1os propietarios pobres porque los grandes propietarios no producen comida. Adem\u00e1s, el ingreso al pa\u00eds de productos agropecuarios subsidiados condena a la ruina y al hambre a los campesinos, ind\u00edgenas y productores del campo, ante la imposibilidad de competir ante productos distorsionadamente baratos. La producci\u00f3n de cultivos para uso il\u00edcito se convierte por v\u00eda del Libre Comercio en una obligaci\u00f3n para poder sobrevivir y conseguir recursos econ\u00f3micos esenciales. Usted sabe bien que venimos siendo desplazados y despojados de la tierra por v\u00eda de la violencia y de la guerra cuyo prop\u00f3sito es despojarnos para abrir el campo a megaproyectos de corporaciones transnacionales. Este despojo que ha desplazado a 4 millones de compatriotas hacia las ciudades en condiciones de miseria, fomenta la violencia social, la violencia pol\u00edtica, el odio y por esa v\u00eda, perpet\u00faa la guerra y la miseria. Pero el tratado encarece los medicamentos y patenta la vida y nuestros saberes ancestrales. El TLC que ustedes decidieron no considerar por ahora, respalda a un Gobierno cuyo Presidente ofreci\u00f3 el 15 de Marzo de 2008 en un Consejo Comentario realizado en Popy\u00e1n, recompensas por ind\u00edgenas que luchen de manera directa por recuperar tierras de las que hemos sido despojados y a las que tenemos derecho en cumplimiento de acuerdos con el Estado. La criminalizaci\u00f3n de la reforma agraria necesaria para que un TLC justo sea viable, es convertida en delito, precisamente para que los intereses particulares que se beneficiar\u00edan con el TLC, sean protegidos. En medio de la guerra, de la miseria, del despojo, del terror y del enga\u00f1o no habr\u00e1 prosperidad para nadie. Por eso este TLC que Ustedes no han debatido ha sido rechazado por nosotros. <\/p>\n<p>Queremos, Se\u00f1ora Pelosi y Congresistas, un Tratado de Libre Comercio que sea de veras un Tratado en la medida en que se de una negociaci\u00f3n real entre partes que representen los intereses de los pueblos y no \u00fanicamente entre pares que act\u00faen exclusivamente a nombre de los intereses del gran capital. Uno que sea Libre y no impuesto de manera unilateral y con propaganda, sin debate y consulta abierta y democr\u00e1tica. Un tratado cuyo contenido sea realmente el Comercio que garantice la oportunidad rec\u00edproca para que se consiga el bienestar de los pueblos aut\u00f3nomos y soberanos y se proteja la naturaleza y la vida. El TLC que Ustedes han decidido no debatir por el momento, fomenta el despojo, legaliza la injusticia y nos condena a la guerra permanente y al atraso. <\/p>\n<p>Celebramos la decisi\u00f3n que han tomado y la agradecemos. Equivale, ni m\u00e1s ni menos a respetar nuestras vidas. Reciba nuestra expresi\u00f3n de gratitud extensiva a su pueblo y acepte nuestra invitaci\u00f3n a conocer los motivos de nuestra decisi\u00f3n tomada democr\u00e1ticamente hace tres a\u00f1os, <\/p>\n<p>Sinceramente, <\/p>\n<p>Asociaci\u00f3n de Cabildos Ind\u00edgenas del Norte del Cauca &#8211; ACIN <\/p>\n<p>Tejido de Comunicaci\u00f3n y Relaciones Externas para la Verdad y la Vida<br \/>\nAsociaci\u00f3n de Cabildos Ind\u00edgenas del Norte del Cauca &#8211; ACIN<br \/>\nTelefax: 0928 &#8211; 290958 &#8211; 293999<br \/>\nEmail: acincauca@yahoo.es<br \/>\nWeb: www.nasaacin.org<br \/>\nSantander de Quilichao Cauca -Colombia <\/p>\n","protected":false},"excerpt":{"rendered":"<p>Asociaci\u00f3n de Cabildos Ind\u00edgenas del Norte del Cauca &#8211; ACIN, abril 11 de 2008 Se\u00f1ora: Nancy Pelosi, miembros del Congreso y Pueblo de Los EE.UU Cordial saludo. En primer lugar, debemos expresar nuestra alegr\u00eda y gratitud por la decisi\u00f3n tomada ayer 10 de Abril de 2008 en el Congreso de los EEUU. Con 294 votos [&hellip;]<\/p>\n","protected":false},"author":1,"featured_media":0,"comment_status":"open","ping_status":"open","sticky":false,"template":"","format":"standard","meta":{"advanced_seo_description":"","jetpack_seo_html_title":"","jetpack_seo_noindex":false,"_jetpack_memberships_contains_paid_content":false,"footnotes":""},"categories":[7],"tags":[],"class_list":["post-2267","post","type-post","status-publish","format-standard","hentry","category-pronunciamientos-de-organizaciones-sociales"],"jetpack_featured_media_url":"","jetpack-related-posts":[{"id":5638,"url":"https:\/\/moir.com.co\/web\/una-nueva-paralisis-del-tlc-convirtamosla-en-definitiva\/","url_meta":{"origin":2267,"position":0},"title":"Una nueva par\u00e1lisis del TLC: \u00a1convirt\u00e1mosla en definitiva!","author":"admin","date":"mayo 19, 2011","format":false,"excerpt":"A pesar de que el gobierno colombiano hab\u00eda reconocido que el TLC beneficiaba ante todo a los empresarios de EEUU y que \u00e9stos, especialmente los exportadores de cereales, maquinaria y alimentos estaban felices porque el Plan de acci\u00f3n sobre derechos laborales hab\u00eda destrabado el tr\u00e1mite del TLC con Colombia, el\u2026","rel":"","context":"En \u00abPronunciamientos de Organizaciones Sociales\u00bb","block_context":{"text":"Pronunciamientos de Organizaciones Sociales","link":"https:\/\/moir.com.co\/web\/category\/pronunciamientos-de-organizaciones-sociales\/"},"img":{"alt_text":"","src":"","width":0,"height":0},"classes":[]},{"id":2138,"url":"https:\/\/moir.com.co\/web\/a-pesar-de-la-insistencia-de-bush-y-uribe-el-tlc-sigue-enredado-en-eeuu\/","url_meta":{"origin":2267,"position":1},"title":"A PESAR DE LA INSISTENCIA DE BUSH Y URIBE, EL TLC SIGUE ENREDADO EN EEUU","author":"admin","date":"enero 20, 2008","format":false,"excerpt":"RECALCA, Bogot\u00e1, 19 de enero de 2008 Contrario a la imagen de triunfo que pretende dar el gobierno colombiano sobre la posible discusi\u00f3n y aprobaci\u00f3n del TLC en el congreso estadounidense en el primer trimestre de 2008, lo cierto es que personajes claves del legislativo de ese pa\u00eds, incluidos los\u2026","rel":"","context":"En \u00ab\u00a1No a los TLC y al ALCA!\u00bb","block_context":{"text":"\u00a1No a los TLC y al ALCA!","link":"https:\/\/moir.com.co\/web\/category\/temas\/no-a-los-tlc-y-al-alca\/"},"img":{"alt_text":"","src":"","width":0,"height":0},"classes":[]},{"id":2272,"url":"https:\/\/moir.com.co\/web\/fracasa-maniobra-de-bush-y-uribe\/","url_meta":{"origin":2267,"position":2},"title":"FRACASA MANIOBRA DE BUSH Y URIBE","author":"admin","date":"abril 12, 2008","format":false,"excerpt":"RECALCA, Bogot\u00e1, abril 9 de 2008 El presidente con menos legitimidad en la historia reciente de los Estados Unidos cumpli\u00f3 sus advertencias de presentar el TLC al congreso de su pa\u00eds, desconociendo la voluntad de la mayor\u00eda de esta instituci\u00f3n y de las principales organizaciones sociales y de trabajadores estadounidenses.\u2026","rel":"","context":"En \u00ab\u00a1No a los TLC y al ALCA!\u00bb","block_context":{"text":"\u00a1No a los TLC y al ALCA!","link":"https:\/\/moir.com.co\/web\/category\/temas\/no-a-los-tlc-y-al-alca\/"},"img":{"alt_text":"","src":"","width":0,"height":0},"classes":[]},{"id":5178,"url":"https:\/\/moir.com.co\/web\/otra-vez-mccain-y-el-tlc\/","url_meta":{"origin":2267,"position":3},"title":"Otra vez McCain y el TLC","author":"admin","date":"enero 13, 2011","format":false,"excerpt":"Una de las caracter\u00edsticas centrales del gobierno de Uribe V\u00e9lez, fue su obsesiva insistencia en la firma del TLC con Estados Unidos. Esto lo llev\u00f3 a protagonizar bochornosos actos de sumisi\u00f3n y adhesi\u00f3n a todos los dictados del gobierno de Bush, hasta el punto que \u00e9ste afirm\u00f3 que el gobierno\u2026","rel":"","context":"En \u00ab\u00a1No a los TLC y al ALCA!\u00bb","block_context":{"text":"\u00a1No a los TLC y al ALCA!","link":"https:\/\/moir.com.co\/web\/category\/temas\/no-a-los-tlc-y-al-alca\/"},"img":{"alt_text":"","src":"","width":0,"height":0},"classes":[]},{"id":1575,"url":"https:\/\/moir.com.co\/web\/navidad-para-eeuu-tlc-y-agenda-interna-a-cambio-de-renovacion-del-atpdea-por-seis-meses\/","url_meta":{"origin":2267,"position":4},"title":"NAVIDAD PARA EEUU, TLC Y AGENDA INTERNA A CAMBIO DE RENOVACI\u00d3N DEL ATPDEA POR SEIS MESES","author":"admin","date":"diciembre 18, 2006","format":false,"excerpt":"RECALCA, Bogot\u00e1, diciembre 18 de 2006El Congreso de Estados Unidos aprob\u00f3 la renovaci\u00f3n autom\u00e1tica del ATPDEA por seis meses, con la posibilidad de prorrogarlo por otros seis meses si antes de junio de 2007 los congresos de ambos pa\u00edses han aprobado el TLC, con lo cual estar\u00edan dando el margen\u2026","rel":"","context":"En \u00ab\u00a1No a los TLC y al ALCA!\u00bb","block_context":{"text":"\u00a1No a los TLC y al ALCA!","link":"https:\/\/moir.com.co\/web\/category\/temas\/no-a-los-tlc-y-al-alca\/"},"img":{"alt_text":"","src":"","width":0,"height":0},"classes":[]},{"id":4203,"url":"https:\/\/moir.com.co\/web\/no-habra-tlc-con-eeuu-durante-el-gobierno-de-uribe\/","url_meta":{"origin":2267,"position":5},"title":"No habr\u00e1 TLC con EEUU durante el gobierno de Uribe","author":"admin","date":"marzo 8, 2010","format":false,"excerpt":"El gobierno de Uribe ve \u201cventanas de oportunidad\u201d donde no hay sino paredes de concreto. Desde hace un a\u00f1o y casi semanalmente, el gobierno difunde la noticia de que alg\u00fan gesto del gobierno de Obama, abre la posibilidad de la aprobaci\u00f3n pr\u00f3xima del TLC. El discurso de Obama sobre el\u2026","rel":"","context":"En \u00ab\u00a1No a los TLC y al ALCA!\u00bb","block_context":{"text":"\u00a1No a los TLC y al ALCA!","link":"https:\/\/moir.com.co\/web\/category\/temas\/no-a-los-tlc-y-al-alca\/"},"img":{"alt_text":"","src":"","width":0,"height":0},"classes":[]}],"jetpack_sharing_enabled":true,"_links":{"self":[{"href":"https:\/\/moir.com.co\/web\/wp-json\/wp\/v2\/posts\/2267","targetHints":{"allow":["GET"]}}],"collection":[{"href":"https:\/\/moir.com.co\/web\/wp-json\/wp\/v2\/posts"}],"about":[{"href":"https:\/\/moir.com.co\/web\/wp-json\/wp\/v2\/types\/post"}],"author":[{"embeddable":true,"href":"https:\/\/moir.com.co\/web\/wp-json\/wp\/v2\/users\/1"}],"replies":[{"embeddable":true,"href":"https:\/\/moir.com.co\/web\/wp-json\/wp\/v2\/comments?post=2267"}],"version-history":[{"count":0,"href":"https:\/\/moir.com.co\/web\/wp-json\/wp\/v2\/posts\/2267\/revisions"}],"wp:attachment":[{"href":"https:\/\/moir.com.co\/web\/wp-json\/wp\/v2\/media?parent=2267"}],"wp:term":[{"taxonomy":"category","embeddable":true,"href":"https:\/\/moir.com.co\/web\/wp-json\/wp\/v2\/categories?post=2267"},{"taxonomy":"post_tag","embeddable":true,"href":"https:\/\/moir.com.co\/web\/wp-json\/wp\/v2\/tags?post=2267"}],"curies":[{"name":"wp","href":"https:\/\/api.w.org\/{rel}","templated":true}]}}