{"id":2233,"date":"2008-03-25T15:19:46","date_gmt":"2008-03-25T15:19:46","guid":{"rendered":"https:\/\/moir.org.co\/web\/defendamos-el-derecho-a-producir-comerciar-y-consumir-leche-cruda\/"},"modified":"2008-03-25T15:19:46","modified_gmt":"2008-03-25T15:19:46","slug":"defendamos-el-derecho-a-producir-comerciar-y-consumir-leche-cruda","status":"publish","type":"post","link":"https:\/\/moir.com.co\/web\/defendamos-el-derecho-a-producir-comerciar-y-consumir-leche-cruda\/","title":{"rendered":"DEFENDAMOS EL DERECHO A PRODUCIR, COMERCIAR Y CONSUMIR LECHE CRUDA"},"content":{"rendered":"<p><b>Bogot\u00e1, febrero 27 de 2008<\/b><\/p>\n<p>El decreto 616 de febrero de 2006 del Ministerio de Protecci\u00f3n Social, por el cual se expidi\u00f3 el Reglamento T\u00e9cnico sobre los requisitos que debe cumplir la leche para el consumo humano, prohibi\u00f3 comercializar la leche cruda, leche que, no debe perderse de vista, es hervida antes de consumirla por parte de quienes la adquieren, de manera que queda apta para el consumo de las personas. <\/p>\n<p>La decisi\u00f3n, tomada sin evidencia de que ocasione da\u00f1o a las personas, afecta la actividad econ\u00f3mica de centenares de miles de familias campesinas que se dedican a la producci\u00f3n l\u00e1ctea \u2013la del sector que enfr\u00eda y comercializa el producto, la de la industria de derivados que la requiere para elaborar quesos y yogur, entre otros\u2013 y a millones de hogares que adquieren as\u00ed ese alimento b\u00e1sico a precios accesibles. <\/p>\n<p>La medida contiene extravagantes requerimientos y resulta imposible de cumplir para quienes componen la cadena l\u00e1ctea y, en particular, para la mediana y peque\u00f1a empresa industrial urbana y rural, por no contar con la tecnolog\u00eda ni los recursos requeridos. En la Costa Atl\u00e1ntica, por ejemplo, el 75% de los minifundios tiene vocaci\u00f3n pecuaria. En este caso, tal est\u00e1 pasando con la panela y con los mataderos, se legisla para \u201cDinamarca y no para Cundinamarca\u201d. <\/p>\n<p>Prueba de ello es que en agosto de 2006, con el Decreto 2838, el gobierno fij\u00f3 un plazo de dos a\u00f1os para hacer la \u201creconversi\u00f3n\u201d, plazo que a la fecha no ha sido posible acatar, no s\u00f3lo por las grandes exigencias econ\u00f3micas, sino porque adem\u00e1s en la pr\u00e1ctica dicha \u201creconversi\u00f3n\u201d conduce a la extinci\u00f3n de productores, enfriadores, industrias y comercializadores de leche cruda. Mientras procede con tanto celo contra los productores nacionales, el gobierno se muestra tolerante con productos nocivos vendidos o elaborados por empresas extranjeras. <\/p>\n<p>La injusta decisi\u00f3n gubernamental golpea directamente a la ganader\u00eda y arruinar\u00e1 a centenares de miles de peque\u00f1os y medianos productores, cuya leche ya no ser\u00e1 comprada por las grandes pasteurizadoras y ser\u00e1 reemplazada por importaciones de leche en polvo y lacto-sueros, tal como lo estipula el TLC suscrito con Estados Unidos. La medida propicia igualmente el sacrificio de hembras y, por consiguiente, causa un mayor deterioro del hato. <\/p>\n<p>Los decretos y la campa\u00f1a de deshonra contra la leche cruda benefician a la gran industria lechera, especialmente la multinacional, la cual consolidar\u00e1 un oligopolio dominante tanto sobre quienes ofrecen como sobre quienes demandan los l\u00e1cteos. Dicha posici\u00f3n se tornar\u00e1 irreversible en el marco de los tratados de libre comercio. El firmado con Estados Unidos, en especial, vali\u00e9ndose de las normas sanitarias de la Organizaci\u00f3n Mundial del Comercio, OMC, aceptadas sin objeci\u00f3n por el gobierno, sin que fueran consultadas con los ciudadanos, tendr\u00e1 enormes costos sociales.<\/p>\n<p>Quienes firmamos este documento, reunidos hoy en Bogot\u00e1 ante la amenaza inminente que el Gobierno ha tendido sobre nuestro rengl\u00f3n econ\u00f3mico, demandamos en forma en\u00e9rgica la derogatoria de los decretos 616 y 2838 que eliminan la leche cruda. Invocamos a los lecheros, comercializadores, industriales y consumidores, a unificarnos para revocar tan absurdas disposiciones. As\u00ed mismo, sin distingos, recurrimos a la poblaci\u00f3n colombiana que por generaciones se ha alimentado con nuestros productos a respaldar tan justa reivindicaci\u00f3n para continuar  atendiendo, con la pulcritud con que lo hemos hecho durante d\u00e9cadas, la gran demanda existente de leche cruda, el 40% del total nacional. Exhortamos a los colombianos a no confundirse con la propaganda con la que el gobierno pretende justificar este desprop\u00f3sito, consumado con fines muy distintos a los del bienestar com\u00fan y que compromete la soberan\u00eda alimentaria nacional y la seguridad alimenticia de los hogares. <\/p>\n<p>Firman:<\/p>\n<p>Asociaci\u00f3n Nacional por la Salvaci\u00f3n Agropecuaria, Fundaci\u00f3n San Isidro Boyac\u00e1, Cadena de leche cruda de Boyac\u00e1 \u2013 Municipios de Sorac\u00e1,  Guatavita, C\u00f3mbita, Tuta, Sotaquir\u00e1, Sora, Chibat\u00e1, Ugaita, Samac\u00e1 y Puente Boyac\u00e1 -, Cadena l\u00e1ctea de leche cruda de Siachoque- Boyac\u00e1, Asociaci\u00f3n Departamental de Usuarios Campesinos de Cundinamarca &#8211; ADUC, Asociaci\u00f3n Municipal de Usuarios Campesinos -AMUC de Guaduas, Chipaque, C\u00e1queza y Silvania, Asociaci\u00f3n de Peque\u00f1os Ganaderos de Sucre &#8211; Cauca, Asociaci\u00f3n de Productores Regional Oriente de l\u00e1cteos y c\u00e1rnicos APROLAC, Asociaci\u00f3n de productores de leche Sucre, Asociaci\u00f3n de expendedores de leche cruda El Portal de Popay\u00e1n \u2013Cauca, ASOGAN SUCRE, ASPROLES, Sector comercializador y procesador de leche cruda del Huila, Asociaci\u00f3n de expendedores de leche de L\u00e9rida y el norte del Tolima, ASOPROAGRO Quind\u00edo, Asociaci\u00f3n de productores de leche del Municipio de Caldas \u2013 Boyac\u00e1, Observatorio de ganader\u00eda y medio ambiente del Tolima.<\/p>\n<p>Los afiliados a la Asociaci\u00f3n de Productores, Enfriadores, y Distribuidores de leche en cantina y sus derivados AFRIDELCAV: L\u00e1cteos La Especial, L\u00e1cteos Yersy, Enfriadora La Serran\u00eda, Enfriadora El Jazm\u00edn, Enfriadora Avileche, L\u00e1cteos Do\u00f1a Vaca, L\u00e1cteos San Miguel, Enfriadora San Pablo, Enfriadora Las Palmas, Enfriadora Los Girasoles, Enfriadora Vidalac, Enfriadora Villa L\u00f3pez, Enfriadora La Primavera, L\u00e1cteos La Calera, Enfriadora Chipaque\u00f1a, Asoc\u00e1queza, Enfriadora Villas del Dorado, Enfriadora El Roc\u00edo, Enfriadora L\u00e1cteos San Felipe, Enfriadora Los Guarumo, L\u00e1cteos Tequendama, AFRIDELCAV Faca, Madrid, Mosquera, Funza, Mesitas del Colegio, Zipaquir\u00e1, Cota, Ch\u00eda, Cajic\u00e1, Ubat\u00e9, Sesquil\u00e9, Guatavita, Cogua (Cundinamarca); Pasto (Nari\u00f1o), Piedecuesta (Santander), Jenesano, Ramiriqu\u00ed (Boyaca). ADELECAV, CODILACTEOS, COOPASODELEV, 1576 peque\u00f1os ganaderos de Bogot\u00e1, 5470 vendedores de Leche Bogot\u00e1.<\/p>\n","protected":false},"excerpt":{"rendered":"<p>Bogot\u00e1, febrero 27 de 2008 El decreto 616 de febrero de 2006 del Ministerio de Protecci\u00f3n Social, por el cual se expidi\u00f3 el Reglamento T\u00e9cnico sobre los requisitos que debe cumplir la leche para el consumo humano, prohibi\u00f3 comercializar la leche cruda, leche que, no debe perderse de vista, es hervida antes de consumirla por [&hellip;]<\/p>\n","protected":false},"author":1,"featured_media":0,"comment_status":"open","ping_status":"open","sticky":false,"template":"","format":"standard","meta":{"advanced_seo_description":"","jetpack_seo_html_title":"","jetpack_seo_noindex":false,"_jetpack_memberships_contains_paid_content":false,"footnotes":""},"categories":[7],"tags":[],"class_list":["post-2233","post","type-post","status-publish","format-standard","hentry","category-pronunciamientos-de-organizaciones-sociales"],"jetpack_featured_media_url":"","jetpack-related-posts":[{"id":4640,"url":"https:\/\/moir.com.co\/web\/nuevamente-importantes-coincidencias-en-la-comision-quinta\/","url_meta":{"origin":2233,"position":0},"title":"Nuevamente importantes coincidencias en la Comisi\u00f3n Quinta","author":"admin","date":"agosto 10, 2010","format":false,"excerpt":"Acuerdos en defensa de las regal\u00edas, la leche y el arroz Por absoluta unanimidad, la Comisi\u00f3n Quinta del Senado deleg\u00f3 en su presidenta, la senadora Daira Galvis, remitir al gobierno una carta en la que le solicite tramitar en las Comisiones Quintas de C\u00e1mara y Senado, por ser de su\u2026","rel":"","context":"En \u00abJorge Enrique Robledo\u00bb","block_context":{"text":"Jorge Enrique Robledo","link":"https:\/\/moir.com.co\/web\/category\/jorge-enrique-robledo\/"},"img":{"alt_text":"","src":"","width":0,"height":0},"classes":[]},{"id":2440,"url":"https:\/\/moir.com.co\/web\/por-unanimidad-comision-quinta-de-senado-invita-al-gobierno-a-derogar-decretos-que-prohiben-comercio-de-leche-cruda-en-colombia\/","url_meta":{"origin":2233,"position":1},"title":"POR UNANIMIDAD, COMISI\u00d3N QUINTA DE SENADO INVITA AL GOBIERNO A DEROGAR DECRETOS QUE PROH\u00cdBEN COMERCIO DE LECHE CRUDA EN COLOMBIA","author":"admin","date":"julio 22, 2008","format":false,"excerpt":"Oficina de Prensa, Jorge Enrique Robledo, Bogot\u00e1, 22 de julio de 2008. Con la firma de los doce congresistas integrantes, tanto de la bancada uribista como de la oposici\u00f3n, la Comisi\u00f3n Quinta del Senado invit\u00f3 a los ministros de Agricultura y Protecci\u00f3n Social, Andr\u00e9s Felipe Arias y Diego Palacio, a\u2026","rel":"","context":"En \u00abJorge Enrique Robledo\u00bb","block_context":{"text":"Jorge Enrique Robledo","link":"https:\/\/moir.com.co\/web\/category\/jorge-enrique-robledo\/"},"img":{"alt_text":"","src":"","width":0,"height":0},"classes":[]},{"id":5365,"url":"https:\/\/moir.com.co\/web\/200-mil-familias-abocadas-a-la-quiebra-por-decreto-que-prohibe-comercializar-leche-en-cantina\/","url_meta":{"origin":2233,"position":2},"title":"200 mil familias abocadas a la quiebra por decreto que proh\u00edbe comercializar leche en cantina","author":"admin","date":"marzo 4, 2011","format":false,"excerpt":"Senadores de la Comisi\u00f3n Quinta le piden al Minagricultura mantener el comercio de leche cruda. Marcha lechera en Bogota el 9 de marzo. A partir del pr\u00f3ximo jueves 10 de marzo, doscientas mil familias dedicadas a la peque\u00f1a y a la mediana ganader\u00eda, como tambi\u00e9n a comerciar y a procesar\u2026","rel":"","context":"En \u00abJorge Enrique Robledo\u00bb","block_context":{"text":"Jorge Enrique Robledo","link":"https:\/\/moir.com.co\/web\/category\/jorge-enrique-robledo\/"},"img":{"alt_text":"","src":"","width":0,"height":0},"classes":[]},{"id":2449,"url":"https:\/\/moir.com.co\/web\/arias-confirma-que-sus-decretos-sobre-leche-cruda-son-para-favorecer-el-oligopolio-pasteurizador-dice-robledo\/","url_meta":{"origin":2233,"position":3},"title":"\u201cARIAS CONFIRMA QUE SUS DECRETOS SOBRE LECHE CRUDA SON PARA FAVORECER EL OLIGOPOLIO PASTEURIZADOR\u201d, DICE ROBLEDO","author":"admin","date":"julio 28, 2008","format":false,"excerpt":"Oficina de Prensa, Senador Jorge Enrique Robledo, Bogot\u00e1, 28 de julio de 2008. Refiri\u00e9ndose a una informaci\u00f3n de Portafolio del viernes 25 de julio pasado, donde el ministro de Agricultura afirm\u00f3: \u201cEstamos trabajando para que los agroindustriales (pasteurizadores) puedan absorber m\u00e1s producto y, a su vez, sea menor la cantidad\u2026","rel":"","context":"En \u00abJorge Enrique Robledo\u00bb","block_context":{"text":"Jorge Enrique Robledo","link":"https:\/\/moir.com.co\/web\/category\/jorge-enrique-robledo\/"},"img":{"alt_text":"","src":"","width":0,"height":0},"classes":[]},{"id":2466,"url":"https:\/\/moir.com.co\/web\/que-le-voy-a-dar-a-mi-bebe-notas-sobre-una-teleconferencia\/","url_meta":{"origin":2233,"position":4},"title":"\u201c\u00bfQU\u00c9 LE VOY A DAR A MI BEB\u00c9?\u201d  (NOTAS SOBRE UNA TELECONFERENCIA)","author":"admin","date":"agosto 11, 2008","format":false,"excerpt":"Aurelio Su\u00e1rez Montoya, La Tarde, Pereira, 12 de agosto de 2008. El domingo 3 de agosto, el ministro de Agricultura, Andr\u00e9s F. Arias, realiz\u00f3 una teleconferencia para difundir la disposici\u00f3n oficial (una semana despu\u00e9s no se conoce a\u00fan el decreto respectivo) de aplazar por un periodo entre 24 y 18\u2026","rel":"","context":"En \u00abTemas\u00bb","block_context":{"text":"Temas","link":"https:\/\/moir.com.co\/web\/category\/temas\/"},"img":{"alt_text":"","src":"","width":0,"height":0},"classes":[]},{"id":2251,"url":"https:\/\/moir.com.co\/web\/jarreadores-se-resisten-a-desaparecer\/","url_meta":{"origin":2233,"position":5},"title":"JARREADORES SE RESISTEN A DESAPARECER","author":"admin","date":"abril 3, 2008","format":false,"excerpt":"Alejandra Montoya Falla, Diario del Huila, abril 1 de 2008, economicadiariodelhuila@gmail.com Lograr que el Gobierno Nacional derogue el decreto que proh\u00edbe la venta de leche al jarreo, medida que se har\u00e1 efectiva partir del 28 de agosto, es la meta que tienen varias asociaciones de jarreadores de leche cruda en\u2026","rel":"","context":"En \u00abTemas\u00bb","block_context":{"text":"Temas","link":"https:\/\/moir.com.co\/web\/category\/temas\/"},"img":{"alt_text":"","src":"","width":0,"height":0},"classes":[]}],"jetpack_sharing_enabled":true,"_links":{"self":[{"href":"https:\/\/moir.com.co\/web\/wp-json\/wp\/v2\/posts\/2233","targetHints":{"allow":["GET"]}}],"collection":[{"href":"https:\/\/moir.com.co\/web\/wp-json\/wp\/v2\/posts"}],"about":[{"href":"https:\/\/moir.com.co\/web\/wp-json\/wp\/v2\/types\/post"}],"author":[{"embeddable":true,"href":"https:\/\/moir.com.co\/web\/wp-json\/wp\/v2\/users\/1"}],"replies":[{"embeddable":true,"href":"https:\/\/moir.com.co\/web\/wp-json\/wp\/v2\/comments?post=2233"}],"version-history":[{"count":0,"href":"https:\/\/moir.com.co\/web\/wp-json\/wp\/v2\/posts\/2233\/revisions"}],"wp:attachment":[{"href":"https:\/\/moir.com.co\/web\/wp-json\/wp\/v2\/media?parent=2233"}],"wp:term":[{"taxonomy":"category","embeddable":true,"href":"https:\/\/moir.com.co\/web\/wp-json\/wp\/v2\/categories?post=2233"},{"taxonomy":"post_tag","embeddable":true,"href":"https:\/\/moir.com.co\/web\/wp-json\/wp\/v2\/tags?post=2233"}],"curies":[{"name":"wp","href":"https:\/\/api.w.org\/{rel}","templated":true}]}}