{"id":2210,"date":"2008-03-06T20:57:40","date_gmt":"2008-03-06T20:57:40","guid":{"rendered":"https:\/\/moir.org.co\/web\/llamamiento-pueblo-colombiano-defendamos-el-agua-y-la-vida\/"},"modified":"2008-03-06T20:57:40","modified_gmt":"2008-03-06T20:57:40","slug":"llamamiento-pueblo-colombiano-defendamos-el-agua-y-la-vida","status":"publish","type":"post","link":"https:\/\/moir.com.co\/web\/llamamiento-pueblo-colombiano-defendamos-el-agua-y-la-vida\/","title":{"rendered":"LLAMAMIENTO: \u00a1PUEBLO COLOMBIANO! \u00a1DEFENDAMOS EL AGUA Y LA VIDA!"},"content":{"rendered":"<p><b>Comit\u00e9 Nacional en Defensa del Agua y por el Referendo, Bogot\u00e1, marzo 6 de 2008<\/b><\/p>\n<p>Nosotros, mujeres y hombres de todos los rincones del pa\u00eds asistentes a la Segunda Asamblea Nacional del Agua realizada en Bogot\u00e1 el 29 de febrero y 1 de marzo de 2008, impulsada por 1.255 organizaciones sociales y 236 mil personas que firmaron la inscripci\u00f3n ante la Registradur\u00eda Nacional de una propuesta de reforma constitucional que hemos denominado Referendo del Agua, llamamos al pueblo colombiano a sumarse a esta confluencia p\u00fablica que busca el reconocimiento del acceso al agua potable como un derecho humano fundamental, la garant\u00eda de un m\u00ednimo vital gratuito para todos, la conservaci\u00f3n del medio ambiente para que haya agua abundante y limpia para las generaciones de hoy y de ma\u00f1ana, el respeto de la diversidad cultural y territorial del agua, y una gesti\u00f3n p\u00fablica estatal y comunitaria de la misma sin \u00e1nimo de lucro que reverse la privatizaci\u00f3n actual. <\/p>\n<p>Hoy trece millones de colombianos y colombianas padecen de sed; millones de ni\u00f1os est\u00e1n afectados por la  mala calidad del agua que consumen, cuando ella les llega; cientos de miles de familias han sido desconectadas del servicio de agua porque no tienen con qu\u00e9 pagar las altas tarifas; y los ecosistemas esenciales que garantizan el flujo natural del agua est\u00e1n en peligro. <\/p>\n<p>El agua, esencial para la vida, viene siendo amenazada por pol\u00edticas p\u00fablicas que s\u00f3lo buscan ganancia econ\u00f3mica, depredaci\u00f3n natural, la privatizaci\u00f3n de las fuentes y r\u00edos, y el impulso a la guerra y militarizaci\u00f3n de grandes zonas de nuestro territorio, asociadas a megaproyectos mineros, hidroel\u00e9ctricos, forestales, de agro-combustibles y de infraestructura, que inspiran el TLC, el IIRSA, los actuales Planes Departamentales de Agua, la privatizaci\u00f3n de las empresas de acueducto y alcantarillado, las concesiones para uso privado del patrimonio natural, y la imposici\u00f3n de mercados de los llamados servicios ambientales, dentro de los cuales no s\u00f3lo se busca privatizar el agua, sino que se la considera como una mercanc\u00eda, olvidando que ella es principio inembargable de la dignidad humana y de la vida. <\/p>\n<p>Por eso, con profunda pasi\u00f3n, compromiso vital, alegr\u00eda y decisi\u00f3n los convocamos al apoyo a este referendo en defensa del agua como un bien p\u00fablico y com\u00fan, y a fortalecerlo con su participaci\u00f3n directa, con su firma y con la conformaci\u00f3n de comit\u00e9s territoriales o la adhesi\u00f3n a los ya conformados por esta confluencia de mujeres y hombres de todas las edades, movimientos sociales, organizaciones ambientalistas, usuarios de servicios p\u00fablicos domiciliarios, comit\u00e9s de desarrollo y control social y sus vocales, comunidades campesinas, congregaciones religiosas, sindicatos, trabajadores independientes, juntas de acci\u00f3n comunal, defensores de derechos humanos, pueblos ind\u00edgenas y comunidades afro-descendientes y otras etnias. <\/p>\n<p>Los invitamos a hacerse custodios del agua para las presentes y futuras generaciones de colombianos, reuniendo entre todos un mill\u00f3n y medio de firmas que se requieren para que se convoque al pueblo colombiano a votar mediante referendo por esta reforma constitucional; y a recuperar para nuestra vida p\u00fablica la transparencia del agua natural, concurriendo a una participaci\u00f3n ciudadana y un control social que con la frescura y fluidez de las quebradas y los r\u00edos que abundan en esta tierra, defiendan nuestro patrimonio p\u00fablico y  protejan las fuentes de la vida.<\/p>\n<p>\u00a1El agua es esencial para la vida!<br \/>\n\u00a1A firmar el referendo del agua a partir del pr\u00f3ximo 8 de Marzo!<\/p>\n<p>Bogot\u00e1, 1 de marzo de 2008<br \/>\nInformes: Comit\u00e9 Nacional en Defensa del Agua y por el Referendo: www.ecofondo.org; http:\/\/aguabienpublico.spaces.live,como;www.aguayreferendo.blogspot.com http:\/\/aguaplaneta.blogspot.com;http:\/\/avocarelreferendo.blogspot.com; www.unionusuarios.org  ligausuarios@telecom.com.co<\/p>\n","protected":false},"excerpt":{"rendered":"<p>Comit\u00e9 Nacional en Defensa del Agua y por el Referendo, Bogot\u00e1, marzo 6 de 2008 Nosotros, mujeres y hombres de todos los rincones del pa\u00eds asistentes a la Segunda Asamblea Nacional del Agua realizada en Bogot\u00e1 el 29 de febrero y 1 de marzo de 2008, impulsada por 1.255 organizaciones sociales y 236 mil personas [&hellip;]<\/p>\n","protected":false},"author":1,"featured_media":0,"comment_status":"open","ping_status":"open","sticky":false,"template":"","format":"standard","meta":{"advanced_seo_description":"","jetpack_seo_html_title":"","jetpack_seo_noindex":false,"_jetpack_memberships_contains_paid_content":false,"footnotes":""},"categories":[7],"tags":[],"class_list":["post-2210","post","type-post","status-publish","format-standard","hentry","category-pronunciamientos-de-organizaciones-sociales"],"jetpack_featured_media_url":"","jetpack-related-posts":[{"id":2818,"url":"https:\/\/moir.com.co\/web\/por-el-derecho-al-agua-potable-el-18-de-marzo-movilicemonos\/","url_meta":{"origin":2210,"position":0},"title":"Por el Derecho al Agua Potable, el 18 de Marzo \u00a1Movilic\u00e9monos!","author":"admin","date":"marzo 13, 2009","format":false,"excerpt":"El Comit\u00e9 Nacional en Defensa del Agua y la Vida, CNDAV, en su primera reuni\u00f3n de este a\u00f1o, realizada el 21 de enero pasado, despu\u00e9s de hacer un an\u00e1lisis del tr\u00e1mite del Referendo del Agua en la C\u00e1mara de Representantes, resolvi\u00f3 adelantar una serie de actividades y tareas que habr\u00e1n\u2026","rel":"","context":"Entrada similar","block_context":{"text":"Entrada similar","link":""},"img":{"alt_text":"","src":"","width":0,"height":0},"classes":[]},{"id":4465,"url":"https:\/\/moir.com.co\/web\/declaracion-de-la-ix-asamblea-nacional-del-movimiento-en-defensa-del-agua-y-de-la-vida-en-colombia\/","url_meta":{"origin":2210,"position":1},"title":"Declaraci\u00f3n de la IX Asamblea Nacional del Movimiento en Defensa del Agua y de la Vida en Colombia","author":"admin","date":"junio 11, 2010","format":false,"excerpt":"El pasado 4 de junio de 2010, m\u00e1s de 200 l\u00edderes populares de las diversas organizaciones del Movimiento Nacional en Defensa del Agua y la Vida: \u00e9tnicas, campesinas, juveniles, ambientalistas, de acueductos comunitarios, sindicales, de vocales de control social, de defensores de los servicios p\u00fablicos y barriales, venidos de todos\u2026","rel":"","context":"En \u00abPronunciamientos de Organizaciones Sociales\u00bb","block_context":{"text":"Pronunciamientos de Organizaciones Sociales","link":"https:\/\/moir.com.co\/web\/category\/pronunciamientos-de-organizaciones-sociales\/"},"img":{"alt_text":"","src":"","width":0,"height":0},"classes":[]},{"id":1876,"url":"https:\/\/moir.com.co\/web\/sesenta-organizaciones-promoveran-un-referendo-constitucional-contra-la-privatizacion-del-agua\/","url_meta":{"origin":2210,"position":2},"title":"SESENTA ORGANIZACIONES PROMOVERAN UN REFERENDO CONSTITUCIONAL CONTRA LA PRIVATIZACION DEL AGUA","author":"admin","date":"marzo 1, 2007","format":false,"excerpt":"Bogot\u00e1, febrero 28 de 2007Sesenta organizaciones entre las cuales se cuentan la Uni\u00f3n Nacional de Usuarios de los Servicios P\u00fablicos, la Asociaci\u00f3n de Vocales de Control de los Servicios P\u00fablicos, el Sindicato de Trabajadores de las Empresas de Servicios de Bogot\u00e1, la Organizaci\u00f3n Nacional Ind\u00edgena de Colombia \u2013 ONIC -\u2026","rel":"","context":"Entrada similar","block_context":{"text":"Entrada similar","link":""},"img":{"alt_text":"","src":"","width":0,"height":0},"classes":[]},{"id":2470,"url":"https:\/\/moir.com.co\/web\/apoyemos-con-la-firma-el-referendo-del-agua\/","url_meta":{"origin":2210,"position":3},"title":"APOYEMOS CON LA FIRMA EL REFERENDO DEL AGUA","author":"admin","date":"agosto 14, 2008","format":false,"excerpt":"Declaraci\u00f3n Senador Jorge Enrique Robledo, Bogot\u00e1, agosto 14 de 2008 Numerosas y representativas organizaciones ambientales, a las que se han unido con entusiasmo la CUT, la ONIC, la Uni\u00f3n Nacional de los Servicios P\u00fablicos y el Polo Democr\u00e1tico Alternativo, vienen impulsando un referendo bajo el lema \u201cEl agua: un derecho\u2026","rel":"","context":"En \u00abJorge Enrique Robledo\u00bb","block_context":{"text":"Jorge Enrique Robledo","link":"https:\/\/moir.com.co\/web\/category\/jorge-enrique-robledo\/"},"img":{"alt_text":"","src":"","width":0,"height":0},"classes":[]},{"id":4396,"url":"https:\/\/moir.com.co\/web\/el-congreso-nego-el-referendo-por-el-derecho-humano-al-agua-la-lucha-por-la-defensa-del-agua-y-de-la-vida-continua\/","url_meta":{"origin":2210,"position":4},"title":"El congreso neg\u00f3 el referendo por el derecho humano al agua. \u00a1La lucha por la defensa del agua y de la vida continua!","author":"admin","date":"mayo 21, 2010","format":false,"excerpt":"EL Comit\u00e9 Promotor del Referendo por el Derecho Humano al Agua informa al Pueblo Colombiano, a los m\u00e1s de dos millones de personas que firmaron para que se convocara el referendo, a las organizaciones que lo promueven, integrantes de los Comit\u00e9s Territoriales y del Comit\u00e9 Nacional en Defensa del Agua\u2026","rel":"","context":"En \u00abPronunciamientos de Organizaciones Sociales\u00bb","block_context":{"text":"Pronunciamientos de Organizaciones Sociales","link":"https:\/\/moir.com.co\/web\/category\/pronunciamientos-de-organizaciones-sociales\/"},"img":{"alt_text":"","src":"","width":0,"height":0},"classes":[]},{"id":2334,"url":"https:\/\/moir.com.co\/web\/la-importancia-del-referendo-el-agua-un-derecho-fundamental\/","url_meta":{"origin":2210,"position":5},"title":"LA IMPORTANCIA DEL REFERENDO \u201cEL AGUA, UN DERECHO FUNDAMENTAL\u201d","author":"admin","date":"mayo 12, 2008","format":false,"excerpt":"Editorial peri\u00f3dico El Usuario N\u00ba 22, Manizales, mayo 12 de 2008 El viernes 22 de febrero de 2008, la Registradur\u00eda Nacional del Estado Civil inform\u00f3 a trav\u00e9s de un comunicado de prensa, el reconocimiento del Comit\u00e9 Nacional de Promotores del Referendo El Agua, Un Derecho Fundamental. As\u00ed mismo se\u00f1al\u00f3 que\u2026","rel":"","context":"En \u00abTemas\u00bb","block_context":{"text":"Temas","link":"https:\/\/moir.com.co\/web\/category\/temas\/"},"img":{"alt_text":"","src":"","width":0,"height":0},"classes":[]}],"jetpack_sharing_enabled":true,"_links":{"self":[{"href":"https:\/\/moir.com.co\/web\/wp-json\/wp\/v2\/posts\/2210","targetHints":{"allow":["GET"]}}],"collection":[{"href":"https:\/\/moir.com.co\/web\/wp-json\/wp\/v2\/posts"}],"about":[{"href":"https:\/\/moir.com.co\/web\/wp-json\/wp\/v2\/types\/post"}],"author":[{"embeddable":true,"href":"https:\/\/moir.com.co\/web\/wp-json\/wp\/v2\/users\/1"}],"replies":[{"embeddable":true,"href":"https:\/\/moir.com.co\/web\/wp-json\/wp\/v2\/comments?post=2210"}],"version-history":[{"count":0,"href":"https:\/\/moir.com.co\/web\/wp-json\/wp\/v2\/posts\/2210\/revisions"}],"wp:attachment":[{"href":"https:\/\/moir.com.co\/web\/wp-json\/wp\/v2\/media?parent=2210"}],"wp:term":[{"taxonomy":"category","embeddable":true,"href":"https:\/\/moir.com.co\/web\/wp-json\/wp\/v2\/categories?post=2210"},{"taxonomy":"post_tag","embeddable":true,"href":"https:\/\/moir.com.co\/web\/wp-json\/wp\/v2\/tags?post=2210"}],"curies":[{"name":"wp","href":"https:\/\/api.w.org\/{rel}","templated":true}]}}