{"id":2198,"date":"2008-02-26T17:31:27","date_gmt":"2008-02-26T17:31:27","guid":{"rendered":"https:\/\/moir.org.co\/web\/el-caso-carimagua-una-autentica-criatura-del-estatuto-rural\/"},"modified":"2008-02-26T17:31:27","modified_gmt":"2008-02-26T17:31:27","slug":"el-caso-carimagua-una-autentica-criatura-del-estatuto-rural","status":"publish","type":"post","link":"https:\/\/moir.com.co\/web\/el-caso-carimagua-una-autentica-criatura-del-estatuto-rural\/","title":{"rendered":"EL CASO CARIMAGUA: UNA AUT\u00c9NTICA CRIATURA DEL ESTATUTO RURAL"},"content":{"rendered":"<p><b>Pronunciamiento de las Organizaciones Agrarias y Rurales de Colombia, febrero 25 de 2008<\/b><\/p>\n<p>El 28 de marzo de 2007, m\u00e1s de 80 organizaciones agrarias y rurales de Colombia reunidas en Bogot\u00e1 en un gran Encuentro Nacional, nos dirigimos a Colombia, a las autoridades y al Congreso de la Rep\u00fablica para manifestar nuestro rechazo, entre otras, a la negociaci\u00f3n del TLC con Estados Unidos y a la expedici\u00f3n del Estatuto Rural.<\/p>\n<p>En la Declaraci\u00f3n emanada de esa reuni\u00f3n, y publicada en el peri\u00f3dico El Tiempo (domingo, 1 de abril) denunciamos: \u201cEl gobierno propicia la asignaci\u00f3n a grandes empresas inversionistas nacionales y extranjeras de millones de hect\u00e1reas y terrenos bald\u00edos, orientando adem\u00e1s la inversi\u00f3n de los recursos p\u00fablicos del presupuesto nacional hacia grandes agronegocios como agrocombustibles, explotaciones madereras y ganaderas. Como sujetos del apoyo estatal, consagra fundamentalmente a los grandes inversionistas nacionales y extranjeros, en detrimento de la poblaci\u00f3n, de los ecosistemas y de la cultura rural colombiana\u2026\u201d Quiz\u00e1s muchos colombianos desestimaron esta premonici\u00f3n y no advirtieron suficientemente lo que ella implicaba. Con el caso CARIMAGUA se ha corroborado con creces.<\/p>\n<p>La asignaci\u00f3n de las cerca de 17.000 hect\u00e1reas a un pu\u00f1ado de empresas productoras y a una firma financiera en detrimento del inter\u00e9s de las familias victimas del desplazamiento forzado, por ahora detenida por reparos de la Procuradur\u00eda General de la Naci\u00f3n y por la indignaci\u00f3n general de la sociedad colombiana, es el ejemplo expedito prescrito en ese Estatuto Rural para establecer el denominado \u201cmodelo agr\u00edcola empresarial\u201d que excluye a los campesinos, a los pueblos ind\u00edgenas y afrocolombianas y a los productores medios dedicados al cultivo de g\u00e9neros agr\u00edcolas y alimentos para el mercado interno. CARIMAGUA representa las esencias del Estatuto Rural.<\/p>\n<p>En un pa\u00eds donde en los \u00faltimos 25 a\u00f1os ya registramos cuatro millones de desplazados por la violencia; el caso CARIMAGUA reitera as\u00ed mismo el infausto provenir del agro colombiano se\u00f1alado tambi\u00e9n en la Declaraci\u00f3n mencionada: \u201cEl modelo rural que se promueve se traducir\u00e1 en la expulsi\u00f3n de millones de colombianos de sus tierras en especial de los m\u00e1s vulnerables. Para imponerlo, el gobierno recurre a la demagogia y apela a la represi\u00f3n bajo el subterfugio de la Seguridad Democr\u00e1tica\u201d. En CARIMAGUA se lleg\u00f3 al extremo de destruir el puente que serv\u00eda a las comunidades locales para someterlas a condiciones desventajosas.<\/p>\n<p>Igualmente, se debe conocer que en aras de hacer del INCODER una instituci\u00f3n al ama\u00f1o de planes como CARIMAGUA, desde diciembre de 2007 han sido despedidos 547 empleados y trabajadores, casi 200 de ellos pertenecientes al Sindicato. En medio de esta masacre laboral no se ha respetado la Carrera Administrativa y las vacantes se surten con la nominaci\u00f3n de personas incondicionales de los sectores pol\u00edticos que aprobaron el Estatuto Rural en el Congreso.<\/p>\n<p>Hay que aprovechar la ocasi\u00f3n para que quienes rechacen con sinceridad aberraciones como la de CARIMAGUA se unan a un movimiento nacional por la derogatoria del Estatuto Rural y otras normas, merced a las cuales se est\u00e1 legitimando y se validar\u00e1n en el futuro otras por el estilo. Este funesto caso conjuga el despotismo y la mentira con la violaci\u00f3n de los principios constitucionales que rigen el desarrollo rural en Colombia y en particular del que prescribe que \u201ces deber del Estado promover el acceso progresivo a la propiedad de la tierra de los trabajadores agrarios\u201d (Constituci\u00f3n Pol\u00edtica art. 64) y el derecho de los desplazados a la reparaci\u00f3n. En CARIMAGUA hay muchas m\u00e1s perversidades que meros prevaricatos y peculados. Es instaurar la m\u00e1s indignante iniquidad.<\/p>\n<p>Firman:<\/p>\n<p>Acci\u00f3n Campesina de Colombia -ACC<br \/>\nAsociaci\u00f3n Nacional de Usuarios Campesinos -Unidad y Reconstrucci\u00f3n-ANUC-UR<br \/>\nAsociaci\u00f3n Nacional de mujeres campesinas, negras e ind\u00edgenas de Colombia -ANMUCIC<br \/>\nAsociaci\u00f3n de Usuarios Campesinos de Cundinamarca \u2013ADUC<br \/>\nAsociaci\u00f3n Nacional por la Salvaci\u00f3n Agropecuaria<br \/>\nCensat Agua Viva- Amigos de la Tierra Colombia<br \/>\nCentro de Cooperaci\u00f3n al Ind\u00edgena \u2013CECOIN<br \/>\nFederaci\u00f3n Nacional Sindical Unitaria Agropecuaria &#8211; FENSUAGRO<br \/>\nGrupo Semillas<br \/>\nOrganizaci\u00f3n Nacional de Ind\u00edgenas de Colombia \u2013ONIC<br \/>\nSintraincoder<\/p>\n","protected":false},"excerpt":{"rendered":"<p>Pronunciamiento de las Organizaciones Agrarias y Rurales de Colombia, febrero 25 de 2008 El 28 de marzo de 2007, m\u00e1s de 80 organizaciones agrarias y rurales de Colombia reunidas en Bogot\u00e1 en un gran Encuentro Nacional, nos dirigimos a Colombia, a las autoridades y al Congreso de la Rep\u00fablica para manifestar nuestro rechazo, entre otras, [&hellip;]<\/p>\n","protected":false},"author":1,"featured_media":0,"comment_status":"open","ping_status":"open","sticky":false,"template":"","format":"standard","meta":{"advanced_seo_description":"","jetpack_seo_html_title":"","jetpack_seo_noindex":false,"_jetpack_memberships_contains_paid_content":false,"footnotes":""},"categories":[7],"tags":[],"class_list":["post-2198","post","type-post","status-publish","format-standard","hentry","category-pronunciamientos-de-organizaciones-sociales"],"jetpack_featured_media_url":"","jetpack-related-posts":[{"id":1904,"url":"https:\/\/moir.com.co\/web\/declaracion-publica-del-encuentro-nacional-de-organizaciones-agrarias-y-rurales-de-colombia\/","url_meta":{"origin":2198,"position":0},"title":"DECLARACI\u00d3N P\u00daBLICA DEL ENCUENTRO NACIONAL DE ORGANIZACIONES AGRARIAS Y RURALES DE COLOMBIA","author":"admin","date":"marzo 28, 2007","format":false,"excerpt":"Bogot\u00e1, 28 de Marzo de 2007 Las organizaciones sociales rurales: campesinas, de productores, agropecuarios, comunales, sindicales, ind\u00edgenas y afrocolombianas, reunidas en Bogot\u00e1 el 28 de marzo de 2007, expresamos nuestro p\u00fablico rechazo a la pol\u00edtica y los proyectos de ley que el gobierno de \u00c1lvaro Uribe V\u00e9lez impone contra el\u2026","rel":"","context":"En \u00abPronunciamientos de Organizaciones Sociales\u00bb","block_context":{"text":"Pronunciamientos de Organizaciones Sociales","link":"https:\/\/moir.com.co\/web\/category\/pronunciamientos-de-organizaciones-sociales\/"},"img":{"alt_text":"","src":"","width":0,"height":0},"classes":[]},{"id":1518,"url":"https:\/\/moir.com.co\/web\/declaracion-publica-sobre-el-proyecto-de-ley-gubernamental-de-estatuto-de-desarrollo-rural\/","url_meta":{"origin":2198,"position":1},"title":"DECLARACI\u00d3N PUBLICA SOBRE EL PROYECTO DE LEY GUBERNAMENTAL  DE  ESTATUTO DE DESARROLLO RURAL","author":"admin","date":"octubre 9, 2006","format":false,"excerpt":"Bogot\u00e1, octubre 10 de 2006 Las organizaciones campesinas, ind\u00edgenas, afrocolombianas, agrarias, sociales, ambientales, populares, de mujeres y sindicales que suscribimos la presente declaraci\u00f3n: Denunciamos los alcances regresivos y antidemocr\u00e1ticos del proyecto gubernamental de Ley de Desarrollo Rural que actualmente se debate en la Comisi\u00f3n V del Senado de la Rep\u00fablica\u2026","rel":"","context":"En \u00abPronunciamientos de Organizaciones Sociales\u00bb","block_context":{"text":"Pronunciamientos de Organizaciones Sociales","link":"https:\/\/moir.com.co\/web\/category\/pronunciamientos-de-organizaciones-sociales\/"},"img":{"alt_text":"","src":"","width":0,"height":0},"classes":[]},{"id":8065,"url":"https:\/\/moir.com.co\/web\/dirigentes-campesinos-organizaciones-agrarias-y-ong-hacen-duras-criticas-a-la-ley-urrutia\/","url_meta":{"origin":2198,"position":2},"title":"Dirigentes campesinos, organizaciones agrarias y ONG hacen duras cr\u00edticas a la ley Urrutia","author":"admin","date":"noviembre 15, 2013","format":false,"excerpt":"La llamada Ley Urrutia fue duramente criticada por representantes de las organizaciones agrarias Dignidad Campesina, Mesa de Incidencia Pol\u00edtica de Mujeres Rurales y de la Mesa Nacional Agropecuaria de Interlocuci\u00f3n y Acuerdo, junto con voceros de Oxfam, Codhes, Cinep y Planeta Paz. En una rueda de prensa, expertos y dirigentes\u2026","rel":"","context":"En \u00abJorge Enrique Robledo\u00bb","block_context":{"text":"Jorge Enrique Robledo","link":"https:\/\/moir.com.co\/web\/category\/jorge-enrique-robledo\/"},"img":{"alt_text":"","src":"","width":0,"height":0},"classes":[]},{"id":2899,"url":"https:\/\/moir.com.co\/web\/el-desplome-del-modelo-carimagua\/","url_meta":{"origin":2198,"position":3},"title":"EL DESPLOME DEL MODELO \u201cCARIMAGUA\u201d","author":"admin","date":"marzo 30, 2009","format":false,"excerpt":"Al declarar la Corte Constitucional como inexequible al Estatuto Rural o ley 1152 de 2007 se acab\u00f3 de derrumbar el modelo agr\u00edcola que ha impulsado el gobierno de \u00c1lvaro Uribe. Su aplicaci\u00f3n no s\u00f3lo no ha logrado los beneficios esperados para la pretendida \u201cempresarizaci\u00f3n del campo\u201d sino que los destrozos\u2026","rel":"","context":"En \u00abTemas\u00bb","block_context":{"text":"Temas","link":"https:\/\/moir.com.co\/web\/category\/temas\/"},"img":{"alt_text":"","src":"","width":0,"height":0},"classes":[]},{"id":1517,"url":"https:\/\/moir.com.co\/web\/la-mas-regresiva-ley-agraria-de-la-historia-de-colombia\/","url_meta":{"origin":2198,"position":4},"title":"LA M\u00c1S REGRESIVA LEY AGRARIA DE LA HISTORIA DE COLOMBIA","author":"admin","date":"octubre 9, 2006","format":false,"excerpt":"Aurelio Su\u00e1rez Montoya, La tarde, Pereira, octubre 10 de 2006 En la comisi\u00f3n Quinta del Senado, con cuestionados procedimientos y m\u00ednima mayor\u00eda, se aprobaron cerca de 140 art\u00edculos de los m\u00e1s de 160 que componen la Ley de Desarrollo Rural o Estatuto Rural. Este proyecto, el de tr\u00e1mite m\u00e1s avanzado\u2026","rel":"","context":"En \u00abTemas\u00bb","block_context":{"text":"Temas","link":"https:\/\/moir.com.co\/web\/category\/temas\/"},"img":{"alt_text":"","src":"","width":0,"height":0},"classes":[]},{"id":1906,"url":"https:\/\/moir.com.co\/web\/el-encuentro-agropecuario-contra-la-politica-rural-uribista\/","url_meta":{"origin":2198,"position":5},"title":"EL ENCUENTRO AGROPECUARIO CONTRA LA POL\u00cdTICA RURAL URIBISTA","author":"admin","date":"abril 2, 2007","format":false,"excerpt":"Aurelio Su\u00e1rez Montoya, La Tarde, Pereira, abril 3 de 2007 El 28 de marzo se realiz\u00f3 en Bogot\u00e1 una trascendental reuni\u00f3n de las organizaciones rurales de Colombia. Asistieron agrupaciones tan importantes como la Organizaci\u00f3n Nacional Ind\u00edgena de Colombia (ONIC), los usuarios campesinos de todas las vertientes y regiones, la Mesa\u2026","rel":"","context":"En \u00abTemas\u00bb","block_context":{"text":"Temas","link":"https:\/\/moir.com.co\/web\/category\/temas\/"},"img":{"alt_text":"","src":"","width":0,"height":0},"classes":[]}],"jetpack_sharing_enabled":true,"_links":{"self":[{"href":"https:\/\/moir.com.co\/web\/wp-json\/wp\/v2\/posts\/2198","targetHints":{"allow":["GET"]}}],"collection":[{"href":"https:\/\/moir.com.co\/web\/wp-json\/wp\/v2\/posts"}],"about":[{"href":"https:\/\/moir.com.co\/web\/wp-json\/wp\/v2\/types\/post"}],"author":[{"embeddable":true,"href":"https:\/\/moir.com.co\/web\/wp-json\/wp\/v2\/users\/1"}],"replies":[{"embeddable":true,"href":"https:\/\/moir.com.co\/web\/wp-json\/wp\/v2\/comments?post=2198"}],"version-history":[{"count":0,"href":"https:\/\/moir.com.co\/web\/wp-json\/wp\/v2\/posts\/2198\/revisions"}],"wp:attachment":[{"href":"https:\/\/moir.com.co\/web\/wp-json\/wp\/v2\/media?parent=2198"}],"wp:term":[{"taxonomy":"category","embeddable":true,"href":"https:\/\/moir.com.co\/web\/wp-json\/wp\/v2\/categories?post=2198"},{"taxonomy":"post_tag","embeddable":true,"href":"https:\/\/moir.com.co\/web\/wp-json\/wp\/v2\/tags?post=2198"}],"curies":[{"name":"wp","href":"https:\/\/api.w.org\/{rel}","templated":true}]}}