{"id":2165,"date":"2008-02-07T21:13:18","date_gmt":"2008-02-07T21:13:18","guid":{"rendered":"https:\/\/moir.org.co\/web\/10-de-febrero-dia-de-la-resistencia-a-la-calle\/"},"modified":"2008-02-07T21:13:18","modified_gmt":"2008-02-07T21:13:18","slug":"10-de-febrero-dia-de-la-resistencia-a-la-calle","status":"publish","type":"post","link":"https:\/\/moir.com.co\/web\/10-de-febrero-dia-de-la-resistencia-a-la-calle\/","title":{"rendered":"10 DE FEBRERO DIA DE LA RESISTENCIA \u00a1\u00a1A LA CALLE!!"},"content":{"rendered":"<p><b>Aducesar, seccional La Jagua de Ibirico, La Jagua de Ibirico, febrero 7 de 2008<\/b><\/p>\n<p>La Asociaci\u00f3n de Educadores del Cesar ADUCESAR se vincula a la jornada de conmemoraci\u00f3n del 10 de febrero como \u201cel d\u00eda de la resistencia\u201d que han programado los diferentes sectores sociales que pacientemente hemos esperado la soluci\u00f3n de los graves problemas originados por  la explotaci\u00f3n del carb\u00f3n, sin que el gobierno de \u00c1lvaro Uribe  como presidente de los Colombianos, exija a las multinacionales Glencore y Drummond, que respondan por los da\u00f1os causados a la comunidad del corredor minero, que cumplan los planes de manejo ambiental que contempla la ley y que ellos mismos proponen al firmar los contratos de explotaci\u00f3n.<\/p>\n<p>Cuando se conoci\u00f3 p\u00fablicamente las reservas carbon\u00edferas del Cesar, nos dijeron que ah\u00ed estaban las esperanzas de estos pueblos para salir del atraso y la miseria, que la explotaci\u00f3n del carb\u00f3n era la redenci\u00f3n.  Hoy despu\u00e9s de m\u00e1s de veinte a\u00f1os de explotaci\u00f3n la realidad es otra: contaminaci\u00f3n a gran escala, las enfermedades respiratorias en ni\u00f1os y adultos se han elevado en forma alarmante, contaminaci\u00f3n de las fuentes h\u00eddricas y la amenaza de la desaparici\u00f3n de este recurso,  deterioro de las v\u00edas de comunicaci\u00f3n al extremo que el municipio de la Jagua de Ibirico est\u00e1 pr\u00e1cticamente  incomunicado, las empresas explotadoras de carb\u00f3n contin\u00faan con mayor intensidad pisoteando los derechos de los trabajadores, en el \u00faltimo a\u00f1o han tirado a la calle m\u00e1s de doscientos trabajadores, la miseria campea galante y campante y la corrupci\u00f3n de la clase pol\u00edtica ha llegado a su m\u00e1xima expresi\u00f3n.<\/p>\n<p>El paro c\u00edvico del 10 de febrero de 2007 sirvi\u00f3 para dejar claro a favor qui\u00e9n gobierna \u00c1lvaro Uribe V\u00e9lez. Las visitas del presidente a la Jagua de Ibirico, ratificaron que no es m\u00e1s que un encantador de serpientes, las promesas que hizo para levantar el paro c\u00edvico del 10 de febrero, no pasaron de ser una burla, hoy despu\u00e9s de un a\u00f1o los problemas est\u00e1n ah\u00ed,  durmiendo el sue\u00f1o de los justos.<\/p>\n<p>Por todo lo anterior invitamos a los educadores, estudiantes, padres de familia y comunidad en general a participar de la marcha c\u00edvica, este domingo 10 de Febrero a partir de la 8.00 am. Para exigirle a las empresas explotadoras de carb\u00f3n y al presidente \u00c1lvaro Uribe V\u00e9lez que respondan por los compromisos acordados. <\/p>\n<p>La antorcha de la resistencia encendida hace un a\u00f1o no puede apagarse, por nuestra salud, por una Educaci\u00f3n de calidad, por agua potable y saneamiento b\u00e1sico, por buenos empleos, por v\u00edas en buen estado, por un ambiente sano y porque nuestros recursos naturales se conviertan en factor de desarrollo para nuestros pueblos PONG\u00c1MONOS EN PI\u00c9 DE LUCHA.<\/p>\n","protected":false},"excerpt":{"rendered":"<p>Aducesar, seccional La Jagua de Ibirico, La Jagua de Ibirico, febrero 7 de 2008 La Asociaci\u00f3n de Educadores del Cesar ADUCESAR se vincula a la jornada de conmemoraci\u00f3n del 10 de febrero como \u201cel d\u00eda de la resistencia\u201d que han programado los diferentes sectores sociales que pacientemente hemos esperado la soluci\u00f3n de los graves problemas [&hellip;]<\/p>\n","protected":false},"author":1,"featured_media":0,"comment_status":"open","ping_status":"open","sticky":false,"template":"","format":"standard","meta":{"advanced_seo_description":"","jetpack_seo_html_title":"","jetpack_seo_noindex":false,"_jetpack_memberships_contains_paid_content":false,"footnotes":""},"categories":[7],"tags":[],"class_list":["post-2165","post","type-post","status-publish","format-standard","hentry","category-pronunciamientos-de-organizaciones-sociales"],"jetpack_featured_media_url":"","jetpack-related-posts":[{"id":4522,"url":"https:\/\/moir.com.co\/web\/convocatoria-foro-minero-en-la-jagua-de-ibirico-cesar-julio-8-de-2010\/","url_meta":{"origin":2165,"position":0},"title":"Convocatoria Foro Minero en la Jagua de Ibirico, Cesar, julio 8 de 2010","author":"admin","date":"julio 2, 2010","format":false,"excerpt":"La alteraci\u00f3n del ambiente laboral en el Cesar y en particular en el sector minero nos lleva a convocar un Foro Minero en el Municipio de La Jagua de Ibirico el pr\u00f3ximo jueves 8 de Julio, a partir de las 10 de la ma\u00f1ana, al cual invitamos a todas las\u2026","rel":"","context":"En \u00abPronunciamientos de Organizaciones Sociales\u00bb","block_context":{"text":"Pronunciamientos de Organizaciones Sociales","link":"https:\/\/moir.com.co\/web\/category\/pronunciamientos-de-organizaciones-sociales\/"},"img":{"alt_text":"","src":"","width":0,"height":0},"classes":[]},{"id":4539,"url":"https:\/\/moir.com.co\/web\/consecuencias-laborales-sociales-y-ambientales-de-la-explotacion-minera-transnacional-en-el-cesar\/","url_meta":{"origin":2165,"position":1},"title":"Consecuencias laborales, sociales y ambientales de la explotaci\u00f2n minera transnacional en el Cesar","author":"admin","date":"julio 7, 2010","format":false,"excerpt":"LA CENTRAL UNITARIA DE TRABAJADORES DEL CESAR, SINTRAMIENERGETICA NACIONAL, SINTRACARB\u00d2N, ADUCESAR, CENTRO DE ESTUDIOS DEL CARB\u00d2N Y LA RED COLOMBIANA FRENTE A LA GRAN MINER\u00cdA TRANSNACIONAL CONVOCAN AL FORO SOBRE \u201cCONSECUENCIAS LABORALES, SOCIALES Y AMBIENTALES DE LA EXPLOTACI\u00d2N MINERA TRANSNACIONAL EN EL CESAR\u201d A REALIZARSE EN LA JAGUA DE IBIRICO\u2026","rel":"","context":"En \u00abPronunciamientos de Organizaciones Sociales\u00bb","block_context":{"text":"Pronunciamientos de Organizaciones Sociales","link":"https:\/\/moir.com.co\/web\/category\/pronunciamientos-de-organizaciones-sociales\/"},"img":{"alt_text":"","src":"","width":0,"height":0},"classes":[]},{"id":1788,"url":"https:\/\/moir.com.co\/web\/el-polo-democratico-alternativo-del-cesar-respalda-las-justas-peticiones-de-los-habitantes-de-la-jagua-de-ibirico\/","url_meta":{"origin":2165,"position":2},"title":"EL POLO DEMOCR\u00c1TICO ALTERNATIVO DEL CESAR RESPALDA LAS JUSTAS PETICIONES DE LOS HABITANTES DE LA JAGUA DE IBIRICO","author":"admin","date":"febrero 10, 2007","format":false,"excerpt":"PDA del Cesar, Valledupar, febrero 10 de 2007 Veinti\u00fan a\u00f1os de explotaci\u00f3n del carb\u00f3n en territorio de La jagua, \u00a0solo a tra\u00eddo, deterioro del medio ambiente, enfermedades, destrucci\u00f3n de las v\u00edas y\u00a0 miseria para el pueblo y \u00a0enriquecimiento acelerado de las empresas privada especialmente las multinacionales Glencore y Drummond, las\u2026","rel":"","context":"En \u00abPolo Democr\u00e1tico Alternativo\u00bb","block_context":{"text":"Polo Democr\u00e1tico Alternativo","link":"https:\/\/moir.com.co\/web\/category\/polo-democratico-alternativo\/"},"img":{"alt_text":"","src":"","width":0,"height":0},"classes":[]},{"id":1789,"url":"https:\/\/moir.com.co\/web\/el-gobierno-no-debe-reprimir-y-debe-darle-inmediata-solucion-a-los-justos-reclamos-de-las-gentes-de-la-jagua-de-ibirico\/","url_meta":{"origin":2165,"position":3},"title":"EL GOBIERNO NO DEBE REPRIMIR Y DEBE DARLE INMEDIATA SOLUCI\u00d3N A LOS JUSTOS RECLAMOS DE LAS GENTES DE LA JAGUA DE IBIRICO","author":"admin","date":"febrero 10, 2007","format":false,"excerpt":"Jorge Enrique Robledo, Senador de la Rep\u00fablica, Vocero del Polo Democr\u00e1tico Alternativo (PDA), Bogot\u00e1, 10 de febrero de 2007 Por cuenta de los abusos que, con la anuencia del Gobierno Nacional, diariamente cometen las empresas que explotan carb\u00f3n en La Jagua de Ibirico (Cesar), desde las 8 de la noche\u2026","rel":"","context":"En \u00abPolo Democr\u00e1tico Alternativo\u00bb","block_context":{"text":"Polo Democr\u00e1tico Alternativo","link":"https:\/\/moir.com.co\/web\/category\/polo-democratico-alternativo\/"},"img":{"alt_text":"","src":"","width":0,"height":0},"classes":[]},{"id":2166,"url":"https:\/\/moir.com.co\/web\/ante-el-incumplimiento-de-uribe-el-camino-es-la-protesta\/","url_meta":{"origin":2165,"position":4},"title":"ANTE EL INCUMPLIMIENTO DE URIBE EL CAMINO ES LA PROTESTA","author":"admin","date":"febrero 7, 2008","format":false,"excerpt":"Polo Democr\u00e1tico Alternativo, La Jagua de Ibirico, febrero 7 de 2008 EL 10 de febrero de 2007 los Jag\u00fceros vivimos una experiencia heroica, cuando cansados del abandono estatal y de los desmanes de las multinacionales que explotan el carb\u00f3n, decidimos adelantar un Paro C\u00edvico para exigir soluci\u00f3n a nuestros males.\u2026","rel":"","context":"En \u00abPolo Democr\u00e1tico Alternativo\u00bb","block_context":{"text":"Polo Democr\u00e1tico Alternativo","link":"https:\/\/moir.com.co\/web\/category\/polo-democratico-alternativo\/"},"img":{"alt_text":"","src":"","width":0,"height":0},"classes":[]},{"id":2042,"url":"https:\/\/moir.com.co\/web\/los-abusos-de-glencore-tienen-que-acabar-afirma-el-senador-jorge-enrique-robledo\/","url_meta":{"origin":2165,"position":5},"title":"LOS ABUSOS DE GLENCORE TIENEN QUE ACABAR AFIRMA EL SENADOR JORGE ENRIQUE ROBLEDO","author":"admin","date":"agosto 21, 2007","format":false,"excerpt":"Oficina de Prensa Senador Jorge Enrique Robledo, Bogot\u00e1, agosto 18 de 2007\u00a0 Hoy, despu\u00e9s de varios d\u00edas de protesta pac\u00edfica, m\u00e1s de 120 trabajadores, subcontratistas de la multinacional carbon\u00edfera Glencore, junto con sus familias fueron violentamente desalojados de la mina Hierbabuena, en la Jagua de Ibirico, Cesar. Por todos los\u2026","rel":"","context":"En \u00abJorge Enrique Robledo\u00bb","block_context":{"text":"Jorge Enrique Robledo","link":"https:\/\/moir.com.co\/web\/category\/jorge-enrique-robledo\/"},"img":{"alt_text":"","src":"","width":0,"height":0},"classes":[]}],"jetpack_sharing_enabled":true,"_links":{"self":[{"href":"https:\/\/moir.com.co\/web\/wp-json\/wp\/v2\/posts\/2165","targetHints":{"allow":["GET"]}}],"collection":[{"href":"https:\/\/moir.com.co\/web\/wp-json\/wp\/v2\/posts"}],"about":[{"href":"https:\/\/moir.com.co\/web\/wp-json\/wp\/v2\/types\/post"}],"author":[{"embeddable":true,"href":"https:\/\/moir.com.co\/web\/wp-json\/wp\/v2\/users\/1"}],"replies":[{"embeddable":true,"href":"https:\/\/moir.com.co\/web\/wp-json\/wp\/v2\/comments?post=2165"}],"version-history":[{"count":0,"href":"https:\/\/moir.com.co\/web\/wp-json\/wp\/v2\/posts\/2165\/revisions"}],"wp:attachment":[{"href":"https:\/\/moir.com.co\/web\/wp-json\/wp\/v2\/media?parent=2165"}],"wp:term":[{"taxonomy":"category","embeddable":true,"href":"https:\/\/moir.com.co\/web\/wp-json\/wp\/v2\/categories?post=2165"},{"taxonomy":"post_tag","embeddable":true,"href":"https:\/\/moir.com.co\/web\/wp-json\/wp\/v2\/tags?post=2165"}],"curies":[{"name":"wp","href":"https:\/\/api.w.org\/{rel}","templated":true}]}}