{"id":2148,"date":"2008-01-25T16:32:15","date_gmt":"2008-01-25T16:32:15","guid":{"rendered":"https:\/\/moir.org.co\/web\/el-proyecto-de-unasur-que-impide-la-integracion-suramericana\/"},"modified":"2008-01-25T16:32:15","modified_gmt":"2008-01-25T16:32:15","slug":"el-proyecto-de-unasur-que-impide-la-integracion-suramericana","status":"publish","type":"post","link":"https:\/\/moir.com.co\/web\/el-proyecto-de-unasur-que-impide-la-integracion-suramericana\/","title":{"rendered":"EL PROYECTO DE UNASUR: \u00bfQU\u00c9 IMPIDE LA INTEGRACI\u00d3N SURAMERICANA?"},"content":{"rendered":"<p><b>RECALCA*, Bogot\u00e1, 25 de enero de 2008<\/b><\/p>\n<p>Son inocultables los problemas que afronta la proyectada Uni\u00f3n de Naciones Suramericanas, UNASUR. Esta propuesta de integraci\u00f3n que ha intentado materializarse en los \u00faltimos a\u00f1os mediante cumbres presidenciales como las realizadas en Cuzco 2004, Brasilia 2005, Cochabamba 2006 e Isla margarita 2007, no ha podido avanzar dadas las marcadas diferencias ideol\u00f3gicas que existen entre sus gobernantes. <\/p>\n<p>Para este mes estaba prevista la III Reuni\u00f3n de Presidentes de Suram\u00e9rica en Cartagena, luego de haber sido aplazada en dos ocasiones. Sin embargo, fue pospuesta nuevamente sin explicaci\u00f3n satisfactoria. Todas las decisiones que se toman en el marco de UNASUR son por consenso, por lo que la negativa de un solo pa\u00eds es suficiente para impedirlo. <\/p>\n<p>La elaboraci\u00f3n del acta constitutiva de UNASUR ha generado diferencias entre los pa\u00edses, lo que ha dilatado el proceso. No es f\u00e1cil, por la diversidad ideol\u00f3gica de los gobiernos, ponerse de acuerdo en temas fundamentales para la integraci\u00f3n. Por un lado hay gobiernos que cada vez se alejan m\u00e1s del modelo neoliberal y establecen para sus naciones pol\u00edticas econ\u00f3micas y sociales alternativas, nacionalizan los recursos naturales, ponen trabas a la entrada de capitales especulativos, controlan el accionar de las trasnacionales y se alejan del recetario del FMI y el Banco Mundial. Y por el otro todav\u00eda quedan en Suram\u00e9rica gobiernos como los de Colombia, Per\u00fa y Chile, con una pol\u00edtica plenamente coincidente con los intereses de Washington y las multinacionales; con el agravante que los proyectos pol\u00edticos de \u00c1lvaro Uribe y Alan Garc\u00eda no solamente impiden la integraci\u00f3n suramericana, sino que apuntan a la destrucci\u00f3n de la Comunidad Andina de Naciones. <\/p>\n<p>Esta situaci\u00f3n se agrava con diferentes disputas en la regi\u00f3n: Chile y Per\u00fa se enfrentan por el mar territorial, Argentina y Uruguay por el asunto de las papeleras, Chile y Bolivia por la salida al mar para esta \u00faltima, los pa\u00edses peque\u00f1os de Mercosur con los grandes, y las relaciones entre Venezuela y Colombia pasan por su peor momento. En estas condiciones no se sabe ni cu\u00e1ndo ni d\u00f3nde ser\u00e1 la cumbre presidencial en la cual le corresponde a Colombia asumir la presidencia pro-tempore. <\/p>\n<p>Por lo pronto se est\u00e1 realizando en Cartagena la reuni\u00f3n de delegados, quienes son los responsables de elaborar el acta constitutiva de UNASUR y el 27 de enero tendr\u00e1 lugar la reuni\u00f3n de Cancilleres para revisar y aprobar el documento. \u00c9ste podr\u00e1 terminar siendo como los acostumbrados en las cumbres de naciones, cargado de ret\u00f3rica sobre asuntos generales, pero sin materializar acciones para resolver los graves problemas de miseria, discriminaci\u00f3n, inseguridad y exclusi\u00f3n social que sufren la mayor\u00eda de los habitantes de Suram\u00e9rica. Lo que s\u00ed se viene imponiendo, a pesar de la voluntad de los pueblos, son las gigantescas obras de infraestructura para promover la extracci\u00f3n, explotaci\u00f3n y exportaci\u00f3n de recursos naturales y agro-negocios, establecidos mediante la IIRSA, que corresponden a la agenda de las trasnacionales y perpet\u00faan un modelo colonial. <\/p>\n<p>Para que exista un verdadero proyecto de integraci\u00f3n es necesario que \u00e9ste se articule a cambios sustanciales en el actual modelo econ\u00f3mico. Respaldamos las iniciativas que apuntan a fortalecer la unidad de los pueblos, pero ponemos de relieve las dificultades e inconsecuencias del proceso de UNASUR y alertamos sobre el papel de gobiernos como el de Uribe en torpedear o vaciar de contenido el proceso. No es posible una verdadera integraci\u00f3n entre pa\u00edses que han cifrado su desarrollo en el libre comercio y las teor\u00edas neoliberales y los que defienden su soberan\u00eda y su mercado interno. Adem\u00e1s, es inconsecuente que un proceso de integraci\u00f3n de los pueblos, como est\u00e1 definido en los documentos de UNASUR, se realice sin un proceso de participaci\u00f3n y consulta a los pueblos. <\/p>\n<p>* Recalca es una coalici\u00f3n amplia, pluralista y democr\u00e1tica que agrupa a m\u00e1s de 50 organizaciones sociales, sindicales y gremiales de Colombia, que sostienen una posici\u00f3n cr\u00edtica frente al libre comercio. Defendemos el bienestar de la poblaci\u00f3n, la naci\u00f3n y su producci\u00f3n, a trav\u00e9s de la investigaci\u00f3n y la movilizaci\u00f3n del pueblo colombiano.<\/p>\n","protected":false},"excerpt":{"rendered":"<p>RECALCA*, Bogot\u00e1, 25 de enero de 2008 Son inocultables los problemas que afronta la proyectada Uni\u00f3n de Naciones Suramericanas, UNASUR. Esta propuesta de integraci\u00f3n que ha intentado materializarse en los \u00faltimos a\u00f1os mediante cumbres presidenciales como las realizadas en Cuzco 2004, Brasilia 2005, Cochabamba 2006 e Isla margarita 2007, no ha podido avanzar dadas las [&hellip;]<\/p>\n","protected":false},"author":1,"featured_media":0,"comment_status":"open","ping_status":"open","sticky":false,"template":"","format":"standard","meta":{"advanced_seo_description":"","jetpack_seo_html_title":"","jetpack_seo_noindex":false,"_jetpack_memberships_contains_paid_content":false,"footnotes":""},"categories":[7],"tags":[],"class_list":["post-2148","post","type-post","status-publish","format-standard","hentry","category-pronunciamientos-de-organizaciones-sociales"],"jetpack_featured_media_url":"","jetpack-related-posts":[{"id":15679,"url":"https:\/\/moir.com.co\/web\/la-salida-de-unasur-esta-disfrazada-de-libre-comercio\/","url_meta":{"origin":2148,"position":0},"title":"La salida de Unasur est\u00e1 disfrazada de libre comercio","author":"admin","date":"agosto 20, 2018","format":false,"excerpt":"Amaury N\u00fa\u00f1ez Gonz\u00e1lez, Medell\u00edn, agosto 18 de 2018 La primera medida de pol\u00edtica regional de Duque fue el retiro de Colombia\u00a0de la Unasur, una decisi\u00f3n que expresa continuidad en la pol\u00edtica exterior que hist\u00f3ricamente ha ejercido el pa\u00eds en la regi\u00f3n. El gobierno de Iv\u00e1n Duque retir\u00f3 a Colombia de\u2026","rel":"","context":"En \u00abAgro\u00bb","block_context":{"text":"Agro","link":"https:\/\/moir.com.co\/web\/category\/temas\/agro\/"},"img":{"alt_text":"","src":"","width":0,"height":0},"classes":[]},{"id":3378,"url":"https:\/\/moir.com.co\/web\/carta-abierta-de-la-asc-a-los-presidentes-de-unasur-acerca-de-las-bases-militares-en-colombia\/","url_meta":{"origin":2148,"position":1},"title":"CARTA ABIERTA DE LA ASC A LOS PRESIDENTES DE UNASUR ACERCA DE LAS BASES MILITARES EN COLOMBIA","author":"admin","date":"agosto 11, 2009","format":false,"excerpt":"LUIZ INACIO LULA DA SILVA Presidente de la Republica de Brasil RAFAEL CORREA Presidente de la Republica de Ecuador HUGO RAFAEL CHAVEZ FRIAS Presidente de la Republica Bolivariana de Venezuela MICHEL BACHELET Presidenta de la Republica de Chile CRISTINA KIRCHNER Presidenta de la Republica de Argentina EVO MORALES Presidente de\u2026","rel":"","context":"En \u00abTemas\u00bb","block_context":{"text":"Temas","link":"https:\/\/moir.com.co\/web\/category\/temas\/"},"img":{"alt_text":"","src":"","width":0,"height":0},"classes":[]},{"id":3533,"url":"https:\/\/moir.com.co\/web\/el-precandidato-carlos-gaviria-diaz-expresa-su-preocupacion-por-falta-de-acuerdo-en-reunion-de-unasur\/","url_meta":{"origin":2148,"position":2},"title":"El precandidato Carlos Gaviria D\u00edaz expresa su preocupaci\u00f3n por falta de acuerdo en reuni\u00f3n de UNASUR","author":"admin","date":"septiembre 17, 2009","format":false,"excerpt":"La paz no puede alcanzarse sobre la base de la escalada armamentista, la desconfianza, la prevenci\u00f3n entre los pueblos y la cesi\u00f3n de la soberan\u00eda propia a favor de terceros pa\u00edses. Gaviria inst\u00f3 a que prime la colaboraci\u00f3n y el trabajo conjunto entre pueblos y gobiernos para la superaci\u00f3n y\u2026","rel":"","context":"En \u00abPolo Democr\u00e1tico Alternativo\u00bb","block_context":{"text":"Polo Democr\u00e1tico Alternativo","link":"https:\/\/moir.com.co\/web\/category\/polo-democratico-alternativo\/"},"img":{"alt_text":"","src":"","width":0,"height":0},"classes":[]},{"id":3454,"url":"https:\/\/moir.com.co\/web\/estado-asociado\/","url_meta":{"origin":2148,"position":3},"title":"\u00bfEstado asociado?","author":"admin","date":"agosto 30, 2009","format":false,"excerpt":"O El Tiempo vio otra transmisi\u00f3n distinta a la que vimos los colombianos de la reuni\u00f3n de Unasur en Bariloche -yo vi la de RCN- o ese diario est\u00e1 tan desesperado por hacerse al tercer canal, que ya no le importa tergiversar lo que sucedi\u00f3 en tan apasionante reality. Digo\u2026","rel":"","context":"En \u00abRevista de Prensa\u00bb","block_context":{"text":"Revista de Prensa","link":"https:\/\/moir.com.co\/web\/category\/prensa\/revista-de-prensa\/"},"img":{"alt_text":"","src":"","width":0,"height":0},"classes":[]},{"id":3479,"url":"https:\/\/moir.com.co\/web\/el-estado-libre-asociado-de-colombia\/","url_meta":{"origin":2148,"position":4},"title":"El Estado Libre Asociado de Colombia","author":"admin","date":"septiembre 4, 2009","format":false,"excerpt":"La Am\u00e9rica nuestra tiene hoy un nuevo Estado Libre Asociado, sujeto a los poderes plenarios del imperio estadounidense. Colombia es el novel \u201csocio asociado en sociedad\u201d, como describi\u00f3 magistralmente el poeta cubano Nicol\u00e1s Guill\u00e9n el funesto artificio jur\u00eddico-pol\u00edtico implantado originalmente en Puerto Rico. Ya la Isla antillana no est\u00e1 sola\u2026","rel":"","context":"En \u00abRevista de Prensa\u00bb","block_context":{"text":"Revista de Prensa","link":"https:\/\/moir.com.co\/web\/category\/prensa\/revista-de-prensa\/"},"img":{"alt_text":"","src":"","width":0,"height":0},"classes":[]},{"id":9610,"url":"https:\/\/moir.com.co\/web\/declaracion-sobre-venezuela\/","url_meta":{"origin":2148,"position":5},"title":"Declaraci\u00f3n sobre Venezuela","author":"admin","date":"agosto 31, 2015","format":false,"excerpt":"El POLO DEMOCR\u00c1TICO ALTERNATIVO, ante el creciente agravamiento de las tensiones entre COLOMBIA y VENEZUELA, por la deportaci\u00f3n de cientos de familias colombianas y el consecuente desplazamiento de cientos o miles m\u00e1s: Condena de la manera m\u00e1s en\u00e9rgica la deportaci\u00f3n indiscriminada y la violaci\u00f3n de los derechos humanos a que\u2026","rel":"","context":"En \u00abPolo Democr\u00e1tico Alternativo\u00bb","block_context":{"text":"Polo Democr\u00e1tico Alternativo","link":"https:\/\/moir.com.co\/web\/category\/polo-democratico-alternativo\/"},"img":{"alt_text":"","src":"","width":0,"height":0},"classes":[]}],"jetpack_sharing_enabled":true,"_links":{"self":[{"href":"https:\/\/moir.com.co\/web\/wp-json\/wp\/v2\/posts\/2148","targetHints":{"allow":["GET"]}}],"collection":[{"href":"https:\/\/moir.com.co\/web\/wp-json\/wp\/v2\/posts"}],"about":[{"href":"https:\/\/moir.com.co\/web\/wp-json\/wp\/v2\/types\/post"}],"author":[{"embeddable":true,"href":"https:\/\/moir.com.co\/web\/wp-json\/wp\/v2\/users\/1"}],"replies":[{"embeddable":true,"href":"https:\/\/moir.com.co\/web\/wp-json\/wp\/v2\/comments?post=2148"}],"version-history":[{"count":0,"href":"https:\/\/moir.com.co\/web\/wp-json\/wp\/v2\/posts\/2148\/revisions"}],"wp:attachment":[{"href":"https:\/\/moir.com.co\/web\/wp-json\/wp\/v2\/media?parent=2148"}],"wp:term":[{"taxonomy":"category","embeddable":true,"href":"https:\/\/moir.com.co\/web\/wp-json\/wp\/v2\/categories?post=2148"},{"taxonomy":"post_tag","embeddable":true,"href":"https:\/\/moir.com.co\/web\/wp-json\/wp\/v2\/tags?post=2148"}],"curies":[{"name":"wp","href":"https:\/\/api.w.org\/{rel}","templated":true}]}}