{"id":2147,"date":"2008-01-25T16:30:56","date_gmt":"2008-01-25T16:30:56","guid":{"rendered":"https:\/\/moir.org.co\/web\/jornada-de-accion-global-contra-el-imperialismo-y-el-neoliberalismo\/"},"modified":"2008-01-25T16:30:56","modified_gmt":"2008-01-25T16:30:56","slug":"jornada-de-accion-global-contra-el-imperialismo-y-el-neoliberalismo","status":"publish","type":"post","link":"https:\/\/moir.com.co\/web\/jornada-de-accion-global-contra-el-imperialismo-y-el-neoliberalismo\/","title":{"rendered":"JORNADA DE ACCI\u00d3N GLOBAL CONTRA EL IMPERIALISMO Y EL NEOLIBERALISMO"},"content":{"rendered":"<p><b>RECALCA, Bogot\u00e1, 25 de enero de 2008 <\/b><\/p>\n<p>Millones de mujeres y hombres, organizaciones, redes, movimientos y sindicatos de cada rinc\u00f3n del planeta, aldeas y regiones, zonas rurales y centros urbanos de todas las edades, pueblos, culturas y creencias, estamos por la firme convicci\u00f3n de que OTRO MUNDO ES POSIBLE. Las organizaciones y redes agrupadas en el Foro Social Mundial estamos haciendo un llamado al pueblo Colombiano a participar en la jornada de acci\u00f3n global contra el imperialismo y neoliberalismo. <\/p>\n<p>Recalca, el cap\u00edtulo colombiano de la Alianza Social Continental, ha propuesto a sus organizaciones miembros que sus actividades tengan especial \u00e9nfasis en una JORNADA DE SOLIDARIDAD CON EL MOVIMIENTO BOLIVIANO, con motivo de los recientes hechos de violencia y desconocimiento de la institucionalidad, encabezados por fuerzas fascistas y racistas bolivianas, promovidas desde el gobierno de Washington. Tenemos programado realizar, junto a otras organizaciones sociales, varias actividades de informaci\u00f3n y difusi\u00f3n de la situaci\u00f3n actual de Bolivia. <\/p>\n<p>De igual forma, otras organizaciones como Viva la Ciudadan\u00eda, Ecofondo, Indepaz, Codhes, y m\u00e1s, han programado unas actividades tem\u00e1ticas enmarcadas dentro del criterio del Foro Social Mundial de la lucha contra la globalizaci\u00f3n neoliberal, que se desarrollar\u00e1n en el Parque Sim\u00f3n Bol\u00edvar de Bogot\u00e1 este 26 de Enero de 2008, a partir de las 10 de la ma\u00f1ana. Estas son: arte y comunicaci\u00f3n, educaci\u00f3n, memoria, agua y territorio, seguridad y soberan\u00eda alimentaria, derechos humanos, mujeres, acuerdo humanitario y reforma pol\u00edtica. <\/p>\n<p>En momentos en que el mundo se enfrenta a una nueva crisis econ\u00f3mica y el modelo neoliberal hace agua por todas partes, en todo el planeta se levantan voces de protesta anunciando que los pueblos est\u00e1n dispuestos a luchar por cambios profundos. La jornada del 26 es un paso m\u00e1s en este proceso inevitable de cambio.<\/p>\n","protected":false},"excerpt":{"rendered":"<p>RECALCA, Bogot\u00e1, 25 de enero de 2008 Millones de mujeres y hombres, organizaciones, redes, movimientos y sindicatos de cada rinc\u00f3n del planeta, aldeas y regiones, zonas rurales y centros urbanos de todas las edades, pueblos, culturas y creencias, estamos por la firme convicci\u00f3n de que OTRO MUNDO ES POSIBLE. Las organizaciones y redes agrupadas en [&hellip;]<\/p>\n","protected":false},"author":1,"featured_media":0,"comment_status":"open","ping_status":"open","sticky":false,"template":"","format":"standard","meta":{"advanced_seo_description":"","jetpack_seo_html_title":"","jetpack_seo_noindex":false,"_jetpack_memberships_contains_paid_content":false,"footnotes":""},"categories":[7],"tags":[],"class_list":["post-2147","post","type-post","status-publish","format-standard","hentry","category-pronunciamientos-de-organizaciones-sociales"],"jetpack_featured_media_url":"","jetpack-related-posts":[{"id":2338,"url":"https:\/\/moir.com.co\/web\/recalca-cuestionara-la-politica-uribista-de-libre-comercio-durante-la-cumbre-social-de-los-pueblos-en-lima\/","url_meta":{"origin":2147,"position":0},"title":"RECALCA CUESTIONAR\u00c1 LA POL\u00cdTICA URIBISTA DE \u201cLIBRE COMERCIO\u201d DURANTE LA CUMBRE SOCIAL DE LOS PUEBLOS EN LIMA","author":"admin","date":"mayo 13, 2008","format":false,"excerpt":"RECALCA, Bogot\u00e1, mayo 12 de 2008 RECALCA, que ejerce la Secretaria de la Alianza Social Continental y lidera en Colombia el debate y la resistencia frente al \u201clibre comercio\u201d, es miembro del comit\u00e9 organizador y participar\u00e1 activamente en la Cumbre Social de los Pueblos, Enlazando Alternativas III, que se realizar\u00e1\u2026","rel":"","context":"En \u00ab\u00a1No a los TLC y al ALCA!\u00bb","block_context":{"text":"\u00a1No a los TLC y al ALCA!","link":"https:\/\/moir.com.co\/web\/category\/temas\/no-a-los-tlc-y-al-alca\/"},"img":{"alt_text":"","src":"","width":0,"height":0},"classes":[]},{"id":64,"url":"https:\/\/moir.com.co\/web\/se-constituyo-la-red-colombiana-de-accion-frente-al-libre-comercio-y-el-alca-recalca\/","url_meta":{"origin":2147,"position":1},"title":"SE CONSTITUY\u00d3 LA RED COLOMBIANA DE ACCION FRENTE AL LIBRE COMERCIO Y EL ALCA, RECALCA","author":"admin","date":"agosto 4, 2004","format":false,"excerpt":"Como resultado del Foro \"ALCA y TLC, el espejismo del libre comercio, los verdaderos efectos sobre la sociedad colombiana\" se ha constituido la Red Colombiana de Acci\u00f3n Frente al Libre Comercio y el ALCA, Recalca. Esta es una organizaci\u00f3n amplia, pluralista y democr\u00e1tica que trabajar\u00e1 por consenso y busca agrupar\u2026","rel":"","context":"En \u00ab\u00a1No a los TLC y al ALCA!\u00bb","block_context":{"text":"\u00a1No a los TLC y al ALCA!","link":"https:\/\/moir.com.co\/web\/category\/temas\/no-a-los-tlc-y-al-alca\/"},"img":{"alt_text":"","src":"","width":0,"height":0},"classes":[]},{"id":5985,"url":"https:\/\/moir.com.co\/web\/recalca-alerta-aumenta-el-peligro-de-que-el-tlc-con-estados-unidos-se-concrete\/","url_meta":{"origin":2147,"position":2},"title":"Recalca alerta: aumenta el peligro de que el TLC con Estados Unidos se concrete","author":"admin","date":"octubre 5, 2011","format":false,"excerpt":"El 3 de octubre Obama radic\u00f3 en el Congreso de Estados Unidos la solicitud de que se iniciara el tr\u00e1mite de ratificaci\u00f3n de los TLC con Corea, Panam\u00e1 y Colombia. Con este acto comienza el desenlace de este proceso en el cual han prevalecido ampliamente los intereses de los exportadores\u2026","rel":"","context":"En \u00ab\u00a1No a los TLC y al ALCA!\u00bb","block_context":{"text":"\u00a1No a los TLC y al ALCA!","link":"https:\/\/moir.com.co\/web\/category\/temas\/no-a-los-tlc-y-al-alca\/"},"img":{"alt_text":"","src":"","width":0,"height":0},"classes":[]},{"id":117,"url":"https:\/\/moir.com.co\/web\/organizaciones-andinas-se-pronuncian-contra-tlc\/","url_meta":{"origin":2147,"position":3},"title":"ORGANIZACIONES ANDINAS SE PRONUNCIAN CONTRA TLC","author":"admin","date":"agosto 6, 2004","format":false,"excerpt":"Julio 30 de 2004 El 26 de julio, dentro del marco del Foro Social de las Am\u00e9ricas, que se realiza en Quito, varias decenas de organizaciones populares de la regi\u00f3n andina se reunieron y analizaron los efectos que tendr\u00e1 el Tratado de Libre Comercio con Estados Unidos. En el encuentro,\u2026","rel":"","context":"En \u00ab\u00a1No a los TLC y al ALCA!\u00bb","block_context":{"text":"\u00a1No a los TLC y al ALCA!","link":"https:\/\/moir.com.co\/web\/category\/temas\/no-a-los-tlc-y-al-alca\/"},"img":{"alt_text":"","src":"","width":0,"height":0},"classes":[]},{"id":21209,"url":"https:\/\/moir.com.co\/web\/alianza-social-continental-contra-la-globalizacion-estadounidense-2\/","url_meta":{"origin":2147,"position":4},"title":"ALIANZA SOCIAL CONTINENTAL, CONTRA LA GLOBALIZACI\u00d3N ESTADOUNIDENSE","author":"admin","date":"noviembre 2, 2007","format":false,"excerpt":"Juan Pablo Arango, Gerente de Deslinde, Tribuna Roja N\u00ba 105, Bogot\u00e1, octubre 8 de 2007 El contexto pol\u00edtico en Am\u00e9rica Latina es cada vez m\u00e1s adverso al papel que el imperio estadounidense le asigna a lo que geopol\u00edticamente se ha tenido como su \u201cpatio trasero\u201d. Al igual que acontece en\u2026","rel":"","context":"En \u00abTribuna Roja N\u00ba 105, octubre 8 de 2007\u00bb","block_context":{"text":"Tribuna Roja N\u00ba 105, octubre 8 de 2007","link":"https:\/\/moir.com.co\/web\/category\/tribuna-roja\/ediciones-2005-2009\/tribuna-roja-no-105-octubre-8-de-2007\/"},"img":{"alt_text":"","src":"","width":0,"height":0},"classes":[]},{"id":2088,"url":"https:\/\/moir.com.co\/web\/alianza-social-continental-contra-la-globalizacion-estadounidense\/","url_meta":{"origin":2147,"position":5},"title":"ALIANZA SOCIAL CONTINENTAL, CONTRA LA GLOBALIZACI\u00d3N ESTADOUNIDENSE","author":"admin","date":"octubre 22, 2007","format":false,"excerpt":"Juan Pablo Arango, Gerente de Deslinde, Tribuna Roja N\u00ba 105, Bogot\u00e1, octubre 8 de 2007 El contexto pol\u00edtico en Am\u00e9rica Latina es cada vez m\u00e1s adverso al papel que el imperio estadounidense le asigna a lo que geopol\u00edticamente se ha tenido como su \u201cpatio trasero\u201d. Al igual que acontece en\u2026","rel":"","context":"En \u00abTemas\u00bb","block_context":{"text":"Temas","link":"https:\/\/moir.com.co\/web\/category\/temas\/"},"img":{"alt_text":"","src":"","width":0,"height":0},"classes":[]}],"jetpack_sharing_enabled":true,"_links":{"self":[{"href":"https:\/\/moir.com.co\/web\/wp-json\/wp\/v2\/posts\/2147","targetHints":{"allow":["GET"]}}],"collection":[{"href":"https:\/\/moir.com.co\/web\/wp-json\/wp\/v2\/posts"}],"about":[{"href":"https:\/\/moir.com.co\/web\/wp-json\/wp\/v2\/types\/post"}],"author":[{"embeddable":true,"href":"https:\/\/moir.com.co\/web\/wp-json\/wp\/v2\/users\/1"}],"replies":[{"embeddable":true,"href":"https:\/\/moir.com.co\/web\/wp-json\/wp\/v2\/comments?post=2147"}],"version-history":[{"count":0,"href":"https:\/\/moir.com.co\/web\/wp-json\/wp\/v2\/posts\/2147\/revisions"}],"wp:attachment":[{"href":"https:\/\/moir.com.co\/web\/wp-json\/wp\/v2\/media?parent=2147"}],"wp:term":[{"taxonomy":"category","embeddable":true,"href":"https:\/\/moir.com.co\/web\/wp-json\/wp\/v2\/categories?post=2147"},{"taxonomy":"post_tag","embeddable":true,"href":"https:\/\/moir.com.co\/web\/wp-json\/wp\/v2\/tags?post=2147"}],"curies":[{"name":"wp","href":"https:\/\/api.w.org\/{rel}","templated":true}]}}