{"id":2131,"date":"2007-12-18T11:35:05","date_gmt":"2007-12-18T11:35:05","guid":{"rendered":"https:\/\/moir.org.co\/web\/la-cut-apoya-los-reclamos-de-los-damnificados-de-las-inundaciones-del-rio-sinu\/"},"modified":"2007-12-18T11:35:05","modified_gmt":"2007-12-18T11:35:05","slug":"la-cut-apoya-los-reclamos-de-los-damnificados-de-las-inundaciones-del-rio-sinu","status":"publish","type":"post","link":"https:\/\/moir.com.co\/web\/la-cut-apoya-los-reclamos-de-los-damnificados-de-las-inundaciones-del-rio-sinu\/","title":{"rendered":"LA CUT APOYA LOS RECLAMOS DE LOS DAMNIFICADOS DE LAS INUNDACIONES DEL RIO SINU"},"content":{"rendered":"<p><b>CUT, Bogot\u00e1, diciembre 18 de 2007<\/b><\/p>\n<p>Despu\u00e9s de realizar una marcha en Monter\u00eda y un desfile por la troncal del Caribe, los campesinos damnificados de las inundaciones del R\u00edo Sin\u00fa, ayer lunes 17 de diciembre se concentraron en la v\u00eda que va de Monter\u00eda a Lorica.<\/p>\n<p>M\u00e1s de 5.000 manifestantes reclaman el concurso del gobierno nacional para remediar la situaci\u00f3n de ruina en que quedaron luego de las inundaciones. Los campesinos perdieron cultivos, animales y viviendas, calamidad ante la cual el Ministro de Agricultura ha respondido con mercados y promesas que no remedian en nada su angustiosa situaci\u00f3n.<\/p>\n<p>Los 5.000 campesinos fueron reprimidos por el ej\u00e9rcito y la polic\u00eda, agresi\u00f3n de la que resultaron heridos 5 manifestantes. <\/p>\n<p>La CUT respalda estas justas reivindicaciones, reclama del gobierno nacional el respeto a la protesta y el inmediato inicio de conversaciones con una representaci\u00f3n nacional, puesto que el gobierno departamental se ha declarado sin capacidad para atender la problem\u00e1tica. <\/p>\n<p>Fdo..<br \/>\nCARLOS RODRIGUEZ DIAZ<br \/>\nPresidenteDirector <\/p>\n<p>Fdo<br \/>\nDOMINGO TOVAR ARRIETA<br \/>\nDpto. Derechos Humanos<\/p>\n","protected":false},"excerpt":{"rendered":"<p>CUT, Bogot\u00e1, diciembre 18 de 2007 Despu\u00e9s de realizar una marcha en Monter\u00eda y un desfile por la troncal del Caribe, los campesinos damnificados de las inundaciones del R\u00edo Sin\u00fa, ayer lunes 17 de diciembre se concentraron en la v\u00eda que va de Monter\u00eda a Lorica. M\u00e1s de 5.000 manifestantes reclaman el concurso del gobierno [&hellip;]<\/p>\n","protected":false},"author":1,"featured_media":0,"comment_status":"open","ping_status":"open","sticky":false,"template":"","format":"standard","meta":{"advanced_seo_description":"","jetpack_seo_html_title":"","jetpack_seo_noindex":false,"_jetpack_memberships_contains_paid_content":false,"footnotes":""},"categories":[7],"tags":[],"class_list":["post-2131","post","type-post","status-publish","format-standard","hentry","category-pronunciamientos-de-organizaciones-sociales"],"jetpack_featured_media_url":"","jetpack-related-posts":[{"id":2208,"url":"https:\/\/moir.com.co\/web\/10-de-marzo-toma-pacifica-e-indefinida-de-monteria-anuncian-asociaciones-campesinas-del-bajo-sinu\/","url_meta":{"origin":2131,"position":0},"title":"10 DE MARZO, TOMA PAC\u00cdFICA E INDEFINIDA DE MONTER\u00cdA, ANUNCIAN ASOCIACIONES CAMPESINAS DEL BAJO SIN\u00da","author":"admin","date":"marzo 5, 2008","format":false,"excerpt":"Oficina de Prensa del Senador Jorge Enrique Robledo, Bogot\u00e1, marzo 5 de 2008 Cinco mil campesinos del Bajo Sin\u00fa, damnificados por las graves inundaciones del 2007, se concentrar\u00e1n en Monter\u00eda el lunes 10 de marzo para exigir por en\u00e9sima vez que el Ministerio de Agricultura no siga dilatando dar soluci\u00f3n\u2026","rel":"","context":"En \u00abJorge Enrique Robledo\u00bb","block_context":{"text":"Jorge Enrique Robledo","link":"https:\/\/moir.com.co\/web\/category\/jorge-enrique-robledo\/"},"img":{"alt_text":"","src":"","width":0,"height":0},"classes":[]},{"id":2123,"url":"https:\/\/moir.com.co\/web\/que-el-gobierno-de-urgentes-soluciones-a-los-damnificados-por-las-inundaciones-en-cordoba\/","url_meta":{"origin":2131,"position":1},"title":"QUE EL GOBIERNO D\u00c9 URGENTES SOLUCIONES A LOS DAMNIFICADOS POR LAS INUNDACIONES EN C\u00d3RDOBA","author":"admin","date":"diciembre 6, 2007","format":false,"excerpt":"Declaraci\u00f3n Senador Jorge Enrique Robledo, Bogot\u00e1, diciembre 7 de 2007 Mil doscientas familias han sido gravemente perjudicadas por las fuertes crecidas del r\u00edo Sin\u00fa durante todo el segundo semestre, al punto que han perdido m\u00e1s de dos mil hect\u00e1reas de cultivos en ma\u00edz, pl\u00e1tano, yuca, fr\u00edjol y huertas caseras, adem\u00e1s\u2026","rel":"","context":"En \u00abJorge Enrique Robledo\u00bb","block_context":{"text":"Jorge Enrique Robledo","link":"https:\/\/moir.com.co\/web\/category\/jorge-enrique-robledo\/"},"img":{"alt_text":"","src":"","width":0,"height":0},"classes":[]},{"id":20495,"url":"https:\/\/moir.com.co\/web\/las-calamidades-naturales-otro-yugo-para-el-pueblo\/","url_meta":{"origin":2131,"position":2},"title":"LAS CALAMIDADES NATURALES, OTRO YUGO PARA EL PUEBLO","author":"admin","date":"enero 23, 2005","format":false,"excerpt":"M\u00e1s de mil muertos, alrededor de 80.000 damnificados, miles de viviendas abiertas por el agua y destrozos incalculables en la agricultura y en la ganader\u00eda, es el saldo tr\u00e1gico que dejaron en todo el pa\u00eds los desastres naturales y la imprevisi\u00f3n y desidia del gobierno. La calamidad ocurrida en El\u2026","rel":"","context":"En \u00abTribuna Roja N\u00b0 35, Bogot\u00e1; enero de 1980\u00bb","block_context":{"text":"Tribuna Roja N\u00b0 35, Bogot\u00e1; enero de 1980","link":"https:\/\/moir.com.co\/web\/category\/tribuna-roja\/ediciones-1980-1984\/tribuna-roja-n-35-bogota-enero-de-1980\/"},"img":{"alt_text":"","src":"","width":0,"height":0},"classes":[]},{"id":5327,"url":"https:\/\/moir.com.co\/web\/informe-del-senador-jorge-enrique-robledo-sobre-sus-visitas-a-la-zona-del-desastre-del-canal-del-dique\/","url_meta":{"origin":2131,"position":3},"title":"Informe del Senador Jorge Enrique Robledo sobre sus visitas a la zona del desastre del Canal del Dique","author":"admin","date":"febrero 26, 2011","format":false,"excerpt":"El fin de semana del 12 y 13 de febrero pasado y el lunes 21 de febrero, esta vez como parte de la Comisi\u00f3n Accidental del Senado de la Rep\u00fablica para la Emergencia Econ\u00f3mica y Social, visit\u00e9 la regi\u00f3n del Canal del Dique en los departamentos del Atl\u00e1ntico y Bol\u00edvar,\u2026","rel":"","context":"En \u00abJorge Enrique Robledo\u00bb","block_context":{"text":"Jorge Enrique Robledo","link":"https:\/\/moir.com.co\/web\/category\/jorge-enrique-robledo\/"},"img":{"alt_text":"","src":"","width":0,"height":0},"classes":[]},{"id":7091,"url":"https:\/\/moir.com.co\/web\/2012-avances-en-la-movilizacion-y-la-solidaridad\/","url_meta":{"origin":2131,"position":4},"title":"2012: avances en la movilizaci\u00f3n y la solidaridad","author":"admin","date":"diciembre 13, 2012","format":false,"excerpt":"Una d\u00e9cada de existencia de la Gran Coalici\u00f3n Democr\u00e1tica en el Atl\u00e1ntico como un espacio de coordinaci\u00f3n y unidad de acci\u00f3n de los sectores sindicales, sociales, pol\u00edticos y gremiales en contra de las pol\u00edticas desp\u00f3ticas y antidemocr\u00e1ticas de los gobiernos neoliberales de los \u00faltimos a\u00f1os es un logro que debemos\u2026","rel":"","context":"En \u00abPronunciamientos de Organizaciones Sociales\u00bb","block_context":{"text":"Pronunciamientos de Organizaciones Sociales","link":"https:\/\/moir.com.co\/web\/category\/pronunciamientos-de-organizaciones-sociales\/"},"img":{"alt_text":"","src":"","width":0,"height":0},"classes":[]},{"id":5199,"url":"https:\/\/moir.com.co\/web\/desastre-anunciado-y-oportunidad-neoliberal\/","url_meta":{"origin":2131,"position":5},"title":"Desastre anunciado y oportunidad neoliberal","author":"admin","date":"enero 21, 2011","format":false,"excerpt":"Es cierto que los damnificados por el desastre invernal deben ser urgente y seriamente respaldados por el Estado, cosa que no ha sucedido. Pero que ese apoyo se necesite \u2013 sin clientelismo y en grande porque son muchos los que se hallan sufriendo lo indecible\u2013 no autoriza al gobierno de\u2026","rel":"","context":"En \u00abJorge Enrique Robledo\u00bb","block_context":{"text":"Jorge Enrique Robledo","link":"https:\/\/moir.com.co\/web\/category\/jorge-enrique-robledo\/"},"img":{"alt_text":"","src":"","width":0,"height":0},"classes":[]}],"jetpack_sharing_enabled":true,"_links":{"self":[{"href":"https:\/\/moir.com.co\/web\/wp-json\/wp\/v2\/posts\/2131","targetHints":{"allow":["GET"]}}],"collection":[{"href":"https:\/\/moir.com.co\/web\/wp-json\/wp\/v2\/posts"}],"about":[{"href":"https:\/\/moir.com.co\/web\/wp-json\/wp\/v2\/types\/post"}],"author":[{"embeddable":true,"href":"https:\/\/moir.com.co\/web\/wp-json\/wp\/v2\/users\/1"}],"replies":[{"embeddable":true,"href":"https:\/\/moir.com.co\/web\/wp-json\/wp\/v2\/comments?post=2131"}],"version-history":[{"count":0,"href":"https:\/\/moir.com.co\/web\/wp-json\/wp\/v2\/posts\/2131\/revisions"}],"wp:attachment":[{"href":"https:\/\/moir.com.co\/web\/wp-json\/wp\/v2\/media?parent=2131"}],"wp:term":[{"taxonomy":"category","embeddable":true,"href":"https:\/\/moir.com.co\/web\/wp-json\/wp\/v2\/categories?post=2131"},{"taxonomy":"post_tag","embeddable":true,"href":"https:\/\/moir.com.co\/web\/wp-json\/wp\/v2\/tags?post=2131"}],"curies":[{"name":"wp","href":"https:\/\/api.w.org\/{rel}","templated":true}]}}