{"id":2108,"date":"2007-11-20T13:05:13","date_gmt":"2007-11-20T13:05:13","guid":{"rendered":"https:\/\/moir.org.co\/web\/carta-sobre-la-renovacion-del-contrato-de-los-operadores-zonales-en-la-eaab\/"},"modified":"2007-11-20T13:05:13","modified_gmt":"2007-11-20T13:05:13","slug":"carta-sobre-la-renovacion-del-contrato-de-los-operadores-zonales-en-la-eaab","status":"publish","type":"post","link":"https:\/\/moir.com.co\/web\/carta-sobre-la-renovacion-del-contrato-de-los-operadores-zonales-en-la-eaab\/","title":{"rendered":"CARTA SOBRE LA RENOVACI\u00d3N DEL CONTRATO DE LOS OPERADORES ZONALES EN LA EAAB"},"content":{"rendered":"<p><b>Bogot\u00e1, 16 de Noviembre de 2007<\/b><\/p>\n<p>Se\u00f1ores<br \/>\nLUIS EDUARDO GARZON<br \/>\nAlcalde Mayor de Bogot\u00e1 D.C.<br \/>\nEDGARD RUIZ<br \/>\nGerente de la E.A.A.B.<br \/>\nCiudad.<\/p>\n<p>Respetados Se\u00f1ores:<\/p>\n<p>Cordialmente nos dirigimos a Ustedes para expresarles, de manera p\u00fablica, nuestra en\u00e9rgica protesta por la firma de los contratos con los denominados operadores zonales que por cinco a\u00f1os tendr\u00e1n a su cargo servicios esenciales para la gesti\u00f3n del agua, en particular la medici\u00f3n del consumo de las familias bogotanas. <\/p>\n<p>De esta manera Ustedes se han demostrado incapaces de apartarse de la pol\u00edtica de privatizaci\u00f3n que desde hace quince a\u00f1os viene imponiendo el Banco Mundial en la Empresa de Acueducto y Alcantarillado de Bogot\u00e1 \u2013EAAB- pues dichos operadores son, de acuerdo con la adjudicaci\u00f3n hecha como resultado del proceso licitatorio, tres empresas privadas: Agua Azul, Aguas Kapital y ahora Proactiva. Como agravante se destaca que en esta ocasi\u00f3n la \u00fanica empresa p\u00fablica que actuaba como operador, Empresas P\u00fablicas de Medell\u00edn, ha perdido su posici\u00f3n para dar paso a la multinacional francesa Vivendi, que operar\u00e1 a trav\u00e9s de Proactiva, de la cual forma parte tambi\u00e9n la empresa espa\u00f1ola \u201cFomento de construcciones y contratas\u201d. La EAAB es pues presa del oligopolio mundial del agua que encabeza la mencionada compa\u00f1\u00eda francesa junto con Suez, RWE y otras pocas m\u00e1s. <\/p>\n<p>Es deplorable que todo lo anterior haya ocurrido en un gobierno de la ciudad que se realiza a nombre del Polo Democr\u00e1tico Alternativo, del cual cabr\u00eda esperar un mayor compromiso en la lucha contra el capital trasnacional, cuya ingerencia en el pa\u00eds no ha tra\u00eddo otra cosa que mayor injusticia y exclusi\u00f3n social y mayores ganancias para quienes lo agencian. Esta decisi\u00f3n se tom\u00f3 adem\u00e1s de espaldas a la ciudadan\u00eda que en su gran mayor\u00eda desconoce los alcances e implicaciones de la misma aunque padece el rigor de las altas tarifas y los abusos de los operadores. <\/p>\n<p>La responsabilidad que les incumbe a Ustedes es a\u00fan mayor, no solo por lo anterior, sino porque adem\u00e1s de su conocimiento de la situaci\u00f3n fueron advertidos oportunamente por la Mesa Distrital de Servicios P\u00fablicos mediante derecho de petici\u00f3n radicado en Abril del presente a\u00f1o, el cual puede consultarse en www.planetapaz.org (documento gestores corregido 2.doc).    <\/p>\n<p>En aquel documento, no atendido por Ustedes, les pon\u00edamos de presente el aumento escandaloso de las tarifas de acueducto en Bogot\u00e1, ocasionado no solamente en las pol\u00edticas de comercializaci\u00f3n del agua, impuestas por la banca multilateral y agenciadas por la Comisi\u00f3n Reguladora de Agua Potable \u2013 CRA_- , sino por la voracidad de ganancia de los operadores zonales cuyo abuso lleg\u00f3 al extremo de cambiar las acometidas y los medidores sin necesidad, hacer lectura por promedios, cuando hay una desviaci\u00f3n significativa, suspender el servicio a los usuarios sin haber realizado una revisi\u00f3n previa, generalmente violando el debido proceso y hasta cobrar, con el visto bueno de la SSPD, el servicio de alcantarillado donde no existe, o fue construido por la comunidad y no recibe mantenimiento por parte de la empresa. <\/p>\n<p>Les recordamos, porque Ustedes lo sab\u00edan y lo saben, las protuberantes fallas de los operadores, los reiterados incumplimientos de sus obligaciones contractuales y las enormes p\u00e9rdidas que generaron a la EAAB. Similares argumentos plante\u00f3 en su momento el Contralor Distrital y tampoco fueron atendidos por Ustedes. Los pagos hechos a los operadores actuales, cuya gesti\u00f3n termina el 31 de Diciembre de este a\u00f1o son superiores a $150.000.000.000,oo suma que la ciudad se hubiera podido ahorrar y mas bien invertir en el fortalecimiento de la EAAB y en la reducci\u00f3n de las tarifas cuyos incrementos han dejado por fuera del servicio a un promedio anual  de 236.000 suscriptores. \u00a1Esas son las bondades y la eficiencia del manejo privado del agua, que hoy se proclama como la gran soluci\u00f3n para la carencia de agua potable que aqueja a m\u00e1s de doce millones de colombianos!<\/p>\n<p>Por lo anterior continuaremos impulsando el proceso del referendo: \u201cEl agua: un derecho fundamental\u201d, y ante el hecho cumplido de la entrega de buena parte de la gesti\u00f3n de la EAAB a los operadores privados no nos queda mas que rechazar su desacertada actuaci\u00f3n y emprender la mas intensa y sistem\u00e1tica acci\u00f3n de denuncia y vigilancia frente a la acci\u00f3n de los operadores privados y multinacionales que seguir\u00e1n esquilmando a la ciudadan\u00eda por otros cinco a\u00f1os, al tiempo que no descansaremos hasta devolver al terreno de lo p\u00fablico y ciudadano el manejo de la EAAB, patrimonio de todos los bogotanos, hoy debilitada por las imposiciones de la Banca mundial con la complacencia de gobernantes como Ustedes.  <\/p>\n<p>De Ustedes atentamente,  <\/p>\n<p>COMISI\u00d3N DISTRITAL DE DEFENSA DEL AGUA Y DE LA VIDA (sta comisi\u00f3n esta conformada por Avocar, Simtraemsdes, Liga de Usuarios de Servicios P\u00fablicos, Unidad Regional Bogot\u00e1 \u2013 Cundinamarca de Ecofondo, Censat \u2013 Agua Viva, Territorio Sur \u2013 SIE, y veinte organizaciones mas).<br \/>\nMESA DISTRITAL DE SERVICIOS P\u00daBLICOS (La Mesa Distrital de Servicios P\u00fablicos esta conformada por Planeta Paz, Juntas de Acci\u00f3n Comunal, diez organizaciones m\u00e1s).<\/p>\n<p>C.c.<br \/>\nDr. SAMUEL MORENO Alcalde Electo de Bogot\u00e1<br \/>\nDr. CARLOS GAVIRIA D\u00cdAZ, Presidente P.D.A.  <\/p>\n<p>Las organizaciones responsables de esta carta recibir\u00e1n respuestas en la Calle 30 A No.6-22, Of.2701, Tel 3402300 y en la Calle 82 No. 19-26.<\/p>\n","protected":false},"excerpt":{"rendered":"<p>Bogot\u00e1, 16 de Noviembre de 2007 Se\u00f1ores LUIS EDUARDO GARZON Alcalde Mayor de Bogot\u00e1 D.C. EDGARD RUIZ Gerente de la E.A.A.B. Ciudad. Respetados Se\u00f1ores: Cordialmente nos dirigimos a Ustedes para expresarles, de manera p\u00fablica, nuestra en\u00e9rgica protesta por la firma de los contratos con los denominados operadores zonales que por cinco a\u00f1os tendr\u00e1n a su [&hellip;]<\/p>\n","protected":false},"author":1,"featured_media":0,"comment_status":"open","ping_status":"open","sticky":false,"template":"","format":"standard","meta":{"advanced_seo_description":"","jetpack_seo_html_title":"","jetpack_seo_noindex":false,"_jetpack_memberships_contains_paid_content":false,"footnotes":""},"categories":[7],"tags":[],"class_list":["post-2108","post","type-post","status-publish","format-standard","hentry","category-pronunciamientos-de-organizaciones-sociales"],"jetpack_featured_media_url":"","jetpack-related-posts":[{"id":6955,"url":"https:\/\/moir.com.co\/web\/la-feria-del-acueducto\/","url_meta":{"origin":2108,"position":0},"title":"La feria del acueducto","author":"admin","date":"octubre 26, 2012","format":false,"excerpt":"El negocio de recolecci\u00f3n de basuras en Bogot\u00e1, remunerado por alzas crecientes en las tarifas, ha sido lucrativo para los cuatro operadores y ha tenido a los recicladores como grupo marginal. La Corte Constitucional decidi\u00f3 que era indispensable incluir a esa poblaci\u00f3n y exigi\u00f3 que en todo concurso fuera cl\u00e1usula\u2026","rel":"","context":"En \u00abAurelio Su\u00e1rez Montoya\u00bb","block_context":{"text":"Aurelio Su\u00e1rez Montoya","link":"https:\/\/moir.com.co\/web\/category\/bitacoras\/aurelio-suarez-montoya\/"},"img":{"alt_text":"","src":"","width":0,"height":0},"classes":[]},{"id":11003,"url":"https:\/\/moir.com.co\/web\/los-bancos-hoy-son-los-duenos-del-sitp-en-bogota\/","url_meta":{"origin":2108,"position":1},"title":"Los bancos hoy son los due\u00f1os del SITP en Bogot\u00e1","author":"admin","date":"noviembre 13, 2016","format":false,"excerpt":"Aurelio Su\u00e1rez Montoya, El Espectador, Bogot\u00e1, noviembre 10 de 2016 A la crisis financiera de los operadores, se suman factores que podr\u00edan llevar a que \u201cla bomba del SITP\u201d est\u00e9 a punto de detonar. En medio de esto, un elemento adicional: por las deudas, el sector financiero hoy es el\u2026","rel":"","context":"En \u00abAurelio Su\u00e1rez Montoya\u00bb","block_context":{"text":"Aurelio Su\u00e1rez Montoya","link":"https:\/\/moir.com.co\/web\/category\/bitacoras\/aurelio-suarez-montoya\/"},"img":{"alt_text":"","src":"","width":0,"height":0},"classes":[]},{"id":4741,"url":"https:\/\/moir.com.co\/web\/objetamos-el-cambio-masivo-de-medidores\/","url_meta":{"origin":2108,"position":2},"title":"Objetamos el cambio masivo de medidores","author":"admin","date":"septiembre 2, 2010","format":false,"excerpt":"Doctor SAMUEL MORENO ROJAS Alcalde Mayor de Bogot\u00e1 D. C. La Ciudad Referencia: Objetamos el cambio masivo de medidores. Por diversas fuentes hemos conocido de la pol\u00edtica implementada por la EAAB, para cambiar masivamente los medidores en Bogot\u00e1; la Mesa de Servicios P\u00fablicos, objeta esta medida oficial; en la publicaci\u00f3n\u2026","rel":"","context":"Entrada similar","block_context":{"text":"Entrada similar","link":""},"img":{"alt_text":"","src":"","width":0,"height":0},"classes":[]},{"id":11581,"url":"https:\/\/moir.com.co\/web\/nuevo-contrato-de-oscar-diaz-penalosa-sigue-favoreciendo-la-puerta-giratoria-concejal-manuel-sarmiento\/","url_meta":{"origin":2108,"position":3},"title":"\u201cNuevo contrato de \u00d3scar D\u00edaz, Pe\u00f1alosa sigue favoreciendo la puerta giratoria\u201d: concejal Manuel Sarmiento","author":"admin","date":"enero 27, 2017","format":false,"excerpt":"Oficina de prensa del concejal Manuel Sarmiento, Bogot\u00e1, enero 25 de 2017 El asesor del Alcalde para temas de movilidad fue consultor de negociantes del sistema de transporte. El pasado 3 de enero, el alcalde Enrique Pe\u00f1alosa decidi\u00f3 contratar\u00a0como asesor en temas de movilidad\u00a0por otros 11 meses a \u00d3scar Edmundo\u2026","rel":"","context":"En \u00abBogot\u00e1\u00bb","block_context":{"text":"Bogot\u00e1","link":"https:\/\/moir.com.co\/web\/category\/temas\/bogota\/"},"img":{"alt_text":"","src":"https:\/\/i0.wp.com\/moir.com.co\/web\/wp-content\/uploads\/2017\/01\/bogotamovilidad.jpg?fit=963%2C524&ssl=1&resize=350%2C200","width":350,"height":200,"srcset":"https:\/\/i0.wp.com\/moir.com.co\/web\/wp-content\/uploads\/2017\/01\/bogotamovilidad.jpg?fit=963%2C524&ssl=1&resize=350%2C200 1x, https:\/\/i0.wp.com\/moir.com.co\/web\/wp-content\/uploads\/2017\/01\/bogotamovilidad.jpg?fit=963%2C524&ssl=1&resize=525%2C300 1.5x, https:\/\/i0.wp.com\/moir.com.co\/web\/wp-content\/uploads\/2017\/01\/bogotamovilidad.jpg?fit=963%2C524&ssl=1&resize=700%2C400 2x"},"classes":[]},{"id":6189,"url":"https:\/\/moir.com.co\/web\/integrar-las-empresas-de-bogota-no-reduciria-las-tarifas-aurelio-suarez\/","url_meta":{"origin":2108,"position":4},"title":"&#8220;Integrar las empresas de Bogot\u00e1 no reducir\u00eda las tarifas&#8221;: Aurelio Su\u00e1rez","author":"admin","date":"diciembre 17, 2011","format":false,"excerpt":"Frente al panorama de contradicciones y se\u00f1alamientos en la idea de integrar las empresas de servicios p\u00fablicos que plantea Gustavo Petro, el excandidato a la Alcald\u00eda se\u00f1ala factores cr\u00edticos y posibilidades en el tema. Durante las \u00faltimas dos semanas, Gustavo Petro estuvo en el centro del debate por su idea\u2026","rel":"","context":"En \u00abAurelio Su\u00e1rez Montoya\u00bb","block_context":{"text":"Aurelio Su\u00e1rez Montoya","link":"https:\/\/moir.com.co\/web\/category\/bitacoras\/aurelio-suarez-montoya\/"},"img":{"alt_text":"","src":"","width":0,"height":0},"classes":[]},{"id":1676,"url":"https:\/\/moir.com.co\/web\/explosiva-situacion-en-bogota-por-alzas-en-tarifas-de-acueducto-y-aseo\/","url_meta":{"origin":2108,"position":5},"title":"EXPLOSIVA SITUACI\u00d3N EN BOGOT\u00c1 POR ALZAS EN TARIFAS DE ACUEDUCTO Y ASEO","author":"admin","date":"agosto 22, 2004","format":false,"excerpt":"Francisco Cabrera Los usuarios debemos prepararnos para enfrentar las alzas que se avecinan. Aunque el nivel de la protesta viene creciendo, estas siguen siendo dispersas, descoordinadas. En Bogot\u00e1 surgen diariamente decenas de nuevos comit\u00e9s en los barrios. Una meta debe ser llegar a la unificaci\u00f3n de las diversas formas organizativas\u2026","rel":"","context":"En \u00abEL USUARIO N\u00ba5 NOVIEMBRE-DICIEMBRE DE 2001\u00bb","block_context":{"text":"EL USUARIO N\u00ba5 NOVIEMBRE-DICIEMBRE DE 2001","link":"https:\/\/moir.com.co\/web\/category\/temas\/servicios-publicos-articulos-de-actualidad\/el-usuario\/el-usuario-no5-noviembre-diciembre-de-2001\/"},"img":{"alt_text":"","src":"","width":0,"height":0},"classes":[]}],"jetpack_sharing_enabled":true,"_links":{"self":[{"href":"https:\/\/moir.com.co\/web\/wp-json\/wp\/v2\/posts\/2108","targetHints":{"allow":["GET"]}}],"collection":[{"href":"https:\/\/moir.com.co\/web\/wp-json\/wp\/v2\/posts"}],"about":[{"href":"https:\/\/moir.com.co\/web\/wp-json\/wp\/v2\/types\/post"}],"author":[{"embeddable":true,"href":"https:\/\/moir.com.co\/web\/wp-json\/wp\/v2\/users\/1"}],"replies":[{"embeddable":true,"href":"https:\/\/moir.com.co\/web\/wp-json\/wp\/v2\/comments?post=2108"}],"version-history":[{"count":0,"href":"https:\/\/moir.com.co\/web\/wp-json\/wp\/v2\/posts\/2108\/revisions"}],"wp:attachment":[{"href":"https:\/\/moir.com.co\/web\/wp-json\/wp\/v2\/media?parent=2108"}],"wp:term":[{"taxonomy":"category","embeddable":true,"href":"https:\/\/moir.com.co\/web\/wp-json\/wp\/v2\/categories?post=2108"},{"taxonomy":"post_tag","embeddable":true,"href":"https:\/\/moir.com.co\/web\/wp-json\/wp\/v2\/tags?post=2108"}],"curies":[{"name":"wp","href":"https:\/\/api.w.org\/{rel}","templated":true}]}}