{"id":2078,"date":"2007-10-10T21:32:21","date_gmt":"2007-10-10T21:32:21","guid":{"rendered":"https:\/\/moir.org.co\/web\/ni-presion-ni-obstruccion-a-la-corte-suprema-de-justicia-pedimos-garantias-para-su-ejercicio-judicial\/"},"modified":"2007-10-10T21:32:21","modified_gmt":"2007-10-10T21:32:21","slug":"ni-presion-ni-obstruccion-a-la-corte-suprema-de-justicia-pedimos-garantias-para-su-ejercicio-judicial","status":"publish","type":"post","link":"https:\/\/moir.com.co\/web\/ni-presion-ni-obstruccion-a-la-corte-suprema-de-justicia-pedimos-garantias-para-su-ejercicio-judicial\/","title":{"rendered":"NI PRESI\u00d3N NI OBSTRUCCI\u00d3N A LA CORTE SUPREMA DE JUSTICIA, PEDIMOS GARANT\u00cdAS PARA SU EJERCICIO JUDICIAL"},"content":{"rendered":"<p>Central Unitaria de Trabajadores, CUT, Bogot\u00e1, octubre 10 de 2007<\/p>\n<p>La Central Unitaria de Trabajadores expresa el respaldo a la Honorable Corte Suprema de Justicia y manifiesta su rechazo a la presi\u00f3n y obstrucci\u00f3n de que viene siendo objeto, para impedir el ejercicio de su actividad profesional e institucional, que sin duda contribuir\u00e1, con sus decisiones, a que el destape de la parapol\u00edtica tenga sanciones a los implicados en ella.<\/p>\n<p>El lenguaje altisonante a que lamentablemente, nos tiene acostumbrados el Presidente de la Rep\u00fablica, deja entrever los criterios intolerantes y autoritarios que comporta y que evidencian un desd\u00e9n por el ejercicio democr\u00e1tico, que las Cortes en Colombia aplican.<\/p>\n<p>Los trabajadores agrupados en la CUT, insistimos en que la ponderaci\u00f3n y la sind\u00e9resis en la pol\u00edtica son los instrumentos  m\u00e1s id\u00f3neos que deben caracterizar un gobierno y ser la orientaci\u00f3n para que el Jefe del Estado act\u00fae, porque de lo contrario estamos avizorando el perfil autoritario de un gobierno.<\/p>\n<p>Los trabajadores colombianos al tiempo que rechazamos la actitud agresiva y el inadecuado vocabulario expresado por el Presidente de la Rep\u00fablica, reiteramos, una vez m\u00e1s, nuestra respaldo y confianza a la Honorable Corte Suprema de Justicia, a sus Magistrados y servidores.<\/p>\n<p>Lo que est\u00e1 ocurriendo es un mal s\u00edntoma que resquebraja la democracia y agrieta los canales de di\u00e1logo institucional, que son los caminos adecuados para dirimir controversias, raz\u00f3n por la que ratificamos el rechazo a la presi\u00f3n y obstrucci\u00f3n a la Corte Suprema de Justicia y demandamos garant\u00edas para su ejercicio.<\/p>\n<p>CARLOS RODRIGUEZ DIAZ<br \/>\nPresidente<\/p>\n<p> TARSICIO RIVERA MU\u00d1OZ<br \/>\nSecretario Sector Financiero<\/p>\n","protected":false},"excerpt":{"rendered":"<p>Central Unitaria de Trabajadores, CUT, Bogot\u00e1, octubre 10 de 2007 La Central Unitaria de Trabajadores expresa el respaldo a la Honorable Corte Suprema de Justicia y manifiesta su rechazo a la presi\u00f3n y obstrucci\u00f3n de que viene siendo objeto, para impedir el ejercicio de su actividad profesional e institucional, que sin duda contribuir\u00e1, con sus [&hellip;]<\/p>\n","protected":false},"author":1,"featured_media":0,"comment_status":"open","ping_status":"open","sticky":false,"template":"","format":"standard","meta":{"advanced_seo_description":"","jetpack_seo_html_title":"","jetpack_seo_noindex":false,"_jetpack_memberships_contains_paid_content":false,"footnotes":""},"categories":[7],"tags":[],"class_list":["post-2078","post","type-post","status-publish","format-standard","hentry","category-pronunciamientos-de-organizaciones-sociales"],"jetpack_featured_media_url":"","jetpack-related-posts":[{"id":2414,"url":"https:\/\/moir.com.co\/web\/senador-robledo-apoya-marcha-de-respaldo-la-corte-suprema-justicia\/","url_meta":{"origin":2078,"position":0},"title":"SENADOR ROBLEDO APOYA MARCHA DE RESPALDO  LA CORTE SUPREMA JUSTICIA","author":"admin","date":"julio 2, 2008","format":false,"excerpt":"Oficina de Prensa, Senador Jorge Enrique Robledo, Bogot\u00e1, 1 de julio de 2008 La Gran Coalici\u00f3n Democr\u00e1tica, la Central Unitaria de Trabajadores, CUT, el Polo Democr\u00e1tico Alternativo y otras organizaciones sociales y pol\u00edticas convocaron para el pr\u00f3ximo viernes 4 de julio una gran movilizaci\u00f3n en respaldo a la Corte Suprema\u2026","rel":"","context":"En \u00abJorge Enrique Robledo\u00bb","block_context":{"text":"Jorge Enrique Robledo","link":"https:\/\/moir.com.co\/web\/category\/jorge-enrique-robledo\/"},"img":{"alt_text":"","src":"","width":0,"height":0},"classes":[]},{"id":2504,"url":"https:\/\/moir.com.co\/web\/pleno-apoyo-a-la-corte-suprema-de-justicia\/","url_meta":{"origin":2078,"position":1},"title":"Pleno apoyo a la Corte Suprema de Justicia","author":"admin","date":"septiembre 14, 2008","format":false,"excerpt":"Bogot\u00e1, septiembre 14 de 2008 La obsesiva insistencia del presidente Uribe en promover toda clase de intrigas, montajes, declaraciones y comunicados agresivos contra jueces, magistrados, las Altas Cortes y los m\u00e1ximos organismos de Control, as\u00ed como su pretensi\u00f3n de imponer por intermedio de sus mayor\u00edas de bolsillo en el Congreso\u2026","rel":"","context":"En \u00abPronunciamientos de Organizaciones Sociales\u00bb","block_context":{"text":"Pronunciamientos de Organizaciones Sociales","link":"https:\/\/moir.com.co\/web\/category\/pronunciamientos-de-organizaciones-sociales\/"},"img":{"alt_text":"","src":"","width":0,"height":0},"classes":[]},{"id":17474,"url":"https:\/\/moir.com.co\/web\/el-polo-rechaza-las-presiones-de-trump-a-la-justicia-colombiana\/","url_meta":{"origin":2078,"position":2},"title":"El Polo rechaza las presiones de Trump a la Justicia colombiana","author":"admin","date":"mayo 14, 2019","format":false,"excerpt":"Comit\u00e9 Ejecutivo Nacional, Bogot\u00e1, mayo 13 de 2019 El Polo Democr\u00e1tico Alternativo, califica de graves los hechos recientes que dan cuenta de la injerencia del Gobierno de Estados Unidos en los asuntos internos de Colombia y concretamente las presiones a los organismos de Justicia y del poder legislativo de nuestra\u2026","rel":"","context":"En \u00abImperialismo y Neoliberalismo\u00bb","block_context":{"text":"Imperialismo y Neoliberalismo","link":"https:\/\/moir.com.co\/web\/category\/temas\/imperialismo-y-neoliberalismo\/"},"img":{"alt_text":"","src":"","width":0,"height":0},"classes":[]},{"id":2506,"url":"https:\/\/moir.com.co\/web\/la-cut-respalda-paro-de-los-corteros-de-cana\/","url_meta":{"origin":2078,"position":3},"title":"LA CUT RESPALDA PARO DE LOS CORTEROS DE CA\u00d1A","author":"admin","date":"septiembre 15, 2008","format":false,"excerpt":"Central Unitaria de Trabajadores, CUT, Bogot\u00e1, septiembre 15 de 2008 Cerca de 10 mil trabajadores de siembra, campo, cosecha y f\u00e1brica al servicio de la industria azucarera de los Departamento del Valle del Cauca, Risaralda y Cauca, iniciaron un PARO indefinido de actividades, el 15 de septiembre de 2008, solicitando\u2026","rel":"","context":"En \u00abPronunciamientos de Organizaciones Sociales\u00bb","block_context":{"text":"Pronunciamientos de Organizaciones Sociales","link":"https:\/\/moir.com.co\/web\/category\/pronunciamientos-de-organizaciones-sociales\/"},"img":{"alt_text":"","src":"","width":0,"height":0},"classes":[]},{"id":2489,"url":"https:\/\/moir.com.co\/web\/cpi-tiene-sospechas-de-obstruccion-a-la-justicia-robledo\/","url_meta":{"origin":2078,"position":4},"title":"CPI tiene sospechas de obstrucci\u00f3n a la justicia: Robledo","author":"admin","date":"agosto 30, 2008","format":false,"excerpt":"Entrevista del peri\u00f3dico La Naci\u00f3n, Neiva, agosto 29 de 2008 Para el senador del Polo Democr\u00e1tico Alternativo, Jorge Enrique Robledo, la presencia de un fiscal de la Corte Penal Internacional en Colombia no es gratuita y se debe a que el pa\u00eds est\u00e1 enviando el mensaje de que el Gobierno\u2026","rel":"","context":"En \u00abJorge Enrique Robledo\u00bb","block_context":{"text":"Jorge Enrique Robledo","link":"https:\/\/moir.com.co\/web\/category\/jorge-enrique-robledo\/"},"img":{"alt_text":"","src":"","width":0,"height":0},"classes":[]},{"id":2298,"url":"https:\/\/moir.com.co\/web\/que-cesen-las-presiones-uribistas-contra-la-corte-suprema-de-justicia\/","url_meta":{"origin":2078,"position":5},"title":"QUE CESEN LAS PRESIONES URIBISTAS CONTRA LA CORTE SUPREMA DE JUSTICIA","author":"admin","date":"abril 21, 2008","format":false,"excerpt":"Declaraci\u00f3n Senador Jorge Enrique Robledo, Bogot\u00e1, 21 de abril de 2008 Las nuevas agresiones del presidente \u00c1lvaro Uribe y su ministro Carlos Holgu\u00edn contra la Corte Suprema de Justicia deben ser categ\u00f3ricamente rechazadas por los dem\u00f3cratas. Porque rompen un pilar fundamental de la legalidad que establece la Constituci\u00f3n Pol\u00edtica de\u2026","rel":"","context":"En \u00abJorge Enrique Robledo\u00bb","block_context":{"text":"Jorge Enrique Robledo","link":"https:\/\/moir.com.co\/web\/category\/jorge-enrique-robledo\/"},"img":{"alt_text":"","src":"","width":0,"height":0},"classes":[]}],"jetpack_sharing_enabled":true,"_links":{"self":[{"href":"https:\/\/moir.com.co\/web\/wp-json\/wp\/v2\/posts\/2078","targetHints":{"allow":["GET"]}}],"collection":[{"href":"https:\/\/moir.com.co\/web\/wp-json\/wp\/v2\/posts"}],"about":[{"href":"https:\/\/moir.com.co\/web\/wp-json\/wp\/v2\/types\/post"}],"author":[{"embeddable":true,"href":"https:\/\/moir.com.co\/web\/wp-json\/wp\/v2\/users\/1"}],"replies":[{"embeddable":true,"href":"https:\/\/moir.com.co\/web\/wp-json\/wp\/v2\/comments?post=2078"}],"version-history":[{"count":0,"href":"https:\/\/moir.com.co\/web\/wp-json\/wp\/v2\/posts\/2078\/revisions"}],"wp:attachment":[{"href":"https:\/\/moir.com.co\/web\/wp-json\/wp\/v2\/media?parent=2078"}],"wp:term":[{"taxonomy":"category","embeddable":true,"href":"https:\/\/moir.com.co\/web\/wp-json\/wp\/v2\/categories?post=2078"},{"taxonomy":"post_tag","embeddable":true,"href":"https:\/\/moir.com.co\/web\/wp-json\/wp\/v2\/tags?post=2078"}],"curies":[{"name":"wp","href":"https:\/\/api.w.org\/{rel}","templated":true}]}}