{"id":1993,"date":"2007-06-15T13:19:09","date_gmt":"2007-06-15T13:19:09","guid":{"rendered":"https:\/\/moir.org.co\/web\/otro-pupitrazo-del-gobierno-en-el-senado-para-aprobar-el-tlc\/"},"modified":"2007-06-15T13:19:09","modified_gmt":"2007-06-15T13:19:09","slug":"otro-pupitrazo-del-gobierno-en-el-senado-para-aprobar-el-tlc","status":"publish","type":"post","link":"https:\/\/moir.com.co\/web\/otro-pupitrazo-del-gobierno-en-el-senado-para-aprobar-el-tlc\/","title":{"rendered":"OTRO PUPITRAZO DEL GOBIERNO EN EL SENADO PARA APROBAR EL TLC"},"content":{"rendered":"<p><strong>Recalca, Bogot\u00e1, junio 15 de 2007<\/strong><\/p>\n<p>El Senado de Colombia aprob\u00f3 ayer el TLC con Estados Unidos. 55 de los 102  senadores votaron a favor en una apresurada maniobra (en la C\u00e1mara de  Representantes hab\u00edan votado a favor 85 de sus 164 integrantes). Los senadores  del Polo Democr\u00e1tico Alternativo y del Partido Liberal se retiraron de la  sesi\u00f3n, quedando solamente 58. Sin atender ninguno de los fundamentados reparos  formulados, la mayor\u00eda uribista dio un pupitrazo.<\/p>\n<p>Sin embargo, la mayor\u00eda fue precaria; el gobierno, que goza de una amplia  ventaja en el Congreso, apenas logr\u00f3 una ventaja de unos pocos votos. Muchos  uribistas faltaron a la sesi\u00f3n y el gobierno ni siquiera tuvo en cuenta el ruego  que le hiciera el ex presidente Gaviria de esperar a ver cu\u00e1les eran las  modificaciones que los dem\u00f3cratas norteamericanos quer\u00edan hacer en el texto.<\/p>\n<p>El texto que se aprob\u00f3 no es el que se tramitar\u00e1 en el Congreso de Estados  Unidos, en caso de que all\u00ed se apruebe \u2013cosa que no est\u00e1 garantizada. Los  congresistas de ese pa\u00eds han puesto toda clase de reparos al TLC y en sus  recientes viajes, especialmente el \u00faltimo, han tratado a Uribe V\u00e9lez como un  personaje indigno. Le han hecho toda clase de exigencias, le han dicho en todos  los tonos que ese texto no se aprobar\u00e1 y han aplazado indefinidamente su  estudio.\u00a0<\/p>\n<p>El gobierno colombiano, mientras tanto, se gasta sumas millonarias rogando  por la aprobaci\u00f3n del TLC en Estados Unidos y env\u00eda todos los d\u00edas delegaciones  que retornan con el rabo entre las piernas, diciendo que habr\u00e1 TLC pero que no  se sabe cu\u00e1ndo. La aprobaci\u00f3n del TLC es una grav\u00edsima ofensa a la dignidad  nacional, es una muestra de servilismo y quienes lo aprobaron pasar\u00e1n a la  historia por haber sacrificado todos los intereses leg\u00edtimos de la naci\u00f3n y del  pueblo colombiano.\u00a0<\/p>\n<p>A pesar que, optimista, el gobierno anuncia que seguir\u00e1 su campa\u00f1a de  cabildeo y que en pocos meses el TLC se aprobar\u00e1 en Estados Unidos, constituye  una verg\u00fcenza que un presidente de Colombia haya sido capaz de ir once veces a  Estados Unidos a rogar que acepten la sumisi\u00f3n y el arrodillamiento.\u00a0<\/p>\n<p>Cuando todo estaba perdido para el gobierno y recibe amplios cuestionamientos  en la comunidad internacional, Uribe responde obligando a su bancada a hacer un  tr\u00e1mite r\u00e1pido. Con su maniobra el primer mandatario se enfrenta nuevamente a la  mayor\u00eda dem\u00f3crata en Estados Unidos, que ya le hab\u00eda pedido a Bush, en noviembre  pasado, no firmarlo sin atender los reclamos de ese partido. Uribe ratifica as\u00ed  su alianza con los republicanos para renovar el ATPDEA por seis meses, ya que a  diferencia de los dem\u00f3cratas, ellos s\u00f3lo ven en el ATPDEA una forma de mantener  la presi\u00f3n tanto en Estados Unidos como en Colombia para la aprobaci\u00f3n de los  TLC. Uribe coquetea con los dem\u00f3cratas pero duerme con los republicanos.  Asimismo, como lo denunci\u00f3 el representante Rangel, Uribe en su obsesi\u00f3n por  aprobar el TLC le sirve de parapeto a Bush en su empe\u00f1o por contrarrestar a  Ch\u00e1vez en Venezuela.\u00a0<\/p>\n<p>Todas las aparentes victorias de Uribe en Colombia se han convertido en  derrotas en el escenario internacional. Los jefes de su cabildeo en Estados  Unidos est\u00e1n cuestionados por lazos con la parapol\u00edtica, al Plan Colombia le  hacen recortes cada vez que Uribe asoma la nariz en Washington, va a pedir apoyo  y lo reciben con un pliego de peticiones, va a explicar los \u201c\u00e9xitos\u201d de su  pol\u00edtica de paz y le reclaman que no ha extraditado a nadie, anuncia que ha  triunfado en la erradicaci\u00f3n y le dan cifras que demuestran lo contrario. Ahora  volver\u00e1 con el dudoso trofeo de que logr\u00f3 la aprobaci\u00f3n en el Senado colombiano  y le indagar\u00e1n sobre la estrecha mayor\u00eda, la no aceptaci\u00f3n de los reclamos  dem\u00f3cratas y haberse supeditado a las prioridades de Bush.\u00a0<\/p>\n<p>Todas las anomal\u00edas en el tr\u00e1mite y las nefastas implicaciones de su  contenido, deber\u00e1 examinarlas la Corte Constitucional. El pueblo colombiano har\u00e1  hacer o\u00edr su voz. La mayor\u00eda uribista en el Congreso, que ni siquiera ha le\u00eddo  el texto y que ha sido comprada por los favores del Ejecutivo, ha mostrado su  ilegitimidad. Lo que corresponde es arreciar la lucha. Hay que multiplicar la  explicaci\u00f3n de sus nefastas consecuencias y prepararse para una lucha que  indudablemente durar\u00e1 varios meses. A pesar de que los dem\u00f3cratas solamente  quieren retoques menores, las diferencias entre dem\u00f3cratas y republicanos dan un  tiempo adicional para que la poblaci\u00f3n colombiana entienda lo nefasto de este  tratado.\u00a0<\/p>\n","protected":false},"excerpt":{"rendered":"<p>Recalca, Bogot\u00e1, junio 15 de 2007 El Senado de Colombia aprob\u00f3 ayer el TLC con Estados Unidos. 55 de los 102 senadores votaron a favor en una apresurada maniobra (en la C\u00e1mara de Representantes hab\u00edan votado a favor 85 de sus 164 integrantes). Los senadores del Polo Democr\u00e1tico Alternativo y del Partido Liberal se retiraron [&hellip;]<\/p>\n","protected":false},"author":1,"featured_media":0,"comment_status":"open","ping_status":"open","sticky":false,"template":"","format":"standard","meta":{"advanced_seo_description":"","jetpack_seo_html_title":"","jetpack_seo_noindex":false,"_jetpack_memberships_contains_paid_content":false,"footnotes":""},"categories":[7],"tags":[],"class_list":["post-1993","post","type-post","status-publish","format-standard","hentry","category-pronunciamientos-de-organizaciones-sociales"],"jetpack_featured_media_url":"","jetpack-related-posts":[{"id":1990,"url":"https:\/\/moir.com.co\/web\/la-aprobacion-del-tlc-en-colombia-un-engano-del-presidente-uribe-al-pais-dijo-el-senador-robledo\/","url_meta":{"origin":1993,"position":0},"title":"LA APROBACI\u00d3N DEL TLC EN COLOMBIA, UN ENGA\u00d1O DEL PRESIDENTE URIBE AL PAIS, DIJO EL SENADOR ROBLEDO","author":"admin","date":"junio 14, 2007","format":false,"excerpt":"Oficina de Prensa del Senador Jorge Enrique Robledo, Bogot\u00e1, junio 14 de 2007 \u00a0\u201cCuando los medios de comunicaci\u00f3n transmitan las frases con las que los voceros del gobierno de \u00c1lvaro Uribe V\u00e9lez digan que se aprob\u00f3 el texto del TLC con Estados Unidos, lo que se transmitir\u00e1 ser\u00e1 una mentira,\u2026","rel":"","context":"En \u00abJorge Enrique Robledo\u00bb","block_context":{"text":"Jorge Enrique Robledo","link":"https:\/\/moir.com.co\/web\/category\/jorge-enrique-robledo\/"},"img":{"alt_text":"","src":"","width":0,"height":0},"classes":[]},{"id":1877,"url":"https:\/\/moir.com.co\/web\/uribismo-no-permitio-debate-al-mininterior\/","url_meta":{"origin":1993,"position":1},"title":"URIBISMO NO PERMITI\u00d3 DEBATE AL MININTERIOR","author":"admin","date":"marzo 1, 2007","format":false,"excerpt":"Oficina de Prensa del Senador Jorge Enrique Robledo, Bogot\u00e1, febrero 28 de 2007El senador Jorge Enrique Robledo, vocero del Polo Democr\u00e1tico Alternativo, denunci\u00f3 que la mayor\u00eda uribista desbarat\u00f3 anoche el qu\u00f3rum decisorio en la plenaria del Senado para no aprobar la proposici\u00f3n presentada por el Polo Democr\u00e1tico Alternativo, con la\u2026","rel":"","context":"En \u00abTemas\u00bb","block_context":{"text":"Temas","link":"https:\/\/moir.com.co\/web\/category\/temas\/"},"img":{"alt_text":"","src":"","width":0,"height":0},"classes":[]},{"id":3868,"url":"https:\/\/moir.com.co\/web\/mediante-pupitrazo-mas-gravamenes-a-los-ganaderos-denuncio-el-senador-robledo\/","url_meta":{"origin":1993,"position":2},"title":"MEDIANTE \u201cPUPITRAZO\u201d, M\u00c1S GRAV\u00c1MENES A LOS GANADEROS, DENUNCI\u00d3 EL SENADOR ROBLEDO","author":"admin","date":"diciembre 17, 2009","format":false,"excerpt":"Las bancadas del Polo Democr\u00e1tico Alternativo y del Partido Liberal se retiraron de la sesi\u00f3n del Senado en la que la bancada uribista, utilizando de manera abusiva la \u201csuficiente ilustraci\u00f3n\u201d, impidi\u00f3 que se debatiera el proyecto de ley que crea nuevos grav\u00e1menes a los ganaderos colombianos. Y esto sucede, denunci\u00f3\u2026","rel":"","context":"En \u00abJorge Enrique Robledo\u00bb","block_context":{"text":"Jorge Enrique Robledo","link":"https:\/\/moir.com.co\/web\/category\/jorge-enrique-robledo\/"},"img":{"alt_text":"","src":"","width":0,"height":0},"classes":[]},{"id":5163,"url":"https:\/\/moir.com.co\/web\/sin-el-polo-no-hubiera-sido-posible-aprobar-proyecto-anticorrupcion\/","url_meta":{"origin":1993,"position":3},"title":"Sin el Polo no hubiera sido posible aprobar proyecto anticorrupci\u00f3n","author":"admin","date":"diciembre 29, 2010","format":false,"excerpt":"A un error suyo, Benedetti le agreg\u00f3 a uno peor. No aparecieron los votos del santismo. Se\u00f1or presidente, espero se me permita intervenir ahora. Voy a ser breve y le solicito que no se me vaya a interrumpir, porque es en buena medida una moci\u00f3n de r\u00e9plica formal del Polo\u2026","rel":"","context":"En \u00abJorge Enrique Robledo\u00bb","block_context":{"text":"Jorge Enrique Robledo","link":"https:\/\/moir.com.co\/web\/category\/jorge-enrique-robledo\/"},"img":{"alt_text":"","src":"","width":0,"height":0},"classes":[]},{"id":6001,"url":"https:\/\/moir.com.co\/web\/presupuesto-2012-podria-ser-aprobado-a-pupitrazos\/","url_meta":{"origin":1993,"position":4},"title":"Presupuesto 2012 podr\u00eda ser aprobado a pupitrazos","author":"admin","date":"octubre 10, 2011","format":false,"excerpt":"Sobre el tiempo l\u00edmite de aprobaci\u00f3n del presupuesto, a\u00fan no se conoce texto que deber\u00e1 discutirse en las plenarias de Senado y C\u00e1mara. Debe ser discutido y aprobado antes del 20 de octubre. Alto riesgo de aprobaci\u00f3n a pupitrazos. A pesar de que las plenarias de Senado y C\u00e1mara s\u00f3lo\u2026","rel":"","context":"En \u00abJorge Enrique Robledo\u00bb","block_context":{"text":"Jorge Enrique Robledo","link":"https:\/\/moir.com.co\/web\/category\/jorge-enrique-robledo\/"},"img":{"alt_text":"","src":"","width":0,"height":0},"classes":[]},{"id":1369,"url":"https:\/\/moir.com.co\/web\/a-pupitrazo-se-aprobo-la-ley-forestal\/","url_meta":{"origin":1993,"position":5},"title":"A PUPITRAZO SE APROB\u00d3 LA LEY FORESTAL","author":"admin","date":"marzo 26, 2006","format":false,"excerpt":"Luego de que la Ley Forestal fuera aprobada en el Congreso, fue enviada a sanci\u00f3n presidencial el 13 de diciembre de 2005. La Ley fue objetada en 12 de sus art\u00edculos por parte del Presidente \u00c1lvaro Uribe y lo que se esperaba despu\u00e9s de ello era el retorno del texto\u2026","rel":"","context":"En \u00abPronunciamientos de Organizaciones Sociales\u00bb","block_context":{"text":"Pronunciamientos de Organizaciones Sociales","link":"https:\/\/moir.com.co\/web\/category\/pronunciamientos-de-organizaciones-sociales\/"},"img":{"alt_text":"","src":"","width":0,"height":0},"classes":[]}],"jetpack_sharing_enabled":true,"_links":{"self":[{"href":"https:\/\/moir.com.co\/web\/wp-json\/wp\/v2\/posts\/1993","targetHints":{"allow":["GET"]}}],"collection":[{"href":"https:\/\/moir.com.co\/web\/wp-json\/wp\/v2\/posts"}],"about":[{"href":"https:\/\/moir.com.co\/web\/wp-json\/wp\/v2\/types\/post"}],"author":[{"embeddable":true,"href":"https:\/\/moir.com.co\/web\/wp-json\/wp\/v2\/users\/1"}],"replies":[{"embeddable":true,"href":"https:\/\/moir.com.co\/web\/wp-json\/wp\/v2\/comments?post=1993"}],"version-history":[{"count":0,"href":"https:\/\/moir.com.co\/web\/wp-json\/wp\/v2\/posts\/1993\/revisions"}],"wp:attachment":[{"href":"https:\/\/moir.com.co\/web\/wp-json\/wp\/v2\/media?parent=1993"}],"wp:term":[{"taxonomy":"category","embeddable":true,"href":"https:\/\/moir.com.co\/web\/wp-json\/wp\/v2\/categories?post=1993"},{"taxonomy":"post_tag","embeddable":true,"href":"https:\/\/moir.com.co\/web\/wp-json\/wp\/v2\/tags?post=1993"}],"curies":[{"name":"wp","href":"https:\/\/api.w.org\/{rel}","templated":true}]}}