{"id":1979,"date":"2007-06-02T14:15:14","date_gmt":"2007-06-02T14:15:14","guid":{"rendered":"https:\/\/moir.org.co\/web\/el-13-de-junio-todos-a-la-calle-gran-toma-de-la-capital-de-la-republica\/"},"modified":"2007-06-02T14:15:14","modified_gmt":"2007-06-02T14:15:14","slug":"el-13-de-junio-todos-a-la-calle-gran-toma-de-la-capital-de-la-republica","status":"publish","type":"post","link":"https:\/\/moir.com.co\/web\/el-13-de-junio-todos-a-la-calle-gran-toma-de-la-capital-de-la-republica\/","title":{"rendered":"EL 13 DE JUNIO TODOS A LA CALLE. GRAN TOMA DE LA CAPITAL DE LA REP\u00daBLICA"},"content":{"rendered":"<p><strong><span style=\"font-family: Times New Roman\">Comit\u00e9 Ejecutivo de FECODE,  Bogot\u00e1, junio 1 de 2007<\/span><\/strong><\/p>\n<p><span style=\"font-family: &quot;Times New Roman&quot;\">El 30 de mayo la  capital de la Rep\u00fablica y las dem\u00e1s capitales de departamento, fueron escenario  de las m\u00e1s multitudinarias marchas de protesta que contra gobierno alguno se  hayan efectuado en las \u00faltimas d\u00e9cadas.<\/span><\/p>\n<p><span style=\"font-family: &quot;Times New Roman&quot;\">Sin duda alguna, las  enormes movilizaciones de protesta del 23 y del 30 de mayo, significan el  estallido incontrolable de un gran descontento social contra un Gobierno que,  como el de Uribe V\u00e9lez ha hecho de la entrega de la Soberan\u00eda Nacional una  constante de su pol\u00edtica y que ha legislado para satisfacer la voracidad  insaciable de los grandes capitales nacionales y extranjeros, mientras  profundiza el empobrecimiento y la ruina de las amplias capas de la poblaci\u00f3n.  Un gobierno que, mientras clama de dientes para afuera por toda la verdad en el  criminal esc\u00e1ndalo de la \u201cparapol\u00edtica\u201d, urde toda clase de astucias para  convertirse en el campe\u00f3n del \u201ctapen, tapen\u201d.<\/span><\/p>\n<p><span style=\"font-family: &quot;Times New Roman&quot;\">La actual batalla  popular en defensa de las Transferencias Territoriales que responde a un justo  reclamo de financiaci\u00f3n adecuada y garant\u00edas para la educaci\u00f3n p\u00fablica, la  salud, el agua potable y el saneamiento b\u00e1sico, ha servido de elemento  catalizador para que confluyan en las formidables protestas y manifestaciones  todos los que en este pa\u00eds tienen algo que reclamarle al gobierno de Uribe  V\u00e9lez. Destacamos de manera especial las masivas protestas estudiantiles, ellas  han significado un resurgir de la juventud en la lucha social y son la verdadera  garant\u00eda de que el futuro de nuestro pueblo y naci\u00f3n est\u00e1n asegurados.\u00a0<\/span><\/p>\n<p><span style=\"font-family: &quot;Times New Roman&quot;\">A pesar de la  apote\u00f3sica y nunca vista protesta social, la Comisi\u00f3n Primera de la C\u00e1mara de  Representantes resolvi\u00f3 aprobar en s\u00e9ptimo debate, en la misma noche del  mi\u00e9rcoles 30 de mayo de 2007, con una votaci\u00f3n de 21 contra 11, el Proyecto de  Acto Legislativo 011. Una vez m\u00e1s, el Congreso de la Rep\u00fablica, legisla en  contra del inter\u00e9s nacional y popular, al prolongar indefinidamente en la  Constituci\u00f3n Pol\u00edtica los dr\u00e1sticos recortes a las transferencias territoriales  perpetrados desde el a\u00f1o 2001.\u00a0<\/span><\/p>\n<p><span style=\"font-family: &quot;Times New Roman&quot;\">La votaci\u00f3n en S\u00e9ptimo  debate descans\u00f3 en el mal llamado \u201cACUERDO NACIONAL POR LA EDUCACI\u00d3N\u201d, un pacto  pol\u00edtico de Uribe V\u00e9lez con su propia bancada, es decir, un acuerdo del \u201cyo con  yo\u201d, que no es m\u00e1s que una componenda contra las aspiraciones de las regiones y  de la comunidad educativa. Este acuerdo, desconoce que ha sido precisamente la  movilizaci\u00f3n y la lucha del magisterio convocada por FECODE, de los estudiantes  de secundaria, los universitarios, los padres de familia con el acompa\u00f1amiento  del movimiento sindical, las universidades, los acad\u00e9micos e investigadores,  Gobernadores, Alcaldes, Partidos Pol\u00edticos de oposici\u00f3n, la raz\u00f3n principal de  los cambios que ha tenido el proyecto, que siguen siendo precarios en relaci\u00f3n  con la necesidades del pa\u00eds para alcanzar educaci\u00f3n gratuita de calidad y total  cobertura, en salud, agua potable y saneamiento b\u00e1sico.\u00a0<\/span><\/p>\n<p><span style=\"font-family: &quot;Times New Roman&quot;\">Los \u201cavances\u201d que hoy  expresa el Gobierno son insustanciales y ejemplifican m\u00e1s que realidades,  astucias matem\u00e1ticas para ocultar que el presupuesto para educaci\u00f3n en el a\u00f1o  2016, dentro de 10 a\u00f1os, apenas llega a 13.3 billones de pesos, que su  crecimiento real no va m\u00e1s all\u00e1 del 3.5% y que el gobierno central sigue  qued\u00e1ndose con m\u00e1s de 40 billones de pesos que, de acuerdo con el mandato  constitucional del 2001, deber\u00edan ser transferidos a departamentos y municipios  para honrar las competencias territoriales.\u00a0<\/span><\/p>\n<p><span style=\"font-family: &quot;Times New Roman&quot;\">La indolencia del  Gobierno es absoluta y desconoce de manera insistente la profunda crisis que  vive la educaci\u00f3n. Esta es consecuencia de la pol\u00edtica neoliberal aplicada en  los \u00faltimos a\u00f1os y claramente se\u00f1alada en los recientes informes de Contralor\u00eda  General de la Rep\u00fablica y Procuradur\u00eda General de la Naci\u00f3n, en los cuales se  constata la existencia de m\u00e1s de dos millones seiscientos mil ni\u00f1os por fuera  del sistema educativo y de los ni\u00f1os matriculados m\u00e1s de seis millones  quinientos mil no reciben educaci\u00f3n de calidad. Por esta y otras razones que en  otros documentos hemos enumerado detalladamente, nos reafirmamos en nuestra  reclamaci\u00f3n en el sentido de que los recursos para educaci\u00f3n en el proyecto  aprobado no garantizan el derecho fundamental a una educaci\u00f3n de calidad para  los colombianos.\u00a0<\/span><\/p>\n<p><span style=\"font-family: &quot;Times New Roman&quot;\">En la Junta Nacional  del 1\u00ba de junio hemos tomado la determinaci\u00f3n de suspender el paro nacional  indefinido. Consideramos que si bien hasta el presente la tarea se ha cumplido  con creces, ahora nos corresponde reagrupar nuestras fuerzas a fin de acrecentar  nuestra batalla. Merecido es el reconocimiento al magisterio que denodadamente  atendi\u00f3 la convocatoria al Paro Nacional; y a los que por distintos motivos no  la acogieron a plenitud, nuestro llamado fraternal es a que se sumen a las  futuras movilizaciones. Igualmente, llamamos a respaldar de manera resuelta al  vigoroso movimiento estudiantil que el 8 de junio se dispone a colmar calles y  plazas en Colombia en defensa de la educaci\u00f3n p\u00fablica.\u00a0<\/span><\/p>\n<p><span style=\"font-family: &quot;Times New Roman&quot;\">Hoy, convocamos al  magisterio y a toda la comunidad educativa, a las centrales obreras, al Partido  Liberal, al Polo Democr\u00e1tico Alternativo, a todas las organizaciones sindicales,  al renacido movimiento estudiantil, en fin, a todas las fuerzas sociales y  pol\u00edticas que atesoran un esp\u00edritu democr\u00e1tico y patri\u00f3tico, a que preparemos y  realicemos a partir del 13 de junio la gran toma de Bogot\u00e1 junto a las tomas de  las capitales de departamento. Ser\u00e1 una contundente manifestaci\u00f3n de la voluntad  popular para que en el octavo debate del proyecto de Acto Legislativo 011 de  2006 que en ese entonces se efectuar\u00e1 en la C\u00e1mara de Representantes, se tengan  en cuenta y satisfagan los anhelos educativos de las nuevas generaciones de  colombianos.\u00a0<\/span><\/p>\n<p><span style=\"font-family: &quot;Times New Roman&quot;\">Nuestra preocupaci\u00f3n  por la educaci\u00f3n p\u00fablica es real, el pa\u00eds conoce de nuestros esfuerzos y aportes  en su defensa, por tanto el Gobierno Nacional y la Ministra de Educaci\u00f3n, Dra.  Cecilia Mar\u00eda V\u00e9lez White, debe saber que as\u00ed como estamos decididos a continuar  la lucha por la defensa de las transferencias territoriales, tambi\u00e9n estamos  dispuestos a negociar con el Gobierno y buscar los acuerdos que sean necesarios  para lograr este cometido y superar los problemas que motivan hoy la  movilizaci\u00f3n y lucha de la comunidad educativa.\u00a0<\/span><\/p>\n<p><span style=\"font-family: &quot;Times New Roman&quot;\">Los problemas son  muchos y graves, adem\u00e1s de los nuestros relacionados con las transferencias y la  adecuada financiaci\u00f3n de la educaci\u00f3n p\u00fablica, los maestros que hemos  participado en el actual conflicto reclamamos que las sanciones y descuentos se  levanten, que el pasivo pensional de las universidades p\u00fablicas sea asumido  enteramente por la Naci\u00f3n y no cofinanciado por los escasos presupuestos  universitarios y la Naci\u00f3n entera exige, en medio de la actual crisis, que los  reclamos justos de los trabajadores y el pueblo sean adecuadamente atendidos y  que se cree un clima que garantice el tratamiento fluido de todos los asuntos de  inter\u00e9s nacional y sectorial.\u00a0<\/span><\/p>\n<p><span style=\"font-family: &quot;Times New Roman&quot;\">COMIT\u00c9 EJECUTIVO\u00a0<\/span><\/p>\n<p><span style=\"font-family: &quot;Times New Roman&quot;\">WITNEY CH\u00c1VEZ S.<\/span><\/p>\n<p><span style=\"font-family: Times New Roman\">Presidente<\/span><\/p>\n<p><span style=\"font-family: Times New Roman\">RA\u00daL ARROYAVE A.<\/span><\/p>\n<p><span style=\"font-family: Times New Roman\">Secretario General<\/span><\/p>\n<p><span style=\"font-family: Times New Roman\">FABIO ARIAS<\/span><\/p>\n<p><span style=\"font-family: Times New Roman\">Vicepresidente de la CUT<\/span><\/p>\n<p><span style=\"font-family: &quot;Times New Roman&quot;\">Dem\u00e1s Miembros del  Comit\u00e9 Ejecutivo: Celio Nieves Herrera, Domingo Ayala Espitia, Bertha Rey, Senen  Ni\u00f1o, Jose Acosta, Ivan Luis Beltr\u00e1n, Jose Cervantes, Amanda Rinc\u00f3n, Rosalba  G\u00f3mez, Medardo Hern\u00e1ndez, Elias Fonseca, Jairo Arenas, Luis Alberto Narv\u00e1ez.\u00a0<\/span><\/p>\n<p><span style=\"font-family: &quot;Times New Roman&quot;\">Sindicatos : Hern\u00e1n  Trujillo ADE, Manuel Castro Santiago ADEA, V\u00edctor Gaona\u00a0 ADEC, H\u00e9ctor Montoya  ADEG, Hern\u00e1n Alarc\u00f3n\u00a0 ADEM, Maria Cogollo ADEMACOR, Salvador Vanegas ADES,  Gabriel Manrique ADIDA, Iv\u00e1n D\u00edaz ADIH, Dora Novoa ADUCESAR, Juan Francisco  Olmos AICA, Juan Luis Granados ASEDAR, Jorge Buchelli ASEP, Myriam Tamara  ASINORT, Rafael D Leon ASISAP, Fabio Herrera ASODEGUA, Adriana Salazar ASODEVI,  Wilson Garc\u00eda EDUCAL, Antonio Peralta EDUMAG, \u00cdzale D\u00edaz SEG, Felipe Garcia SER,  Wilson Jaimes Mart\u00ednez SES, Luis Eduardo Correa SIMAC, Jos\u00e9 Arturo Guerrero  SIMANA, Rosemberg Bernal SIMATOL, Marcedonio G\u00f3mez SINDEVA, Gustavo Montero  SINDIAMESTROS, Olver Herrera SUDEA, Luis Carlos Fuentes SUDEB, Jorge Eli\u00e9cer  Pe\u00f1a SUTEQ, Danilo Jaramillo SUTEV, Turis Aladino Mart\u00ednez UMACH, Edmundo Junco  USDE.<\/span><\/p>\n","protected":false},"excerpt":{"rendered":"<p>Comit\u00e9 Ejecutivo de FECODE, Bogot\u00e1, junio 1 de 2007 El 30 de mayo la capital de la Rep\u00fablica y las dem\u00e1s capitales de departamento, fueron escenario de las m\u00e1s multitudinarias marchas de protesta que contra gobierno alguno se hayan efectuado en las \u00faltimas d\u00e9cadas. Sin duda alguna, las enormes movilizaciones de protesta del 23 y [&hellip;]<\/p>\n","protected":false},"author":1,"featured_media":0,"comment_status":"open","ping_status":"open","sticky":false,"template":"","format":"standard","meta":{"advanced_seo_description":"","jetpack_seo_html_title":"","jetpack_seo_noindex":false,"_jetpack_memberships_contains_paid_content":false,"footnotes":""},"categories":[7],"tags":[],"class_list":["post-1979","post","type-post","status-publish","format-standard","hentry","category-pronunciamientos-de-organizaciones-sociales"],"jetpack_featured_media_url":"","jetpack-related-posts":[{"id":12628,"url":"https:\/\/moir.com.co\/web\/el-polo-apoya-protesta-nacional-del-6-de-junio-magisterio-estatales-y-arroceros\/","url_meta":{"origin":1979,"position":0},"title":"El Polo apoya protesta nacional del 6 de junio: magisterio, estatales y arroceros","author":"admin","date":"junio 5, 2017","format":false,"excerpt":"Polo Democr\u00e1tico Alternativo, Bogot\u00e1, junio 5 de 2017 El magisterio colombiano afiliado a FECODE, completa 25 d\u00edas en paro para reclamar financiaci\u00f3n suficiente de la educaci\u00f3n p\u00fablica y \u00a0resoluci\u00f3n a sus peticiones laborales; los trabajadores estatales representados por las Centrales Obreras, negocian con el gobierno nacional su pliego unificado de\u2026","rel":"","context":"En \u00abAgro\u00bb","block_context":{"text":"Agro","link":"https:\/\/moir.com.co\/web\/category\/temas\/agro\/"},"img":{"alt_text":"","src":"","width":0,"height":0},"classes":[]},{"id":1970,"url":"https:\/\/moir.com.co\/web\/consolidemos-la-movilizacion-y-profundicemos-la-protesta\/","url_meta":{"origin":1979,"position":1},"title":"CONSOLIDEMOS LA MOVILIZACI\u00d3N Y PROFUNDICEMOS LA PROTESTA","author":"admin","date":"mayo 28, 2007","format":false,"excerpt":"Encuentro Nacional Multiestamentario, Universidad Nacional, Bogot\u00e1, mayo 27 de 2007 Con la participaci\u00f3n de m\u00e1s de 400 representantes de 24 universidades p\u00fablicas y 8 privadas, se llev\u00f3 a cabo el Encuentro Nacional Multiestamentario en el Auditorio Le\u00f3n de Greiff de la Universidad Nacional, no obstante el hostigamiento de la fuerza\u2026","rel":"","context":"En \u00abPronunciamientos de Organizaciones Sociales\u00bb","block_context":{"text":"Pronunciamientos de Organizaciones Sociales","link":"https:\/\/moir.com.co\/web\/category\/pronunciamientos-de-organizaciones-sociales\/"},"img":{"alt_text":"","src":"","width":0,"height":0},"classes":[]},{"id":12226,"url":"https:\/\/moir.com.co\/web\/proclama-del-1-de-mayo-de-2017-ante-la-barbarie-economica-impulsemos-la-mas-amplia-protesta-nacional\/","url_meta":{"origin":1979,"position":2},"title":"Proclama del 1 de mayo de 2017: Ante la barbarie econ\u00f3mica, impulsemos la m\u00e1s amplia protesta nacional","author":"admin","date":"mayo 1, 2017","format":false,"excerpt":"COMANDO NACIONAL UNITARIO CNU Y COORDINADORA DE ORGANIZACIONES POL\u00cdTICAS Y SOCIALES COS, Bogot\u00e1, mayo 1\u00ba de 2017 El 2017 se ha constituido en un a\u00f1o en el cual las disputas por el control mundial de los recursos naturales y los lugares estrat\u00e9gicos para mantener las hegemon\u00edas por parte de los\u2026","rel":"","context":"En \u00abEconom\u00eda\u00bb","block_context":{"text":"Econom\u00eda","link":"https:\/\/moir.com.co\/web\/category\/temas\/economia\/"},"img":{"alt_text":"","src":"https:\/\/i0.wp.com\/moir.com.co\/web\/wp-content\/uploads\/2017\/05\/1mayopolobogota2017_2.jpg?fit=1200%2C900&ssl=1&resize=350%2C200","width":350,"height":200,"srcset":"https:\/\/i0.wp.com\/moir.com.co\/web\/wp-content\/uploads\/2017\/05\/1mayopolobogota2017_2.jpg?fit=1200%2C900&ssl=1&resize=350%2C200 1x, https:\/\/i0.wp.com\/moir.com.co\/web\/wp-content\/uploads\/2017\/05\/1mayopolobogota2017_2.jpg?fit=1200%2C900&ssl=1&resize=525%2C300 1.5x, https:\/\/i0.wp.com\/moir.com.co\/web\/wp-content\/uploads\/2017\/05\/1mayopolobogota2017_2.jpg?fit=1200%2C900&ssl=1&resize=700%2C400 2x, https:\/\/i0.wp.com\/moir.com.co\/web\/wp-content\/uploads\/2017\/05\/1mayopolobogota2017_2.jpg?fit=1200%2C900&ssl=1&resize=1050%2C600 3x"},"classes":[]},{"id":6820,"url":"https:\/\/moir.com.co\/web\/exigimos-del-gobierno-respeto-a-la-educacion-publica-los-estudiantes-y-los-maestros-de-colombia\/","url_meta":{"origin":1979,"position":3},"title":"Exigimos del gobierno respeto a la educaci\u00f3n p\u00fablica, los estudiantes y los maestros de Colombia","author":"admin","date":"septiembre 4, 2012","format":false,"excerpt":"La ratificaci\u00f3n de Mar\u00eda Fernanda Campo como Ministra de Educaci\u00f3n no nos sorprende, pues esta funcionaria viene cumpliendo fielmente el encargo hecho por el Banco Mundial y la Organizaci\u00f3n Mundial del Comercio, cual es profundizar y acelerar la privatizaci\u00f3n de la educaci\u00f3n p\u00fablica. El gobierno deshonr\u00f3 la palabra empe\u00f1ada con\u2026","rel":"","context":"En \u00abPronunciamientos de Organizaciones Sociales\u00bb","block_context":{"text":"Pronunciamientos de Organizaciones Sociales","link":"https:\/\/moir.com.co\/web\/category\/pronunciamientos-de-organizaciones-sociales\/"},"img":{"alt_text":"","src":"","width":0,"height":0},"classes":[]},{"id":526,"url":"https:\/\/moir.com.co\/web\/nueva-accion-de-protesta\/","url_meta":{"origin":1979,"position":4},"title":"NUEVA ACCI\u00d3N DE PROTESTA","author":"admin","date":"agosto 10, 2004","format":false,"excerpt":"CUT-CGTD-CTC-CPC, junio 20 de 2003 Respetados compa\u00f1eros: Primero queremos felicitarlos por el \u00e9xito del Paro Nacional Estatal y la extraordinaria movilizaci\u00f3n del 19 de junio, que demuestra el compromiso de seguir salvaguardando el patrimonio nacional y los derechos de los trabajadores, en especial, el derecho al trabajo. La OIT en\u2026","rel":"","context":"En \u00abPronunciamientos de Organizaciones Sociales\u00bb","block_context":{"text":"Pronunciamientos de Organizaciones Sociales","link":"https:\/\/moir.com.co\/web\/category\/pronunciamientos-de-organizaciones-sociales\/"},"img":{"alt_text":"","src":"","width":0,"height":0},"classes":[]},{"id":12457,"url":"https:\/\/moir.com.co\/web\/paros-el-unico-camino-que-deja-el-gobierno\/","url_meta":{"origin":1979,"position":5},"title":"Paros, el \u00fanico camino que deja el Gobierno","author":"admin","date":"mayo 22, 2017","format":false,"excerpt":"Patricia Cifuentes Osorio, Bogot\u00e1, mayo 22 de 2017 \u201cCon humildad pero con toda la berraquera, lo que nosotros necesitamos nunca nos lo va a reconocer el gobierno, tenemos que arrebat\u00e1rselo en las calles\u201d (Ciudadano del Choc\u00f3 durante una de las protestas en el paro c\u00edvico de los \u00faltimos d\u00edas). El\u2026","rel":"","context":"En \u00abEducaci\u00f3n\u00bb","block_context":{"text":"Educaci\u00f3n","link":"https:\/\/moir.com.co\/web\/category\/temas\/educacion\/"},"img":{"alt_text":"","src":"https:\/\/i0.wp.com\/moir.com.co\/web\/wp-content\/uploads\/2017\/05\/parosenChoco%CC%81Buenaventura.jpg?fit=1023%2C601&ssl=1&resize=350%2C200","width":350,"height":200,"srcset":"https:\/\/i0.wp.com\/moir.com.co\/web\/wp-content\/uploads\/2017\/05\/parosenChoco%CC%81Buenaventura.jpg?fit=1023%2C601&ssl=1&resize=350%2C200 1x, https:\/\/i0.wp.com\/moir.com.co\/web\/wp-content\/uploads\/2017\/05\/parosenChoco%CC%81Buenaventura.jpg?fit=1023%2C601&ssl=1&resize=525%2C300 1.5x, https:\/\/i0.wp.com\/moir.com.co\/web\/wp-content\/uploads\/2017\/05\/parosenChoco%CC%81Buenaventura.jpg?fit=1023%2C601&ssl=1&resize=700%2C400 2x"},"classes":[]}],"jetpack_sharing_enabled":true,"_links":{"self":[{"href":"https:\/\/moir.com.co\/web\/wp-json\/wp\/v2\/posts\/1979","targetHints":{"allow":["GET"]}}],"collection":[{"href":"https:\/\/moir.com.co\/web\/wp-json\/wp\/v2\/posts"}],"about":[{"href":"https:\/\/moir.com.co\/web\/wp-json\/wp\/v2\/types\/post"}],"author":[{"embeddable":true,"href":"https:\/\/moir.com.co\/web\/wp-json\/wp\/v2\/users\/1"}],"replies":[{"embeddable":true,"href":"https:\/\/moir.com.co\/web\/wp-json\/wp\/v2\/comments?post=1979"}],"version-history":[{"count":0,"href":"https:\/\/moir.com.co\/web\/wp-json\/wp\/v2\/posts\/1979\/revisions"}],"wp:attachment":[{"href":"https:\/\/moir.com.co\/web\/wp-json\/wp\/v2\/media?parent=1979"}],"wp:term":[{"taxonomy":"category","embeddable":true,"href":"https:\/\/moir.com.co\/web\/wp-json\/wp\/v2\/categories?post=1979"},{"taxonomy":"post_tag","embeddable":true,"href":"https:\/\/moir.com.co\/web\/wp-json\/wp\/v2\/tags?post=1979"}],"curies":[{"name":"wp","href":"https:\/\/api.w.org\/{rel}","templated":true}]}}