{"id":1978,"date":"2007-06-04T12:40:20","date_gmt":"2007-06-04T12:40:20","guid":{"rendered":"https:\/\/moir.org.co\/web\/respaldemos-en-las-calles-nuestras-justas-demandas\/"},"modified":"2007-06-04T12:40:20","modified_gmt":"2007-06-04T12:40:20","slug":"respaldemos-en-las-calles-nuestras-justas-demandas","status":"publish","type":"post","link":"https:\/\/moir.com.co\/web\/respaldemos-en-las-calles-nuestras-justas-demandas\/","title":{"rendered":"RESPALDEMOS EN LAS CALLES NUESTRAS JUSTAS DEMANDAS"},"content":{"rendered":"<p class=\"MsoNormal\"><strong><span>Comit\u00e9 Nacional de Coordinaci\u00f3n  Multiestamentario, Bogot\u00e1, junio 3 de 2007<\/span><\/strong><\/p>\n<p class=\"MsoNormal\"><span>Con la realizaci\u00f3n de un Consejo  Comunitario sobre educaci\u00f3n p\u00fablica, de aquellos que acostumbra llevar a cabo el  Jefe de Estado para manipular a la opini\u00f3n con sus calculadas actuaciones  histri\u00f3nicas sabatinas y falacias, culmin\u00f3 la semana anterior. <\/span><\/p>\n<p class=\"MsoNormal\"><span>Es indudable que  \u00e9sta quedar\u00e1 en la memoria de los colombianos como un hito importante, debido a  las colosales movilizaciones protagonizadas en las capitales del pa\u00eds, el  mi\u00e9rcoles 30 de mayo, por centenares de miles de pobladores que colmaron las  calles y plazas convocados por la comunidad educativa, para rechazar el asalto  que se est\u00e1 configurando por iniciativa del Jefe de Estado, con el concurso de  la bancada uribista en el Congreso, a los recursos asignados por la Constituci\u00f3n  Nacional para atender las necesidades de salud, educaci\u00f3n, saneamiento b\u00e1sico y  agua potable, de los compatriotas en los entes territoriales, y a los de las  universidades p\u00fablicas mediante el art\u00edculo 38 del Plan Nacional de Desarrollo  \u2013PND- que traslada, en parte, la obligaci\u00f3n del gobierno central de atender los  pasivos en materia de pensiones a los precarios presupuestos de las  instituciones p\u00fablicas de educaci\u00f3n superior, asest\u00e1ndoles un artero golpe.<\/span><\/p>\n<p class=\"MsoNormal\"><span>No contaba el Presidente con que a un  evento convocado a \u00faltima hora y a la chita callando, asistir\u00edan esclarecidos y  leg\u00edtimos voceros del movimiento universitario que, con profundidad y certeza,  dejaron al descubierto las trapisondas con las cuales se pretende justificar el  infame asalto a las finanzas universitarias y dar un paso m\u00e1s en la senda de su  privatizaci\u00f3n. No obstante la contundencia de los argumentos dados all\u00ed contra  las d\u00e9biles y falaces justificaciones expuestas por los funcionarios del  gobierno, la posici\u00f3n del mandatario fue enf\u00e1tica en afirmar que no aceptar\u00e1 la  petici\u00f3n de los universitarios de excluir de la Ley del PND el art\u00edculo 38 y con  melifluas alusiones a su amor y fidelidad para con la universidad p\u00fablica,  invit\u00f3 a que se conf\u00ede en que con el decreto reglamentario se atenuar\u00e1n los  perversos impactos de tal imposici\u00f3n y que mediante otros mecanismos el gobierno  compensar\u00e1 los da\u00f1os que se puedan causar en materia presupuestal, como  consecuencia del \u201cesfuerzo\u201d de las universidades para \u201cconcurrir\u201d en el pago de  los pasivos pensionales. <\/span><\/p>\n<p class=\"MsoNormal\"><span>\u00bfC\u00f3mo aliviar las finanzas del gobierno  central sin que ello se refleje en un detrimento presupuestal para quien se hace  cargo de la obligaci\u00f3n dejada? Cualquier \u201cconcurrencia\u201d de las universidades  resulta lesiva para su estabilidad financiera y se traduce en  menoscabo de sus  responsabilidades misionales. Es lamentable la actitud genuflexa de los rectores  al aceptar las imposiciones presidenciales, renunciando una vez m\u00e1s la autonom\u00eda  y comprometiendo las finanzas universitarias y la suerte de la universidad  p\u00fablica en Colombia.  <\/span><\/p>\n<p class=\"MsoNormal\"><span>Es necesario rechazar enf\u00e1ticamente la  orden presidencial de invadir con unidades militares los claustros  universitarios y su campa\u00f1a de desprestigio del movimiento tratando de  endilgarle fines terroristas para desvirtuar sus reales objetivos. Tambi\u00e9n es  condenable el silencio c\u00f3mplice de los rectores ante tan flagrante violaci\u00f3n de  la autonom\u00eda universitaria. <\/span><\/p>\n<p class=\"MsoNormal\"><span>El respaldo social que han recibido  nuestras reclamaciones nos alienta para mantener en alto las banderas que hemos  enarbolado y firme el movimiento en defensa de la universidad p\u00fablica. Debemos  intensificar la labor de esclarecimiento y constituir y fortalecer, a todos los  niveles, el Frente por la Defensa de la Educaci\u00f3n P\u00fablica.  <\/span><\/p>\n<p class=\"MsoNormal\"><span>\u00a1Que las movilizaciones del 8 y el 13 de  junio superen en magnitud y contundencia a las realizadas hasta ahora!<\/span><\/p>\n","protected":false},"excerpt":{"rendered":"<p>Comit\u00e9 Nacional de Coordinaci\u00f3n Multiestamentario, Bogot\u00e1, junio 3 de 2007 Con la realizaci\u00f3n de un Consejo Comunitario sobre educaci\u00f3n p\u00fablica, de aquellos que acostumbra llevar a cabo el Jefe de Estado para manipular a la opini\u00f3n con sus calculadas actuaciones histri\u00f3nicas sabatinas y falacias, culmin\u00f3 la semana anterior. Es indudable que \u00e9sta quedar\u00e1 en la [&hellip;]<\/p>\n","protected":false},"author":1,"featured_media":0,"comment_status":"open","ping_status":"open","sticky":false,"template":"","format":"standard","meta":{"advanced_seo_description":"","jetpack_seo_html_title":"","jetpack_seo_noindex":false,"_jetpack_memberships_contains_paid_content":false,"footnotes":""},"categories":[7],"tags":[],"class_list":["post-1978","post","type-post","status-publish","format-standard","hentry","category-pronunciamientos-de-organizaciones-sociales"],"jetpack_featured_media_url":"","jetpack-related-posts":[{"id":1975,"url":"https:\/\/moir.com.co\/web\/uribe-no-puede-ser-el-jefe-de-la-busqueda-de-la-verdad-porque-es-el-jefe-del-tapen-tapen-afirma-robledo\/","url_meta":{"origin":1978,"position":0},"title":"URIBE NO PUEDE SER EL JEFE DE LA B\u00daSQUEDA DE LA VERDAD, PORQUE ES EL JEFE DEL TAPEN-TAPEN, AFIRMA ROBLEDO","author":"admin","date":"mayo 29, 2007","format":false,"excerpt":"Oficina de Prensa del senador Jorge Enrique Robledo, Bogot\u00e1, mayo 29 de 2007 En \u201cLa Noche\u201d, programa emitido por RCN Televisi\u00f3n el 23 de mayo, el mismo d\u00eda en que el presidente Uribe propuso excarcelar a los implicados en la \u201cparapol\u00edtica\u201d, el senador Jorge Enrique Robledo afirm\u00f3 que \u201cla lectura\u2026","rel":"","context":"En \u00abTemas\u00bb","block_context":{"text":"Temas","link":"https:\/\/moir.com.co\/web\/category\/temas\/"},"img":{"alt_text":"","src":"","width":0,"height":0},"classes":[]},{"id":11854,"url":"https:\/\/moir.com.co\/web\/vargas-lleras-es-derrotable-jorge-robledo\/","url_meta":{"origin":1978,"position":1},"title":"\u201cVargas Lleras es derrotable\u201d: Jorge Robledo","author":"admin","date":"marzo 7, 2017","format":false,"excerpt":"Entrevista de\u00a0Lorena Arboleda Z\u00e1rate, El Espectador, Bogot\u00e1, marzo 6 de 2017 Dice que Clara L\u00f3pez se autoexcluy\u00f3 del partido, asumi\u00f3 el programa de la Unidad Nacional y su jefe pol\u00edtico es el presidente Santos. Descarta hacer coalici\u00f3n con Humberto de la Calle y con las Farc y su propuesta de\u2026","rel":"","context":"En \u00abEconom\u00eda\u00bb","block_context":{"text":"Econom\u00eda","link":"https:\/\/moir.com.co\/web\/category\/temas\/economia\/"},"img":{"alt_text":"","src":"https:\/\/i0.wp.com\/moir.com.co\/web\/wp-content\/uploads\/2017\/03\/robledoEE060317.jpg?fit=984%2C655&ssl=1&resize=350%2C200","width":350,"height":200,"srcset":"https:\/\/i0.wp.com\/moir.com.co\/web\/wp-content\/uploads\/2017\/03\/robledoEE060317.jpg?fit=984%2C655&ssl=1&resize=350%2C200 1x, https:\/\/i0.wp.com\/moir.com.co\/web\/wp-content\/uploads\/2017\/03\/robledoEE060317.jpg?fit=984%2C655&ssl=1&resize=525%2C300 1.5x, https:\/\/i0.wp.com\/moir.com.co\/web\/wp-content\/uploads\/2017\/03\/robledoEE060317.jpg?fit=984%2C655&ssl=1&resize=700%2C400 2x"},"classes":[]},{"id":17185,"url":"https:\/\/moir.com.co\/web\/video-la-fiscalia-debe-abrir-ya-mismo-investigacion-contra-los-jefes-de-melo-senador-robledo\/","url_meta":{"origin":1978,"position":2},"title":"Video: La fiscal\u00eda debe abrir ya mismo investigaci\u00f3n contra los jefes de Melo, senador Robledo","author":"admin","date":"abril 3, 2019","format":"video","excerpt":"Bogot\u00e1, abril 1 de 2019","rel":"","context":"En \u00abEconom\u00eda\u00bb","block_context":{"text":"Econom\u00eda","link":"https:\/\/moir.com.co\/web\/category\/temas\/economia\/"},"img":{"alt_text":"","src":"","width":0,"height":0},"classes":[]},{"id":17527,"url":"https:\/\/moir.com.co\/web\/video-que-los-jefes-policiales-del-gobierno-duque-persigan-efectivamente-a-los-delincuentes-representante-jorge-gomez\/","url_meta":{"origin":1978,"position":3},"title":"Video: Que los jefes policiales del gobierno Duque persigan efectivamente a los delincuentes, representante Jorge G\u00f3mez","author":"admin","date":"mayo 22, 2019","format":"video","excerpt":"Bogot\u00e1, mayo 21 de 2019","rel":"","context":"En \u00abImperialismo y Neoliberalismo\u00bb","block_context":{"text":"Imperialismo y Neoliberalismo","link":"https:\/\/moir.com.co\/web\/category\/temas\/imperialismo-y-neoliberalismo\/"},"img":{"alt_text":"","src":"","width":0,"height":0},"classes":[]},{"id":2345,"url":"https:\/\/moir.com.co\/web\/la-extradicion-de-los-testigos-y-otros-casos\/","url_meta":{"origin":1978,"position":4},"title":"LA EXTRADICI\u00d3N DE LOS TESTIGOS Y OTROS CASOS","author":"admin","date":"mayo 16, 2008","format":false,"excerpt":"Jorge Enrique Robledo, Bogot\u00e1, 16 de mayo de 2008 El primer suceso de los \u00faltimos d\u00edas fue el destape de la ex congresista Yidis Medina, quien ya se encuentra tras las rejas por haber reconocido que ella y Teodolindo Avenda\u00f1o le dieron el pase a la ley de la reelecci\u00f3n\u2026","rel":"","context":"En \u00abJorge Enrique Robledo\u00bb","block_context":{"text":"Jorge Enrique Robledo","link":"https:\/\/moir.com.co\/web\/category\/jorge-enrique-robledo\/"},"img":{"alt_text":"","src":"","width":0,"height":0},"classes":[]},{"id":3884,"url":"https:\/\/moir.com.co\/web\/tenaza-siniestra\/","url_meta":{"origin":1978,"position":5},"title":"Tenaza siniestra","author":"admin","date":"diciembre 28, 2009","format":false,"excerpt":"Estudi\u00e9 el ins\u00f3lito expediente de la Procuradur\u00eda contra Jorge Enrique Robledo y estoy seguro de que ni el m\u00e1s inquisidor de los abogados habr\u00eda concluido que hay un solo indicio que sindique al senador de tener v\u00ednculos con las Farc. El expediente fue montado misteriosamente con base en un oficio\u2026","rel":"","context":"En \u00abRevista de Prensa\u00bb","block_context":{"text":"Revista de Prensa","link":"https:\/\/moir.com.co\/web\/category\/prensa\/revista-de-prensa\/"},"img":{"alt_text":"","src":"","width":0,"height":0},"classes":[]}],"jetpack_sharing_enabled":true,"_links":{"self":[{"href":"https:\/\/moir.com.co\/web\/wp-json\/wp\/v2\/posts\/1978","targetHints":{"allow":["GET"]}}],"collection":[{"href":"https:\/\/moir.com.co\/web\/wp-json\/wp\/v2\/posts"}],"about":[{"href":"https:\/\/moir.com.co\/web\/wp-json\/wp\/v2\/types\/post"}],"author":[{"embeddable":true,"href":"https:\/\/moir.com.co\/web\/wp-json\/wp\/v2\/users\/1"}],"replies":[{"embeddable":true,"href":"https:\/\/moir.com.co\/web\/wp-json\/wp\/v2\/comments?post=1978"}],"version-history":[{"count":0,"href":"https:\/\/moir.com.co\/web\/wp-json\/wp\/v2\/posts\/1978\/revisions"}],"wp:attachment":[{"href":"https:\/\/moir.com.co\/web\/wp-json\/wp\/v2\/media?parent=1978"}],"wp:term":[{"taxonomy":"category","embeddable":true,"href":"https:\/\/moir.com.co\/web\/wp-json\/wp\/v2\/categories?post=1978"},{"taxonomy":"post_tag","embeddable":true,"href":"https:\/\/moir.com.co\/web\/wp-json\/wp\/v2\/tags?post=1978"}],"curies":[{"name":"wp","href":"https:\/\/api.w.org\/{rel}","templated":true}]}}