{"id":1970,"date":"2007-05-28T12:36:13","date_gmt":"2007-05-28T12:36:13","guid":{"rendered":"https:\/\/moir.org.co\/web\/consolidemos-la-movilizacion-y-profundicemos-la-protesta\/"},"modified":"2007-05-28T12:36:13","modified_gmt":"2007-05-28T12:36:13","slug":"consolidemos-la-movilizacion-y-profundicemos-la-protesta","status":"publish","type":"post","link":"https:\/\/moir.com.co\/web\/consolidemos-la-movilizacion-y-profundicemos-la-protesta\/","title":{"rendered":"CONSOLIDEMOS LA MOVILIZACI\u00d3N Y PROFUNDICEMOS LA PROTESTA"},"content":{"rendered":"<p><strong><span>Encuentro Nacional Multiestamentario, Universidad  Nacional, Bogot\u00e1, mayo 27 de 2007<\/span><\/strong><\/p>\n<p><span>Con la participaci\u00f3n de m\u00e1s de 400 representantes de 24  universidades p\u00fablicas y 8 privadas, se llev\u00f3 a cabo el Encuentro Nacional  Multiestamentario en el Auditorio Le\u00f3n de Greiff de la Universidad Nacional, no  obstante el hostigamiento de la fuerza p\u00fablica que, siguiendo las orientaciones  de las directivas universitarias y de los Ministros del Interior, de Defensa y  de Educaci\u00f3n, cerraron los accesos al Alma Mater para impedir el ingreso de los  participantes a las instalaciones donde se realiz\u00f3 el certamen, constri\u00f1endo el  derecho de reuni\u00f3n y de organizaci\u00f3n.\u00a0<\/span><\/p>\n<p><span>Los informes presentados indican que el movimiento  universitario avanza en extensi\u00f3n y beligerancia, ratificando la decisi\u00f3n de  enfrentar, mediante las acciones de movilizaci\u00f3n, la agresiva pol\u00edtica del  gobierno de \u00c1lvaro Uribe V\u00e9lez contra la Educaci\u00f3n P\u00fablica, expresada hoy d\u00eda en  el acto legislativo que modifica la cuant\u00eda de las transferencias a los entes  territoriales reduci\u00e9ndolas, en relaci\u00f3n con el mandato original de la  constituci\u00f3n nacional, y en el Plan Nacional de Desarrollo.\u00a0<\/span><\/p>\n<p><span>Las pretensiones de ahondar el control acad\u00e9mico de los  programas de formaci\u00f3n mediante la imposici\u00f3n del sistema de las competencias y  su evaluaci\u00f3n mediante los ECAES y el observatorio laboral; el \u00e9nfasis en la  formaci\u00f3n t\u00e9cnica y tecnol\u00f3gica en detrimento del nivel profesional; la  imposici\u00f3n de contribuciones a los egresados de las universidades p\u00fablicas; el  plazo de dos a\u00f1os para que las universidades efect\u00faen ajustes institucionales en  sus estructuras financieras y de costos, as\u00ed como la imposici\u00f3n de la  concurrencia de las universidades con sus recursos para atender los pasivos  pensionales que debe cubrir el gobierno central, se constituyen en los elementos  medulares que, entre otros, est\u00e1n contenidos en el Plan Nacional de Desarrollo y  atentan contra la autonom\u00eda universitaria, deterioran su calidad y se  constituyen en un avance en la tendencia creciente de reemplazar la financiaci\u00f3n  estatal de las universidades p\u00fablicas por la privatizaci\u00f3n, en sus diversas  modalidades.\u00a0<\/span><\/p>\n<p><span>Teniendo en cuenta las formidables movilizaciones llevadas  a cabo el pasado 23 de mayo en las dferentes regiones del pa\u00eds y en la capital  de la rep\u00fablica, as\u00ed como la existencia de asambleas permanentes en la mayor\u00eda  de las universidades y el vigoroso movimiento adelantado por FECODE y la  comunidad educativa, se acordaron las siguientes decisiones:\u00a0<\/span><\/p>\n<ol style=\"margin-top: 0cm; margin-bottom: 0cm\">\n<li class=\"MsoNormal\"><span>Denunciar la persecuci\u00f3n y la falta  \tde garant\u00edas para el ejercicio de los derechos de organizaci\u00f3n, de  \tmovilizaci\u00f3n y de protesta.<\/span><\/li>\n<li class=\"MsoNormal\"><span>Ratificar el pliego de peticiones  \tacordado y difundido, el pasado 14 de mayo, por la Coordinaci\u00f3n Nacional  \tMultiestamentaria.<\/span><\/li>\n<li class=\"MsoNormal\"><span>Promover y construir un Frente  \tCom\u00fan en Defensa de la Educaci\u00f3n P\u00fablica.<\/span><\/li>\n<li class=\"MsoNormal\"><span>Mantener y extender las asambleas  \tpermanentes a la totalidad de las universidades del pa\u00eds.<\/span><\/li>\n<li class=\"MsoNormal\"><span>Realizar una jornada nacional de  \tmovilizaciones en defensa del derecho a la educaci\u00f3n y de la educaci\u00f3n  \tp\u00fablica, el d\u00eda 30 de mayo.<\/span><\/li>\n<li class=\"MsoNormal\"><span>Participar en la toma de Bogot\u00e1  \tconvocada por FECODE y la comunidad educativa para el d\u00eda 30 de mayo.<\/span><\/li>\n<li class=\"MsoNormal\"><span>Promover y llevar a cabo jornadas  \tde movilizaci\u00f3n los d\u00edas 7 y 8 de junio.<\/span><\/li>\n<li class=\"MsoNormal\"><span>Realizar un Encuentro Nacional  \tMultiestamentario los d\u00edas 16 y 17 de junio.<\/span><\/li>\n<li class=\"MsoNormal\"><span>Invitar a la Gran Coalici\u00f3n  \tDemocr\u00e1tica, a los alcaldes y gobernadores, y a la poblaci\u00f3n en general, a  \tlos diputados y concejales, a integrarse con decisi\u00f3n a las movilizaciones  \tque se est\u00e1n desarrollando contra reforma de las transferencias, el Plan  \tNacional de Desarrollo y la aprobaci\u00f3n del TLC.<\/span><\/li>\n<\/ol>\n","protected":false},"excerpt":{"rendered":"<p>Encuentro Nacional Multiestamentario, Universidad Nacional, Bogot\u00e1, mayo 27 de 2007 Con la participaci\u00f3n de m\u00e1s de 400 representantes de 24 universidades p\u00fablicas y 8 privadas, se llev\u00f3 a cabo el Encuentro Nacional Multiestamentario en el Auditorio Le\u00f3n de Greiff de la Universidad Nacional, no obstante el hostigamiento de la fuerza p\u00fablica que, siguiendo las orientaciones [&hellip;]<\/p>\n","protected":false},"author":1,"featured_media":0,"comment_status":"open","ping_status":"open","sticky":false,"template":"","format":"standard","meta":{"advanced_seo_description":"","jetpack_seo_html_title":"","jetpack_seo_noindex":false,"_jetpack_memberships_contains_paid_content":false,"footnotes":""},"categories":[7],"tags":[],"class_list":["post-1970","post","type-post","status-publish","format-standard","hentry","category-pronunciamientos-de-organizaciones-sociales"],"jetpack_featured_media_url":"","jetpack-related-posts":[{"id":1055,"url":"https:\/\/moir.com.co\/web\/declaracion-del-encuentro-nacional-universitario-de-emergencia-multiestamentario\/","url_meta":{"origin":1970,"position":0},"title":"DECLARACI\u00d3N DEL ENCUENTRO NACIONAL UNIVERSITARIO DE EMERGENCIA MULTIESTAMENTARIO","author":"admin","date":"octubre 31, 2004","format":false,"excerpt":"Bogot\u00e1 D.C., Noviembre 6 de 2004 La pol\u00edtica neoliberal continuada y agenciada por el presidente \u00c1lvaro Uribe V\u00e9lez, que se viene concretando en la Ley 812 de 2003 o Plan Nacional de Desarrollo 2002-2006 que aprob\u00f3 su propuesta de Revoluci\u00f3n Educativa y de la cual se derivan normas reglamentarias como\u2026","rel":"","context":"En \u00abPronunciamientos de Organizaciones Sociales\u00bb","block_context":{"text":"Pronunciamientos de Organizaciones Sociales","link":"https:\/\/moir.com.co\/web\/category\/pronunciamientos-de-organizaciones-sociales\/"},"img":{"alt_text":"","src":"","width":0,"height":0},"classes":[]},{"id":3694,"url":"https:\/\/moir.com.co\/web\/convocatoria-al-encuentro-multiestamentario-de-emergencia\/","url_meta":{"origin":1970,"position":1},"title":"CONVOCATORIA AL ENCUENTRO MULTIESTAMENTARIO DE EMERGENCIA","author":"admin","date":"octubre 29, 2009","format":false,"excerpt":"PRESENTACI\u00d3N: Luego de m\u00faltiples valoraciones sobre la aguda crisis de la universidad p\u00fablica colombiana, los universitarios asumimos con coherencia y dignidad, la preparaci\u00f3n de un escenario de levantamiento que se configur\u00f3 en cuatro d\u00edas de movilizaciones en 18 universidades p\u00fablicas y en m\u00e1s de 8 universidades privadas del pa\u00eds. Del\u2026","rel":"","context":"Entrada similar","block_context":{"text":"Entrada similar","link":""},"img":{"alt_text":"","src":"","width":0,"height":0},"classes":[]},{"id":1252,"url":"https:\/\/moir.com.co\/web\/jueves-22-de-septiembre-jornada-nacional-universitaria\/","url_meta":{"origin":1970,"position":2},"title":"JUEVES 22 DE SEPTIEMBRE: JORNADA NACIONAL UNIVERSITARIA,","author":"admin","date":"agosto 27, 2005","format":false,"excerpt":"El Comit\u00e9 Nacional de Coordinaci\u00f3n de la MULTIESTAMENTARIA, reunido el lunes 5 de septiembre, recogiendo las conclusiones de las reuniones nacionales previas de cada uno de los estamentos, aprob\u00f3 las siguientes tareas: 1. Continuar las consultas sobre el TLC, hasta el mes de octubre, en las fechas, tentativamente acordadas, en\u2026","rel":"","context":"En \u00abPronunciamientos de Organizaciones Sociales\u00bb","block_context":{"text":"Pronunciamientos de Organizaciones Sociales","link":"https:\/\/moir.com.co\/web\/category\/pronunciamientos-de-organizaciones-sociales\/"},"img":{"alt_text":"","src":"","width":0,"height":0},"classes":[]},{"id":1054,"url":"https:\/\/moir.com.co\/web\/a-defender-la-red-publica-hospitalaria-del-magdalena-y-el-hospital-central-de-santa-marta\/","url_meta":{"origin":1970,"position":3},"title":"\u00a1A DEFENDER  LA RED P\u00daBLICA HOSPITALARIA DEL MAGDALENA Y EL HOSPITAL CENTRAL DE SANTA MARTA!","author":"admin","date":"octubre 29, 2004","format":false,"excerpt":"Bogot\u00e1 D.C., Noviembre 6 de 2004 La pol\u00edtica neoliberal continuada y agenciada por el presidente \u00c1lvaro Uribe V\u00e9lez, que se viene concretando en la Ley 812 de 2003 o Plan Nacional de Desarrollo 2002-2006 que aprob\u00f3 su propuesta de Revoluci\u00f3n Educativa y de la cual se derivan normas reglamentarias como\u2026","rel":"","context":"En \u00abPronunciamientos de Organizaciones Sociales\u00bb","block_context":{"text":"Pronunciamientos de Organizaciones Sociales","link":"https:\/\/moir.com.co\/web\/category\/pronunciamientos-de-organizaciones-sociales\/"},"img":{"alt_text":"","src":"","width":0,"height":0},"classes":[]},{"id":1145,"url":"https:\/\/moir.com.co\/web\/por-la-defensa-de-la-universidad-publica-paro-nacional-universitario\/","url_meta":{"origin":1970,"position":4},"title":"POR LA DEFENSA DE LA UNIVERSIDAD P\u00daBLICA, PARO NACIONAL UNIVERSITARIO","author":"admin","date":"abril 4, 2005","format":false,"excerpt":"Multiestamentaria Nacional Universitaria y Coordinadora Nacional de Estudiantes Universitarios, abril 13 de 2005 El Comit\u00e9 Nacional de Coordinaci\u00f3n de la Multiestamentaria reunido en Bogot\u00e1 el pasado 1\u00ba de Abril de 2005, evalu\u00f3 positivamente la II Jornada Nacional por la defensa de la Universidad P\u00fablica realizada el 30 de Marzo y\u2026","rel":"","context":"En \u00abPronunciamientos de Organizaciones Sociales\u00bb","block_context":{"text":"Pronunciamientos de Organizaciones Sociales","link":"https:\/\/moir.com.co\/web\/category\/pronunciamientos-de-organizaciones-sociales\/"},"img":{"alt_text":"","src":"","width":0,"height":0},"classes":[]},{"id":1064,"url":"https:\/\/moir.com.co\/web\/por-la-salvacion-de-la-universidad-del-atlantico\/","url_meta":{"origin":1970,"position":5},"title":"\u00a1POR LA SALVACI\u00d3N DE LA UNIVERSIDAD DEL ATL\u00c1NTICO!","author":"admin","date":"noviembre 11, 2004","format":false,"excerpt":"El actual desbarajuste de la Universidad del Atl\u00e1ntico obedece a la aplicaci\u00f3n por m\u00e1s de diez a\u00f1os del programa de debilitamiento y privatizaci\u00f3n propiciado por los \u00faltimos gobiernos bajo la ense\u00f1a del modelo neoliberal, cuya expresi\u00f3n la encontramos en el abandono financiero estatal y la imposici\u00f3n del esquema de autofinanciaci\u00f3n,\u2026","rel":"","context":"En \u00abJuventud Patri\u00f3tica\u00bb","block_context":{"text":"Juventud Patri\u00f3tica","link":"https:\/\/moir.com.co\/web\/category\/juventud-patriotica\/"},"img":{"alt_text":"","src":"","width":0,"height":0},"classes":[]}],"jetpack_sharing_enabled":true,"_links":{"self":[{"href":"https:\/\/moir.com.co\/web\/wp-json\/wp\/v2\/posts\/1970","targetHints":{"allow":["GET"]}}],"collection":[{"href":"https:\/\/moir.com.co\/web\/wp-json\/wp\/v2\/posts"}],"about":[{"href":"https:\/\/moir.com.co\/web\/wp-json\/wp\/v2\/types\/post"}],"author":[{"embeddable":true,"href":"https:\/\/moir.com.co\/web\/wp-json\/wp\/v2\/users\/1"}],"replies":[{"embeddable":true,"href":"https:\/\/moir.com.co\/web\/wp-json\/wp\/v2\/comments?post=1970"}],"version-history":[{"count":0,"href":"https:\/\/moir.com.co\/web\/wp-json\/wp\/v2\/posts\/1970\/revisions"}],"wp:attachment":[{"href":"https:\/\/moir.com.co\/web\/wp-json\/wp\/v2\/media?parent=1970"}],"wp:term":[{"taxonomy":"category","embeddable":true,"href":"https:\/\/moir.com.co\/web\/wp-json\/wp\/v2\/categories?post=1970"},{"taxonomy":"post_tag","embeddable":true,"href":"https:\/\/moir.com.co\/web\/wp-json\/wp\/v2\/tags?post=1970"}],"curies":[{"name":"wp","href":"https:\/\/api.w.org\/{rel}","templated":true}]}}