{"id":1969,"date":"2007-05-25T22:17:43","date_gmt":"2007-05-25T22:17:43","guid":{"rendered":"https:\/\/moir.org.co\/web\/junto-al-pueblo-colombiano-los-obreros-del-carbon-derrotaremos-el-recorte-a-las-transferencias\/"},"modified":"2007-05-25T22:17:43","modified_gmt":"2007-05-25T22:17:43","slug":"junto-al-pueblo-colombiano-los-obreros-del-carbon-derrotaremos-el-recorte-a-las-transferencias","status":"publish","type":"post","link":"https:\/\/moir.com.co\/web\/junto-al-pueblo-colombiano-los-obreros-del-carbon-derrotaremos-el-recorte-a-las-transferencias\/","title":{"rendered":"JUNTO AL PUEBLO COLOMBIANO LOS OBREROS DEL CARB\u00d3N DERROTAREMOS EL RECORTE A LAS TRANSFERENCIAS"},"content":{"rendered":"<p><strong><span>Junta Directiva Nacional Sintracarb\u00f3n, mayo 25 de 2007<\/span><\/strong><\/p>\n<p><span>Como producto de la aplicaci\u00f3n del modelo neoliberal de  apertura, privatizaciones y flexibilizaci\u00f3n de las leyes laborales, Colombia  esta atravesando por su peor crisis hist\u00f3rica. La cual ha significado la quiebra  de la producci\u00f3n nacional, la privatizaci\u00f3n de las empresas del Estado al igual  que los servicios p\u00fablicos, la disminuci\u00f3n de los ingresos de los trabajadores,  situaci\u00f3n que se agravar\u00e1 aun m\u00e1s con la aprobaci\u00f3n del TLC con EU.\u00a0<\/span><\/p>\n<p><span>No obstante lo anterior, el gobierno de \u00c1lvaro Uribe  V\u00e9lez, al igual que el de Pastrana, y por recomendaci\u00f3n del Fondo Monetario  Internacional pretende reformar la Constituci\u00f3n Nacional, en materia de  transferencias. Con dicha reforma, se pretende recortar en los pr\u00f3ximos 8 a\u00f1os,  a las los departamentos y municipios la suma de 52 billones de pesos, en  particular La Guajira, perder\u00eda la no despreciable suma de 430.000 millones de  pesos, dineros estos que le ser\u00e1n raponeados a la educaci\u00f3n, a la salud y al  saneamiento b\u00e1sico de la inmensa mayor\u00eda de los colombianos.\u00a0<\/span><\/p>\n<p><span>De aprobarse esta reforma constitucional en educaci\u00f3n se  generalizar\u00e1n los llamados subsidios a la demanda, los cuales significan la  supresi\u00f3n de la financiaci\u00f3n adecuada para entregar los establecimientos  educativos al sector privado y ceder toda la responsabilidad en materia  educativa a unos municipios totalmente quebrados. Esta pol\u00edtica ya fue ensayada  en el servicio de salud trayendo como resultado la quiebra de hospitales y en  ultimas la desaparici\u00f3n del sistema de salud p\u00fablica.\u00a0<\/span><\/p>\n<p><span>En desarrollo de estas mismas pol\u00edticas neoliberales, la  gran miner\u00eda del carb\u00f3n, est\u00e1 en manos de inversionistas extranjeros en  particular multinacionales, que han ocasionado graves da\u00f1os al medio ambiente y  desmejoramiento de las condiciones de vida de los trabajadores. Estas minas, a  cielo abierto en Colombia no est\u00e1n clasificadas en pensiones, como de riesgo  m\u00e1ximo. En el Cerrejon existen alrededor de 700 trabajadores enfermos de  diferentes patolog\u00edas, por ello Sintracarbon viene adelantando una lucha para  que la actividad minera sea declarada de alto riesgo y de r\u00e9gimen especial para  pensiones.<\/span><\/p>\n","protected":false},"excerpt":{"rendered":"<p>Junta Directiva Nacional Sintracarb\u00f3n, mayo 25 de 2007 Como producto de la aplicaci\u00f3n del modelo neoliberal de apertura, privatizaciones y flexibilizaci\u00f3n de las leyes laborales, Colombia esta atravesando por su peor crisis hist\u00f3rica. La cual ha significado la quiebra de la producci\u00f3n nacional, la privatizaci\u00f3n de las empresas del Estado al igual que los servicios [&hellip;]<\/p>\n","protected":false},"author":1,"featured_media":0,"comment_status":"open","ping_status":"open","sticky":false,"template":"","format":"standard","meta":{"advanced_seo_description":"","jetpack_seo_html_title":"","jetpack_seo_noindex":false,"_jetpack_memberships_contains_paid_content":false,"footnotes":""},"categories":[7],"tags":[],"class_list":["post-1969","post","type-post","status-publish","format-standard","hentry","category-pronunciamientos-de-organizaciones-sociales"],"jetpack_featured_media_url":"","jetpack-related-posts":[{"id":1602,"url":"https:\/\/moir.com.co\/web\/junto-al-pueblo-colombiano-los-estudiantes-de-secundaria-impediremos-el-recorte-a-las-transferencias\/","url_meta":{"origin":1969,"position":0},"title":"JUNTO AL PUEBLO COLOMBIANO, LOS ESTUDIANTES DE SECUNDARIA IMPEDIREMOS EL RECORTE A LAS TRANSFERENCIAS","author":"admin","date":"enero 26, 2007","format":false,"excerpt":"El pasado mes de septiembre, el gobierno de \u00c1lvaro Uribe V\u00e9lez radic\u00f3 en el Congreso de la Rep\u00fablica el proyecto de Acto Legislativo mediante el cual se reforma nuevamente la Constituci\u00f3n Pol\u00edtica en materia de las transferencias de dineros que la naci\u00f3n debe enviar a los municipios y departamentos para\u2026","rel":"","context":"Entrada similar","block_context":{"text":"Entrada similar","link":""},"img":{"alt_text":"","src":"","width":0,"height":0},"classes":[]},{"id":1959,"url":"https:\/\/moir.com.co\/web\/el-polo-democratico-alternativo-apoya-el-paro-nacional-indefinido-del-magisterio\/","url_meta":{"origin":1969,"position":1},"title":"EL POLO DEMOCR\u00c1TICO ALTERNATIVO APOYA EL PARO NACIONAL INDEFINIDO DEL MAGISTERIO","author":"admin","date":"mayo 15, 2007","format":false,"excerpt":"Bogot\u00e1, mayo 15 de 2007 La Federaci\u00f3n Colombiana de Educadores, FECODE, ha decidido lanzar un paro nacional indefinido del magisterio para el pr\u00f3ximo 23 de mayo del presente a\u00f1o contra la reforma constitucional sobre las transferencias que cursa en el Congreso de la Rep\u00fablica. El Polo Democr\u00e1tico Alternativo apoya la\u2026","rel":"","context":"En \u00abPolo Democr\u00e1tico Alternativo\u00bb","block_context":{"text":"Polo Democr\u00e1tico Alternativo","link":"https:\/\/moir.com.co\/web\/category\/polo-democratico-alternativo\/"},"img":{"alt_text":"","src":"","width":0,"height":0},"classes":[]},{"id":10046,"url":"https:\/\/moir.com.co\/web\/reforma-a-las-transferencias-2016-un-escenario-preocupante-para-los-departamentos\/","url_meta":{"origin":1969,"position":2},"title":"Reforma a las transferencias 2016: un escenario preocupante para los departamentos","author":"admin","date":"marzo 28, 2016","format":false,"excerpt":"En la clausura del Congreso Nacional de Municipios del a\u00f1o en curso, el presidente Juan Manuel Santos expres\u00f3 su intenci\u00f3n de reformar el Sistema General de Participaciones (SGP) se\u00f1alando: \u201ca m\u00ed me correspondi\u00f3 como Ministro de Hacienda la reforma al Sistema de Participaciones y ahora se viene, y ustedes tienen\u2026","rel":"","context":"En \u00abTemas\u00bb","block_context":{"text":"Temas","link":"https:\/\/moir.com.co\/web\/category\/temas\/"},"img":{"alt_text":"","src":"","width":0,"height":0},"classes":[]},{"id":21200,"url":"https:\/\/moir.com.co\/web\/el-nuevo-raponazo-a-las-transferencias\/","url_meta":{"origin":1969,"position":3},"title":"EL NUEVO RAPONAZO A LAS TRANSFERENCIAS","author":"admin","date":"diciembre 10, 2006","format":false,"excerpt":"Ra\u00fal Arroyave, Secretario general de Fecode, Tribuna Roja N\u00ba 104, noviembre 20 de 2006 Andr\u00e9s Pastrana y su ministro Juan Manuel Santos le metieron mano a las transferencias territoriales, para recortarlas y abolir el mandato constitucional de que fueran un porcentaje creciente de los Ingresos Corrientes de la Naci\u00f3n. Tomaron\u2026","rel":"","context":"En \u00abTribuna Roja N\u00ba 104, noviembre 20 de 2006\u00bb","block_context":{"text":"Tribuna Roja N\u00ba 104, noviembre 20 de 2006","link":"https:\/\/moir.com.co\/web\/category\/tribuna-roja\/ediciones-2005-2009\/tribuna-roja-no-104-noviembre-20-de-2006\/"},"img":{"alt_text":"","src":"","width":0,"height":0},"classes":[]},{"id":10134,"url":"https:\/\/moir.com.co\/web\/la-ocde-y-santos-vienen-por-las-transferencias\/","url_meta":{"origin":1969,"position":4},"title":"La OCDE y Santos Vienen por las Transferencias","author":"admin","date":"mayo 6, 2016","format":false,"excerpt":"En medio de una crisis que se profundiza d\u00eda a d\u00eda la \u201cnovedosa\u201d soluci\u00f3n consiste en m\u00e1s de lo mismo, m\u00e1s entrega de la soberan\u00eda, m\u00e1s saqueo de los recursos y del trabajo, m\u00e1s destrucci\u00f3n de la producci\u00f3n nacional, m\u00e1s privatizaciones (Isag\u00e9n, ETB, Ecopetrol), m\u00e1s impuestos a los trabajadores. Como\u2026","rel":"","context":"En \u00abTribuna Magisterial\u00bb","block_context":{"text":"Tribuna Magisterial","link":"https:\/\/moir.com.co\/web\/category\/tribuna-magisterial\/"},"img":{"alt_text":"","src":"","width":0,"height":0},"classes":[]},{"id":19859,"url":"https:\/\/moir.com.co\/web\/contra-el-acto-lefislativo-012-paro-nacional-indefinido-el-15-de-mayo\/","url_meta":{"origin":1969,"position":5},"title":"Contra el Acto Lefislativo 012: PARO NACIONAL INDEFINIDO EL 15 DE MAYO","author":"admin","date":"agosto 10, 2004","format":false,"excerpt":"Por Ra\u00fal Arroyave Arango, fiscal de Fecode Cabalgando en el mentiroso argumento de que todos tenemos que hacer sacrificios, el r\u00e9gimen pastranista ha venido impulsando la aprobaci\u00f3n en el Congreso del proyecto de Acto Legislativo 012 de 2000, en virtud del cual se reforman los art\u00edculos 347, 356 y 357\u2026","rel":"","context":"En \u00abRa\u00fal Arroyave\u00bb","block_context":{"text":"Ra\u00fal Arroyave","link":"https:\/\/moir.com.co\/web\/category\/bitacoras\/raul-arroyave\/"},"img":{"alt_text":"","src":"","width":0,"height":0},"classes":[]}],"jetpack_sharing_enabled":true,"_links":{"self":[{"href":"https:\/\/moir.com.co\/web\/wp-json\/wp\/v2\/posts\/1969","targetHints":{"allow":["GET"]}}],"collection":[{"href":"https:\/\/moir.com.co\/web\/wp-json\/wp\/v2\/posts"}],"about":[{"href":"https:\/\/moir.com.co\/web\/wp-json\/wp\/v2\/types\/post"}],"author":[{"embeddable":true,"href":"https:\/\/moir.com.co\/web\/wp-json\/wp\/v2\/users\/1"}],"replies":[{"embeddable":true,"href":"https:\/\/moir.com.co\/web\/wp-json\/wp\/v2\/comments?post=1969"}],"version-history":[{"count":0,"href":"https:\/\/moir.com.co\/web\/wp-json\/wp\/v2\/posts\/1969\/revisions"}],"wp:attachment":[{"href":"https:\/\/moir.com.co\/web\/wp-json\/wp\/v2\/media?parent=1969"}],"wp:term":[{"taxonomy":"category","embeddable":true,"href":"https:\/\/moir.com.co\/web\/wp-json\/wp\/v2\/categories?post=1969"},{"taxonomy":"post_tag","embeddable":true,"href":"https:\/\/moir.com.co\/web\/wp-json\/wp\/v2\/tags?post=1969"}],"curies":[{"name":"wp","href":"https:\/\/api.w.org\/{rel}","templated":true}]}}