{"id":1904,"date":"2007-03-28T23:00:07","date_gmt":"2007-03-28T23:00:07","guid":{"rendered":"https:\/\/moir.org.co\/web\/declaracion-publica-del-encuentro-nacional-de-organizaciones-agrarias-y-rurales-de-colombia\/"},"modified":"2007-03-28T23:00:07","modified_gmt":"2007-03-28T23:00:07","slug":"declaracion-publica-del-encuentro-nacional-de-organizaciones-agrarias-y-rurales-de-colombia","status":"publish","type":"post","link":"https:\/\/moir.com.co\/web\/declaracion-publica-del-encuentro-nacional-de-organizaciones-agrarias-y-rurales-de-colombia\/","title":{"rendered":"DECLARACI\u00d3N P\u00daBLICA DEL ENCUENTRO NACIONAL DE ORGANIZACIONES AGRARIAS Y RURALES DE COLOMBIA"},"content":{"rendered":"<p><strong><span>Bogot\u00e1, 28 de Marzo de 2007<\/span><\/strong><\/p>\n<p><span>Las organizaciones sociales rurales: campesinas, de  productores, agropecuarios, comunales, sindicales, ind\u00edgenas y afrocolombianas,  reunidas en Bogot\u00e1 el 28 de marzo de 2007, expresamos nuestro p\u00fablico rechazo a  la pol\u00edtica y los proyectos de ley que el gobierno de \u00c1lvaro Uribe V\u00e9lez impone  contra el sector rural y la naci\u00f3n en general, en especial el Tratado de Libre  Comercio TLC con Estados Unidos, los proyectos de ley de Estatuto Rural y la  reducci\u00f3n de las transferencias a los departamentos, municipios y resguardos  ind\u00edgenas.\u00a0<\/span><\/p>\n<p>D<span>esde hace a\u00f1os han sido nefastas para el sector rural  las pol\u00edticas de los diversos gobiernos neoliberales: importaci\u00f3n de alimentos,  desmonte de entidades de fomento agr\u00edcola, expulsi\u00f3n de poblaci\u00f3n rural,  desarticulaci\u00f3n de mercados locales y regionales, desconocimiento del  campesinado, y entrega de sectores estrat\u00e9gicos de la naci\u00f3n a manos del capital  multinacional. Con la firma del TLC el gobierno de \u00c1lvaro Uribe V\u00e9lez perpet\u00faa  estas pol\u00edticas incrementando los perjuicios a la abrumadora mayor\u00eda de los  compatriotas y, en alto grado, a los agricultores y comunidades rurales. El  Tratado consagra cientos de disposiciones que menoscaban la soberan\u00eda nacional,  los derechos fundamentales, la econom\u00eda, la cultura, la territorialidad y el  ordenamiento social de las comunidades y en beneficio de los intereses de  Empresas Transnacionales y de un pu\u00f1ado de agroindustrias vinculadas a ellas.\u00a0<\/span><\/p>\n<p><strong><span>El TLC<\/span><\/strong><\/p>\n<p><span>En las negociaciones el gobierno entreg\u00f3 a las grandes  comercializadoras internacionales el monopolio para la importaci\u00f3n de los  principales productos agropecuarios vitales para la dieta y la cultura  alimentaria nacional: cereales, oleaginosas, fr\u00edjol, frutas y hortalizas.  Accedi\u00f3 a corto plazo, a sentenciar la muerte de la avicultura, la porcicultura,  exponiendo adem\u00e1s a la ruina a los productores de l\u00e1cteos y carnes. En franca  violaci\u00f3n del art\u00edculo 65 de <\/span><span>la Constituci\u00f3n<\/span><span>  Nacional<\/span><span> (el cual exige la debida protecci\u00f3n a la  producci\u00f3n de alimentos), se pacta el despojo de los productores y productoras  rurales y se viola <\/span><span>LA SOBERANIA<\/span><span>  Y<\/span><span> <\/span><span>LA SEGURIDAD<\/span><span>  ALIMENTARIA<\/span><span> colombiana. Tan pronto rija el TLC,  Estados Unidos podr\u00e1 ingresar, sin pagar impuestos de aduana y a precios por  debajo del costo de producci\u00f3n, 4\u2019700.000 toneladas de productos agropecuarios;  increment\u00e1ndose anualmente este proceso por tiempo indefinido. A cambio, a los  productores nacionales se nos ofrece el acceso al mercado norteamericano de  69.000 toneladas de az\u00facar, l\u00e1cteos y tabaco. En el Tratado se definen  prioridades y se establecen mecanismos para la inversi\u00f3n extranjera en servicios  p\u00fablicos como el agua; se privatiza el conocimiento y la cultura mediante normas  de propiedad intelectual y patentes, cobijando la producci\u00f3n y provisi\u00f3n de  insumos, semillas, plantas, genes, medicamentos humanos y veterinarios. En  escandaloso refuerzo de esta pol\u00edtica, una reforma reciente del C\u00f3digo Penal  sanciona con multas y c\u00e1rcel, entre 4 y 8 a\u00f1os a quienes, por ejemplo,  multipliquen o usen semillas patentadas por las trasnacionales. \u00a0<\/span><\/p>\n<p><strong><span>Proyectos de Ley<\/span><\/strong><\/p>\n<p><span>El gobierno, en consonancia con su empe\u00f1o de acabar con  la producci\u00f3n de alimentos, ha presentado al Congreso el proyecto de Estatuto  Rural, s\u00edmbolo de la m\u00e1s regresiva ley agraria en la historia contempor\u00e1nea de  Colombia. Con \u00e9l pretende intervenir el territorio favoreciendo a los sectores  sociales que han accedido a la propiedad de la tierra a trav\u00e9s de medios  violentos, en tanto posibilita la legalizaci\u00f3n de escrituras fabricadas mediante  diligencias notariales, legitimando el despojo de la tierra a la gente  laboriosa. Lo propuesto genera conflicto entre muchas otras cosas, con t\u00edtulos  originarios otorgados por el Estado, como los de los resguardos, los territorios  colectivos afrocolombianos y las titulaciones a colonos, al igual que impide  resolver la demanda hist\u00f3rica de tierras para campesinos e ind\u00edgenas. En cambio,  propicia la asignaci\u00f3n a grandes empresas inversionistas nacionales y  extranjeras de millones de hect\u00e1reas y terrenos bald\u00edos, orientando adem\u00e1s la  inversi\u00f3n de los recursos p\u00fablicos del presupuesto nacional hacia grandes  agronegocios como agrocombustibles, explotaciones madereras y ganaderas. Como  sujetos del apoyo estatal, consagra fundamentalmente a los grandes  inversionistas nacionales y extranjeros, en detrimento de la poblaci\u00f3n, de los  ecosistemas y de la cultura rural colombiana.\u00a0<\/span><\/p>\n<p><span>El Estatuto, impropiamente calificado como \u201crural\u201d, no  establece ning\u00fan programa concreto para fomentar la producci\u00f3n de alimentos. No  brinda apoyo a los productores que actualmente abastecen al pa\u00eds, ni financia a  la peque\u00f1a industria de procesamiento que pueda atender la poblaci\u00f3n que sufre  de insuficiencia alimentaria y que representa el 43% de los hogares del campo y  la ciudad. Es evidente que con estas pol\u00edticas no se conjurar\u00e1 la ruina desatada  en las \u00e1reas rurales y sus dem\u00e1s secuelas y obligar\u00e1 a cada vez m\u00e1s familias a  depender de cultivos de uso il\u00edcito, a las cuales se seguir\u00e1 tratando con m\u00e1s  fumigaciones con glifosato, financiadas por el Plan Colombia. \u00a0<\/span><\/p>\n<p><span>Como carnada para incautos, el gobierno promueve el  proyecto que con desfachatez ha denominado \u201cAgro Ingreso Seguro\u201d, ofreciendo  pr\u00e9stamos para la \u201creconversi\u00f3n\u201d de los cultivos transitorios hacia cultivos  tropicales para exportaci\u00f3n; prometiendo insignificantes apoyos a los sectores  productivos perdedores, con la evidente intenci\u00f3n de comprar las conciencias de  los dirigentes gremiales y ganar clientelas pol\u00edticas. Anteriormente, fue  aprobada en el Congreso la ley Forestal y se presentar\u00e1 de nuevo el proyecto de  ley de Aguas, orientados ambos a privatizar el Patrimonio Ambiental y la  prestaci\u00f3n del servicio de agua potable y a enajenar el territorio de las  comunidades, de la peque\u00f1a miner\u00eda y el ambiente. El modelo rural que se  promueve se traducir\u00e1 en la expulsi\u00f3n de millones de colombianos de sus tierras  en especial de los m\u00e1s vulnerables. Para imponerlo, el gobierno recurre a la  demagogia y apela a la represi\u00f3n bajo el subterfugio de <\/span> <span>la Seguridad<\/span><span> Democr\u00e1tica.<\/span><\/p>\n<p><strong>L<span>ey de Transferencias y de Presupuesto<\/span><\/strong><\/p>\n<p><span>Para colmo de males, en lugar de satisfacer las  necesidades b\u00e1sicas vitales de la salud, educaci\u00f3n, vivienda y asistencia  t\u00e9cnica agropecuaria, el gobierno tramita la reforma constitucional para reducir  las Participaciones o Transferencias a las regiones, municipios y Resguardos  Ind\u00edgenas. Simult\u00e1neamente, se promueve la modificaci\u00f3n del Estatuto de  Presupuesto General de <\/span><span>la Naci\u00f3n<\/span><span>,  en aras de fortalecer el Ejecutivo.\u00a0<\/span><\/p>\n<p><span>Por la dignidad nacional, marchamos hasta el Congreso de <\/span><span>la Rep\u00fablica<\/span><span> para  demandarle que se niegue a aprobar el TLC, el Estatuto Rural, la reducci\u00f3n de  las Transferencias y de los otros proyectos de ley que lesionan los intereses de  la naci\u00f3n y de los pobladores y productores rurales. Para rechazarlos, en  concordancia con el Mandato Agrario, el Mandato Ind\u00edgena y Popular y los otros  programas y plataformas de lucha de las distintas organizaciones abajo  firmantes, llamamos a la sociedad Colombiana y en especial a los campesinos,  jornaleros y trabajadores agr\u00edcolas, comunidades ind\u00edgenas y afrocolombianas y a  los productores y productoras nacionales agropecuarios, sin distingo, para que  se unan a la agenda de Resistencia Civil y Movilizaci\u00f3n que se ha acordado entre  los sectores democr\u00e1ticos de la sociedad. \u00a0<\/span><\/p>\n<p><span>* ACIA<\/span><\/p>\n<p><span>* ACIN<\/span><\/p>\n<p><span>* ADEMUCIS<\/span><\/p>\n<p><span>* AGAMETA<\/span><\/p>\n<p><span>* AGROPEMCA<\/span><\/p>\n<p><span>* ANMUCIC<\/span><\/p>\n<p><span>* ANMUCIC \u2013 BOYAC\u00c1, ATL\u00c1NTICO, SUCRE, SANTANDER, QUINDIO,  CALDAS, CUNDINAMARCA, VALLE, META, TOLIMA, HUILA, NARI\u00d1O<\/span><\/p>\n<p><span>* AMOSIC<\/span><\/p>\n<p><span>* ANUC<\/span><\/p>\n<p><span>* ANUC-UR<\/span><\/p>\n<p><span>* APEMECAFE<\/span><\/p>\n<p><span>* AROMACOL \u2013 El Colegio, Cundinamarca<\/span><\/p>\n<p><span>* ASENCO &#8211; SUCRE<\/span><\/p>\n<p><span>* ASOAGROPAL<\/span><\/p>\n<p><span>* ASOTRAMIDMA\u00a0 Curuman\u00ed<\/span><\/p>\n<p><span>* ASOCIACION AGROPECUARIA Y MINERA DE COLOMBIA\u00a0  ASOAGROMICOL &#8211; Curuman\u00ed<\/span><\/p>\n<p><span>* ASOCIACION NACIONAL DE PRODUCTORES DE TRIGO<\/span><\/p>\n<p><span>* ASOCIACION NACIONAL POR <\/span><span>LA  SALVACION<\/span><span> AGROPECUARIA<\/span><\/p>\n<p><span>* ASOCIACION DE PROTECTORES DE AGUA-ASOPROAGUA<\/span><\/p>\n<p><span>* ASOCIACION DE JUNTAS COMUNALES DE SAN JOS\u00c9 DE <\/span> <span>LA FRAGUA<\/span><\/p>\n<p><span>* ASOCIACION AIAPAC-CODAZI<\/span><\/p>\n<p><span>* ASOCIACION INTERDEPARTAMENTAL DE DESPLAZADAS Y  VULNERABLES INDEVUL<\/span><\/p>\n<p><span>* ASOCIACION DE USUARIOS DEL ACUEDUCTO REGIONAL DE  CALDAS<\/span><\/p>\n<p><span>* ASOCIACION DE FAMILIAS CAMPESINAS DE TAMESIS \u2013 BIABUMA<\/span><\/p>\n<p><span>* ASOCIACION DE ORGANIZACIONES CAMPESINAS Y POPULARES  CAMPESINAS Y POPULARES DE COLOMBIA \u2013 EL COMUN<\/span><\/p>\n<p><span>* ASOAGROPECURO \u2013 CURUMAN\u00cd<\/span><\/p>\n<p><span>* CABILDO VERDE DE MOGOTES<\/span><\/p>\n<p><span>* CABILDO MAYOR IND\u00cdGENA EMBERA \u2013 CHAM\u00cd Quinch\u00eda<\/span><\/p>\n<p><span>* CECOIN<\/span><\/p>\n<p><span>* CENSAT \u2013 AGUA VIVA<\/span><\/p>\n<p><span>* CONSCIENCIA CR\u00cdTICA AMBIENTAL<\/span><\/p>\n<p><span>* CONVERGENCIA CAMPESINA, NEGRA E INDIGENA Y DE COLOMBIA<\/span><\/p>\n<p><span>* COMIT\u00c9 DE INTERLOCUCI\u00d3N CAMPESINO Y COMUNAL<\/span><\/p>\n<p><span>* COORDINACION NACIONAL DE DESPLAZADOS CND<\/span><\/p>\n<p><span>* COOPERATIVA COMERCIALIZADORA DE VILLANUEVA<\/span><\/p>\n<p><span>* COOPERATIVA DE ALGODONEROS DEL OCCIDENTE DE ANTIOQUIA<\/span><\/p>\n<p><span>* CONFEDERACION NACIONAL DE ACCION COMUNAL<\/span><\/p>\n<p><span>* COORDINADOR NACIONAL AGRARIO \u2013 C.N.A.<\/span><\/p>\n<p><span>* COORPORACI\u00d3N COMPROMISO<\/span><\/p>\n<p><span>* FEDEAC \u2013 Universidad de Cundinamarca<\/span><\/p>\n<p><span>* EMPRESA COOPERATIVA DEL SUR DEL CAUCA-COSURCA<\/span><\/p>\n<p><span>* FEDERACION DE PRODUCTORES DE FRUTAS Y HORTALIZAS DEL  CAUCA<\/span><\/p>\n<p><span>* FEDETABACO \u2013 SAN GIL<\/span><\/p>\n<p><span>* FENACOA<\/span><\/p>\n<p><span>* FENSUAGRO<\/span><\/p>\n<p><span>* GRUPO SEMILLAS<\/span><\/p>\n<p><span>* ILSA<\/span><\/p>\n<p><span>* MOVIMIENTO COMUNAL Y COMUNITARIO<\/span><\/p>\n<p><span>* ORGANIZACI\u00d3N NACIONAL INDIGENA DE COLOMBIA ONIC<\/span><\/p>\n<p><span>* ORGANIZACIONES CAMPESINAS DE <\/span> <span>LA CGT<\/span><span>: ACC-FANAL \u2013  ASOCIACIONES DEPARTAMENTALES DE USUARIOS CAMPESINOS (ADUC) DE CALDAS, TOLIMA,  ANTIOQUIA, CHOC\u00d3, CUNDINAMARCA Y QUINDIO. <\/span><\/p>\n<p><span>* PROCESO DE COMUNIDADES NEGRAS<\/span><\/p>\n<p><span>* PROYECTO PLANETA PAZ<\/span><\/p>\n<p><span>* SINALTRACORPOICA<\/span><\/p>\n<p><span>* SINTRAINCODER<\/span><\/p>\n<p><span>* SINTRAPROFISAN<\/span><\/p>\n<p><span>* SINALTRAINAL <\/span><\/p>\n<p><span>* SINTRAPALMA<\/span><\/p>\n<p><span>* UNIDAD CAFETERA<\/span><\/p>\n<p><span>* UNIDAD PANELERA<\/span><\/p>\n<p><span>* ASPROINCA \u2013 RIOSUCIO<\/span><\/p>\n","protected":false},"excerpt":{"rendered":"<p>Bogot\u00e1, 28 de Marzo de 2007 Las organizaciones sociales rurales: campesinas, de productores, agropecuarios, comunales, sindicales, ind\u00edgenas y afrocolombianas, reunidas en Bogot\u00e1 el 28 de marzo de 2007, expresamos nuestro p\u00fablico rechazo a la pol\u00edtica y los proyectos de ley que el gobierno de \u00c1lvaro Uribe V\u00e9lez impone contra el sector rural y la naci\u00f3n [&hellip;]<\/p>\n","protected":false},"author":1,"featured_media":0,"comment_status":"open","ping_status":"open","sticky":false,"template":"","format":"standard","meta":{"advanced_seo_description":"","jetpack_seo_html_title":"","jetpack_seo_noindex":false,"_jetpack_memberships_contains_paid_content":false,"footnotes":""},"categories":[7],"tags":[],"class_list":["post-1904","post","type-post","status-publish","format-standard","hentry","category-pronunciamientos-de-organizaciones-sociales"],"jetpack_featured_media_url":"","jetpack-related-posts":[{"id":1518,"url":"https:\/\/moir.com.co\/web\/declaracion-publica-sobre-el-proyecto-de-ley-gubernamental-de-estatuto-de-desarrollo-rural\/","url_meta":{"origin":1904,"position":0},"title":"DECLARACI\u00d3N PUBLICA SOBRE EL PROYECTO DE LEY GUBERNAMENTAL  DE  ESTATUTO DE DESARROLLO RURAL","author":"admin","date":"octubre 9, 2006","format":false,"excerpt":"Bogot\u00e1, octubre 10 de 2006 Las organizaciones campesinas, ind\u00edgenas, afrocolombianas, agrarias, sociales, ambientales, populares, de mujeres y sindicales que suscribimos la presente declaraci\u00f3n: Denunciamos los alcances regresivos y antidemocr\u00e1ticos del proyecto gubernamental de Ley de Desarrollo Rural que actualmente se debate en la Comisi\u00f3n V del Senado de la Rep\u00fablica\u2026","rel":"","context":"En \u00abPronunciamientos de Organizaciones Sociales\u00bb","block_context":{"text":"Pronunciamientos de Organizaciones Sociales","link":"https:\/\/moir.com.co\/web\/category\/pronunciamientos-de-organizaciones-sociales\/"},"img":{"alt_text":"","src":"","width":0,"height":0},"classes":[]},{"id":1906,"url":"https:\/\/moir.com.co\/web\/el-encuentro-agropecuario-contra-la-politica-rural-uribista\/","url_meta":{"origin":1904,"position":1},"title":"EL ENCUENTRO AGROPECUARIO CONTRA LA POL\u00cdTICA RURAL URIBISTA","author":"admin","date":"abril 2, 2007","format":false,"excerpt":"Aurelio Su\u00e1rez Montoya, La Tarde, Pereira, abril 3 de 2007 El 28 de marzo se realiz\u00f3 en Bogot\u00e1 una trascendental reuni\u00f3n de las organizaciones rurales de Colombia. Asistieron agrupaciones tan importantes como la Organizaci\u00f3n Nacional Ind\u00edgena de Colombia (ONIC), los usuarios campesinos de todas las vertientes y regiones, la Mesa\u2026","rel":"","context":"En \u00abTemas\u00bb","block_context":{"text":"Temas","link":"https:\/\/moir.com.co\/web\/category\/temas\/"},"img":{"alt_text":"","src":"","width":0,"height":0},"classes":[]},{"id":2198,"url":"https:\/\/moir.com.co\/web\/el-caso-carimagua-una-autentica-criatura-del-estatuto-rural\/","url_meta":{"origin":1904,"position":2},"title":"EL CASO CARIMAGUA: UNA AUT\u00c9NTICA CRIATURA DEL ESTATUTO RURAL","author":"admin","date":"febrero 26, 2008","format":false,"excerpt":"Pronunciamiento de las Organizaciones Agrarias y Rurales de Colombia, febrero 25 de 2008 El 28 de marzo de 2007, m\u00e1s de 80 organizaciones agrarias y rurales de Colombia reunidas en Bogot\u00e1 en un gran Encuentro Nacional, nos dirigimos a Colombia, a las autoridades y al Congreso de la Rep\u00fablica para\u2026","rel":"","context":"En \u00abPronunciamientos de Organizaciones Sociales\u00bb","block_context":{"text":"Pronunciamientos de Organizaciones Sociales","link":"https:\/\/moir.com.co\/web\/category\/pronunciamientos-de-organizaciones-sociales\/"},"img":{"alt_text":"","src":"","width":0,"height":0},"classes":[]},{"id":2031,"url":"https:\/\/moir.com.co\/web\/los-indigenas-colombianos-y-el-tlc\/","url_meta":{"origin":1904,"position":3},"title":"LOS IND\u00cdGENAS COLOMBIANOS Y EL TLC","author":"admin","date":"agosto 8, 2007","format":false,"excerpt":"RECALCA, Bogot\u00e1, agosto 8 de 2007 Los ind\u00edgenas colombianos han organizado esta semana una serie de manifestaciones, muestras culturales y audiencias con motivo de la celebraci\u00f3n el 9 de agosto del d\u00eda Internacional de los Pueblos Ind\u00edgenas. Estos pueblos han librado importantes luchas por sus derechos, pos su autonom\u00eda y\u2026","rel":"","context":"En \u00ab\u00a1No a los TLC y al ALCA!\u00bb","block_context":{"text":"\u00a1No a los TLC y al ALCA!","link":"https:\/\/moir.com.co\/web\/category\/temas\/no-a-los-tlc-y-al-alca\/"},"img":{"alt_text":"","src":"","width":0,"height":0},"classes":[]},{"id":2899,"url":"https:\/\/moir.com.co\/web\/el-desplome-del-modelo-carimagua\/","url_meta":{"origin":1904,"position":4},"title":"EL DESPLOME DEL MODELO \u201cCARIMAGUA\u201d","author":"admin","date":"marzo 30, 2009","format":false,"excerpt":"Al declarar la Corte Constitucional como inexequible al Estatuto Rural o ley 1152 de 2007 se acab\u00f3 de derrumbar el modelo agr\u00edcola que ha impulsado el gobierno de \u00c1lvaro Uribe. Su aplicaci\u00f3n no s\u00f3lo no ha logrado los beneficios esperados para la pretendida \u201cempresarizaci\u00f3n del campo\u201d sino que los destrozos\u2026","rel":"","context":"En \u00abTemas\u00bb","block_context":{"text":"Temas","link":"https:\/\/moir.com.co\/web\/category\/temas\/"},"img":{"alt_text":"","src":"","width":0,"height":0},"classes":[]},{"id":2075,"url":"https:\/\/moir.com.co\/web\/el-polo-rural\/","url_meta":{"origin":1904,"position":5},"title":"EL POLO RURAL","author":"admin","date":"octubre 8, 2007","format":false,"excerpt":"Aurelio Su\u00e1rez Montoya, La Tarde, Pereira, octubre 9 de 2007 Existe la creencia de que el Polo Democr\u00e1tico Alternativo es un partido urbano; no obstante que los hechos de la actual campa\u00f1a electoral muestren lo contrario. El que en m\u00e1s de 600 municipios del pa\u00eds se presenten listas a los\u2026","rel":"","context":"En \u00abTemas\u00bb","block_context":{"text":"Temas","link":"https:\/\/moir.com.co\/web\/category\/temas\/"},"img":{"alt_text":"","src":"","width":0,"height":0},"classes":[]}],"jetpack_sharing_enabled":true,"_links":{"self":[{"href":"https:\/\/moir.com.co\/web\/wp-json\/wp\/v2\/posts\/1904","targetHints":{"allow":["GET"]}}],"collection":[{"href":"https:\/\/moir.com.co\/web\/wp-json\/wp\/v2\/posts"}],"about":[{"href":"https:\/\/moir.com.co\/web\/wp-json\/wp\/v2\/types\/post"}],"author":[{"embeddable":true,"href":"https:\/\/moir.com.co\/web\/wp-json\/wp\/v2\/users\/1"}],"replies":[{"embeddable":true,"href":"https:\/\/moir.com.co\/web\/wp-json\/wp\/v2\/comments?post=1904"}],"version-history":[{"count":0,"href":"https:\/\/moir.com.co\/web\/wp-json\/wp\/v2\/posts\/1904\/revisions"}],"wp:attachment":[{"href":"https:\/\/moir.com.co\/web\/wp-json\/wp\/v2\/media?parent=1904"}],"wp:term":[{"taxonomy":"category","embeddable":true,"href":"https:\/\/moir.com.co\/web\/wp-json\/wp\/v2\/categories?post=1904"},{"taxonomy":"post_tag","embeddable":true,"href":"https:\/\/moir.com.co\/web\/wp-json\/wp\/v2\/tags?post=1904"}],"curies":[{"name":"wp","href":"https:\/\/api.w.org\/{rel}","templated":true}]}}