{"id":1895,"date":"2007-03-22T23:35:44","date_gmt":"2007-03-22T23:35:44","guid":{"rendered":"https:\/\/moir.org.co\/web\/que-cese-la-conspiracion-neoliberal-contra-el-seguro-social\/"},"modified":"2007-03-22T23:35:44","modified_gmt":"2007-03-22T23:35:44","slug":"que-cese-la-conspiracion-neoliberal-contra-el-seguro-social","status":"publish","type":"post","link":"https:\/\/moir.com.co\/web\/que-cese-la-conspiracion-neoliberal-contra-el-seguro-social\/","title":{"rendered":"\u00a1QUE CESE LA CONSPIRACI\u00d3N NEOLIBERAL CONTRA EL SEGURO SOCIAL!"},"content":{"rendered":"<p><strong>Gran Coalici\u00f3n Democr\u00e1tica, Bogot\u00e1, marzo 22 de 2007<\/strong><\/p>\n<p><span>Desde cuando el Banco Mundial impuso el neoliberalismo en  Colombia, una de las cruzadas, sin soluci\u00f3n de continuidad durante m\u00e1s de 15  a\u00f1os, ha sido la emprendida contra el Seguro Social. \u00c1lvaro Uribe V\u00e9lez ha  jugado un papel protag\u00f3nico en esa iniciativa\u00a0 por convertir la salud en  Colombia en un negocio del capital financiero. \u00a0<\/span><\/p>\n<p><span>Con la expedici\u00f3n de la ley 100 y el desarrollo de las  reformas de mercado que para la seguridad social se impulsaron, mediante  acciones abiertamente lesivas contra el Seguro Social como el desconocimiento de  la deuda del Estado con esta instituci\u00f3n, que hoy tiene un valor presente de 63  billones de pesos o como la promulgaci\u00f3n de medidas por las cuales se impidi\u00f3 el  aumento en el n\u00famero de afiliados o como la delegaci\u00f3n de la atenci\u00f3n al mayor  n\u00famero de pacientes con enfermedades de alto costo en el pa\u00eds, se le fue  conduciendo a una situaci\u00f3n de iliquidez y de graves quebrantos financieros. \u00a0<\/span><\/p>\n<p><span>Mientras en 1996 el 75% de los afiliados al r\u00e9gimen  contributivo pertenec\u00eda al ISS, hoy solamente es el 25%. De ellos, un alto  porcentaje es mayor de 45 a\u00f1os y devenga el salario m\u00ednimo. Debe agregarse que  45.000 de sus usuarios ocasionan un gasto de 350.000 millones de pesos  mensuales, por padecer enfermedades que exigen altas erogaciones para su  tratamiento. \u00a0<\/span><\/p>\n<p><span>Dentro de la campa\u00f1a de exterminar el ISS, en 2003 el  gobierno de Uribe le arrebat\u00f3 su red de servicios, 37 cl\u00ednicas y 234 centros de  atenci\u00f3n. Se constituy\u00f3 en una t\u00e1ctica m\u00e1s de la estrategia de persecuci\u00f3n que  culmin\u00f3 con la resoluci\u00f3n 028 de 2007 de la Superintendencia de Salud que le  cancela la licencia de funcionamiento. \u00a0<\/span><\/p>\n<p><span>De lo anterior se deduce que ha sido sistem\u00e1tica, casi una  pol\u00edtica de Estado, liquidar el Seguro Social. Los hechos posteriores a la  expedici\u00f3n de la Resoluci\u00f3n 028, como la imposibilidad de concretar con los  empresarios privados, presuntos \u201credentores\u201d de la seguridad social en Colombia,  tanto \u00a0la debida atenci\u00f3n a los pacientes de enfermedades de alto costo como la  aceptaci\u00f3n del enganche del personal que ser\u00eda trasladado a otras entidades para  garantizarlo, ratifica las razones que hemos esgrimido quienes encontramos en el  Estado y en los gobiernos neoliberales, con el de Uribe a la cabeza, como \u00fanicos  responsables de la cr\u00edtica situaci\u00f3n que est\u00e1 a punto de convertirse en masacre  laboral y en genocidio de varios millones de colombianos humildes. \u00a0<\/span><\/p>\n<p><span>La Gran Coalici\u00f3n Democr\u00e1tica demanda del gobierno de  Uribe cesar inmediatamente la pol\u00edtica de extinci\u00f3n del Seguro Social, y  fortalecerlo y perfilarlo como la principal entidad que le garantice el  bienestar y la seguridad social a un n\u00famero muy importante de trabajadores  colombianos y la salud a decenas de miles de pacientes que padecen patolog\u00edas  que requieren especial cuidado. Esa rectificaci\u00f3n debe iniciarse con la  derogatoria inmediata de la resoluci\u00f3n 028 de 2007, de la Superintendencia de  Salud. \u00a0<\/span><\/p>\n<p><span>Para respaldar a los afiliados, a los pacientes y a los  empleados del Seguro Social y para rescatar esta valiosa entidad, la Gran  Coalici\u00f3n Democr\u00e1tica convocar\u00e1 a una jornada nacional de solidaridad y, a la  vez, de protesta contra los perversos designios uribistas para llevar a cabo su  liquidaci\u00f3n.<\/span><\/p>\n","protected":false},"excerpt":{"rendered":"<p>Gran Coalici\u00f3n Democr\u00e1tica, Bogot\u00e1, marzo 22 de 2007 Desde cuando el Banco Mundial impuso el neoliberalismo en Colombia, una de las cruzadas, sin soluci\u00f3n de continuidad durante m\u00e1s de 15 a\u00f1os, ha sido la emprendida contra el Seguro Social. \u00c1lvaro Uribe V\u00e9lez ha jugado un papel protag\u00f3nico en esa iniciativa\u00a0 por convertir la salud en [&hellip;]<\/p>\n","protected":false},"author":1,"featured_media":0,"comment_status":"open","ping_status":"open","sticky":false,"template":"","format":"standard","meta":{"advanced_seo_description":"","jetpack_seo_html_title":"","jetpack_seo_noindex":false,"_jetpack_memberships_contains_paid_content":false,"footnotes":""},"categories":[7],"tags":[],"class_list":["post-1895","post","type-post","status-publish","format-standard","hentry","category-pronunciamientos-de-organizaciones-sociales"],"jetpack_featured_media_url":"","jetpack-related-posts":[{"id":4419,"url":"https:\/\/moir.com.co\/web\/votar-por-petro-es-votar-por-el-cambio-seguro\/","url_meta":{"origin":1895,"position":0},"title":"Votar por Petro es votar por el Cambio Seguro","author":"admin","date":"mayo 29, 2010","format":false,"excerpt":"La propuesta del Polo y de Gustavo Petro se resume en eliminar las causas que generan la pobreza, el atraso y la desigualdad en Colombia a fin de crear equidad social y progreso nacional. Caldas, al igual que el resto de Colombia, padece una gran crisis econ\u00f3mica y social. La\u2026","rel":"","context":"En \u00abOscar Guti\u00e9rrez Reyes\u00bb","block_context":{"text":"Oscar Guti\u00e9rrez Reyes","link":"https:\/\/moir.com.co\/web\/category\/bitacoras\/oscar-gutierrez-reyes\/"},"img":{"alt_text":"","src":"","width":0,"height":0},"classes":[]},{"id":18449,"url":"https:\/\/moir.com.co\/web\/derechos-perdidos\/","url_meta":{"origin":1895,"position":1},"title":"Derechos perdidos","author":"admin","date":"febrero 19, 2020","format":false,"excerpt":"Jos\u00e9 Arlex Arias, Cartagena. febrero 17 de 2020 Con las nuevas imposiciones del modelo neoliberal \u2013a trav\u00e9s de la Organizaci\u00f3n para la Cooperaci\u00f3n del Desarrollo Econ\u00f3mico (OCDE)\u2013 de eliminar o minimizar lo que queda de lo que fue antes de 1993 el Sistema de Seguridad Social de los colombianos, con\u2026","rel":"","context":"En \u00abEconom\u00eda\u00bb","block_context":{"text":"Econom\u00eda","link":"https:\/\/moir.com.co\/web\/category\/temas\/economia\/"},"img":{"alt_text":"","src":"","width":0,"height":0},"classes":[]},{"id":7930,"url":"https:\/\/moir.com.co\/web\/que-cinismo\/","url_meta":{"origin":1895,"position":2},"title":"\u00a1Qu\u00e9 cinismo!","author":"admin","date":"septiembre 23, 2013","format":false,"excerpt":"Hay personajes que por sus actuaciones se hacen c\u00e9lebres al ocasionar un importante impacto en la sociedad. Unos porque con sus decisiones le traen bienestar social pero tambi\u00e9n existen otros que causan verdaderos desastres. Se podr\u00eda decir, con el senador Robledo, que los primeros colocan los intereses colectivos por encima\u2026","rel":"","context":"En \u00abTemas\u00bb","block_context":{"text":"Temas","link":"https:\/\/moir.com.co\/web\/category\/temas\/"},"img":{"alt_text":"","src":"","width":0,"height":0},"classes":[]},{"id":4704,"url":"https:\/\/moir.com.co\/web\/se-justifica-un-compas-de-espera-a-santos\/","url_meta":{"origin":1895,"position":3},"title":"\u00bfSe justifica un \u201ccomp\u00e1s de espera\u201d a Santos?","author":"admin","date":"agosto 25, 2010","format":false,"excerpt":"A quienes afirman que es necesario \u201cdar un comp\u00e1s de espera\u201d al nuevo gobierno para ver si, al fin, se empiezan a dar soluciones a los graves males que aquejan a Colombia y a los colombianos, es bueno recordarles, una vez m\u00e1s, que a la gente se le puede conocer\u2026","rel":"","context":"En \u00abTribuna Magisterial\u00bb","block_context":{"text":"Tribuna Magisterial","link":"https:\/\/moir.com.co\/web\/category\/tribuna-magisterial\/"},"img":{"alt_text":"","src":"","width":0,"height":0},"classes":[]},{"id":21211,"url":"https:\/\/moir.com.co\/web\/el-neoliberalismo-el-estado-y-lo-social\/","url_meta":{"origin":1895,"position":4},"title":"EL NEOLIBERALISMO, EL ESTADO Y \u00abLO SOCIAL\u00bb","author":"admin","date":"diciembre 10, 2006","format":false,"excerpt":"Jorge Enrique Robledo, Tribuna Roja N\u00ba 104, Bogot\u00e1, noviembre 20 de 2006 El descr\u00e9dito de la globalizaci\u00f3n neoliberal es enorme y con tendencia a crecer. Y no es para menos, porque sus efectos han sido m\u00e1s pobreza y miseria, incluso entre los pueblos de Estados Unidos y de las otras\u2026","rel":"","context":"En \u00abTribuna Roja N\u00ba 104, noviembre 20 de 2006\u00bb","block_context":{"text":"Tribuna Roja N\u00ba 104, noviembre 20 de 2006","link":"https:\/\/moir.com.co\/web\/category\/tribuna-roja\/ediciones-2005-2009\/tribuna-roja-no-104-noviembre-20-de-2006\/"},"img":{"alt_text":"","src":"","width":0,"height":0},"classes":[]},{"id":15629,"url":"https:\/\/moir.com.co\/web\/asumio-duque-sera-mas-de-lo-mismo\/","url_meta":{"origin":1895,"position":5},"title":"Asumi\u00f3 Duque: ser\u00e1 m\u00e1s de lo mismo","author":"admin","date":"agosto 13, 2018","format":false,"excerpt":"Jos\u00e9 Arlex Arias, Cartagena, agosto 13 de 2018 En 1990, con el \"Revolc\u00f3n de Gaviria\", asumi\u00f3 la rienda del Estado Colombiano la generaci\u00f3n de \"yuppies\" o \"Panda de Los Andes\", nombres que distinguieron a tecn\u00f3cratas preparados en dicho claustro universitario, quienes fueron los encargados de ejecutar las estrategias para imponer\u2026","rel":"","context":"En \u00abEconom\u00eda\u00bb","block_context":{"text":"Econom\u00eda","link":"https:\/\/moir.com.co\/web\/category\/temas\/economia\/"},"img":{"alt_text":"","src":"","width":0,"height":0},"classes":[]}],"jetpack_sharing_enabled":true,"_links":{"self":[{"href":"https:\/\/moir.com.co\/web\/wp-json\/wp\/v2\/posts\/1895","targetHints":{"allow":["GET"]}}],"collection":[{"href":"https:\/\/moir.com.co\/web\/wp-json\/wp\/v2\/posts"}],"about":[{"href":"https:\/\/moir.com.co\/web\/wp-json\/wp\/v2\/types\/post"}],"author":[{"embeddable":true,"href":"https:\/\/moir.com.co\/web\/wp-json\/wp\/v2\/users\/1"}],"replies":[{"embeddable":true,"href":"https:\/\/moir.com.co\/web\/wp-json\/wp\/v2\/comments?post=1895"}],"version-history":[{"count":0,"href":"https:\/\/moir.com.co\/web\/wp-json\/wp\/v2\/posts\/1895\/revisions"}],"wp:attachment":[{"href":"https:\/\/moir.com.co\/web\/wp-json\/wp\/v2\/media?parent=1895"}],"wp:term":[{"taxonomy":"category","embeddable":true,"href":"https:\/\/moir.com.co\/web\/wp-json\/wp\/v2\/categories?post=1895"},{"taxonomy":"post_tag","embeddable":true,"href":"https:\/\/moir.com.co\/web\/wp-json\/wp\/v2\/tags?post=1895"}],"curies":[{"name":"wp","href":"https:\/\/api.w.org\/{rel}","templated":true}]}}