{"id":1890,"date":"2007-03-13T22:59:44","date_gmt":"2007-03-13T22:59:44","guid":{"rendered":"https:\/\/moir.org.co\/web\/balance-de-una-odiosa-visita\/"},"modified":"2007-03-13T22:59:44","modified_gmt":"2007-03-13T22:59:44","slug":"balance-de-una-odiosa-visita","status":"publish","type":"post","link":"https:\/\/moir.com.co\/web\/balance-de-una-odiosa-visita\/","title":{"rendered":"BALANCE DE UNA ODIOSA VISITA"},"content":{"rendered":"<p><strong>RECALCA, Bogot\u00e1, marzo 13 de 2007<\/strong><\/p>\n<p>Con gritos de \u00a1Bush asesino! miles de manifestantes recibieron la llegada de  George Bush a Bogot\u00e1. El gobierno despleg\u00f3 un gigantesco operativo policial con  m\u00e1s de veinti\u00fan mil miembros ubicados en todo el centro hist\u00f3rico de la capital  y a lo largo del recorrido que realiz\u00f3 el mandatario estadounidense.<\/p>\n<p>Ley seca, enfrentamientos a piedra y cerca de 100 detenidos fueron el marco de  la gris visita que paraliz\u00f3 las actividades de la ciudad durante todo el  domingo. La fecha escogida para la visita, apenas pudo disimular el hecho de que  dos d\u00edas antes millares de colombianos salieron a la calle a protestar y la  declaraci\u00f3n que fue le\u00edda a lo largo del recorrido de Bush por el continente,  fue apoyada por la Gran Coalici\u00f3n Democr\u00e1tica y en ella se se\u00f1al\u00f3 tajantemente:  \u201cni la guerra ni el libre comercio convienen a los pueblos\u201d.<\/p>\n<p>La pomposa visita que muchos calificaron de, apenas, una escala t\u00e9cnica en su  viaje, no arroj\u00f3 ning\u00fan resultado para Uribe, quien en su discurso no se atrevi\u00f3  a mencionar el TLC sino que, muy a la defensiva, reiter\u00f3 sus explicaciones sobre  el proceso con los paramilitares. Bush lo \u00fanico que lleva en sus alforjas para  mostrar a la oposici\u00f3n dem\u00f3crata, es la garant\u00eda verbal de que Uribe respetar\u00e1  la independencia de la rama judicial. El silencio sobre el TLC y la afirmaci\u00f3n  de Bush de que luchar\u00e1 para su aprobaci\u00f3n en su pa\u00eds, contrasta con la que hizo  unos d\u00edas antes en una entrevista donde afirmaba que su aprobaci\u00f3n ser\u00eda muy  dif\u00edcil. Bush lleva el estigma de haber bendecido a un mandatario fuertemente  cuestionado por sus lazos con los paramilitares y Uribe el de haber recibido el  apoyo del mandatario estadounidense m\u00e1s impopular de las \u00faltimas d\u00e9cadas.<\/p>\n<p>A los periodistas extranjeros, a pesar de que se preocupan por el proceso con  los paramilitares, les import\u00f3 m\u00e1s los nuevos contingentes enviados por Bush a  Irak. La prensa tuvo que entretenerse con el an\u00e1lisis del men\u00fa del almuerzo y el  dispositivo de seguridad. Las palmaditas en el hombro que dio Bush a Uribe son  un premio de consolaci\u00f3n cuando tanto el Plan Colombia como el TLC est\u00e1n a punto  de naufragar en el Congreso estadounidense.<\/p>\n<p>La televisi\u00f3n oficial aprovech\u00f3 para hacer la apolog\u00eda del TLC, pero en la  cumbre\u2026 nada de nada. Esto muestra que la insistencia de los dos mandatarios en  aferrarse a una agenda desgastada, simplemente profundiza la soledad que los  ronda.<\/p>\n<p>Mientras tanto la poblaci\u00f3n comienza a despertar. La antipat\u00eda natural que  provoca Bush puede contribuir a que la imagen del primer mandatario colombiano  se desgaste. Vendr\u00e1n semanas de protestas y debates y la obstinaci\u00f3n de Uribe  puede convertirse en el comienzo del fin de su reinado medi\u00e1tico.<\/p>\n","protected":false},"excerpt":{"rendered":"<p>RECALCA, Bogot\u00e1, marzo 13 de 2007 Con gritos de \u00a1Bush asesino! miles de manifestantes recibieron la llegada de George Bush a Bogot\u00e1. El gobierno despleg\u00f3 un gigantesco operativo policial con m\u00e1s de veinti\u00fan mil miembros ubicados en todo el centro hist\u00f3rico de la capital y a lo largo del recorrido que realiz\u00f3 el mandatario estadounidense. [&hellip;]<\/p>\n","protected":false},"author":1,"featured_media":0,"comment_status":"open","ping_status":"open","sticky":false,"template":"","format":"standard","meta":{"advanced_seo_description":"","jetpack_seo_html_title":"","jetpack_seo_noindex":false,"_jetpack_memberships_contains_paid_content":false,"footnotes":""},"categories":[7],"tags":[],"class_list":["post-1890","post","type-post","status-publish","format-standard","hentry","category-pronunciamientos-de-organizaciones-sociales"],"jetpack_featured_media_url":"","jetpack-related-posts":[{"id":2146,"url":"https:\/\/moir.com.co\/web\/visita-de-condoleezza-rice-a-colombia-demuestra-que-el-tlc-solo-beneficia-a-estados-unidos\/","url_meta":{"origin":1890,"position":0},"title":"VISITA DE CONDOLEEZZA RICE A COLOMBIA DEMUESTRA QUE EL TLC SOLO BENEFICIA A ESTADOS UNIDOS","author":"admin","date":"enero 24, 2008","format":false,"excerpt":"RECALCA y el Comit\u00e9 Colombia de Lucha contra el ALCA, Bogot\u00e1, enero 24 de 2008 La visita de la Secretaria de Estado de los Estados Unidos, al igual que las 10 misiones oficiales anteriores como la de Mike Mullen, Jefe del Estado Mayor Conjunto de las Fuerzas Armadas y John\u2026","rel":"","context":"En \u00ab\u00a1No a los TLC y al ALCA!\u00bb","block_context":{"text":"\u00a1No a los TLC y al ALCA!","link":"https:\/\/moir.com.co\/web\/category\/temas\/no-a-los-tlc-y-al-alca\/"},"img":{"alt_text":"","src":"","width":0,"height":0},"classes":[]},{"id":1067,"url":"https:\/\/moir.com.co\/web\/la-visita-de-bush-y-la-ronda-de-tucson\/","url_meta":{"origin":1890,"position":1},"title":"LA VISITA DE BUSH Y LA RONDA DE TUCSON","author":"admin","date":"noviembre 17, 2004","format":false,"excerpt":"En v\u00edsperas de la visita de Bush a Colombia, realizada el pasado 22 de noviembre, el subsecretario de Estado norteamericano para el hemisferio occidental, Walter Bastian, refiri\u00e9ndose al TLC se\u00f1al\u00f3 que las negociaciones son muy duras pero que a la larga sus resultados son positivos, con lo cual para un\u2026","rel":"","context":"En \u00ab\u00a1No a los TLC y al ALCA!\u00bb","block_context":{"text":"\u00a1No a los TLC y al ALCA!","link":"https:\/\/moir.com.co\/web\/category\/temas\/no-a-los-tlc-y-al-alca\/"},"img":{"alt_text":"","src":"","width":0,"height":0},"classes":[]},{"id":2055,"url":"https:\/\/moir.com.co\/web\/la-visita-de-los-parlamentarios-estadounidenses-a-colombia\/","url_meta":{"origin":1890,"position":2},"title":"LA VISITA DE LOS PARLAMENTARIOS ESTADOUNIDENSES A COLOMBIA","author":"admin","date":"septiembre 12, 2007","format":false,"excerpt":"RECALCA, Bogot\u00e1, septiembre 12 de 2007 Nuevamente la administraci\u00f3n Bush y Uribe han iniciado una ofensiva propagand\u00edstica para presionar la aprobaci\u00f3n del TLC en EEUU. Tras lo que Bush llam\u00f3 una marcha en pro del comercio, el Secretario de Comercio de EEUU afirm\u00f3 que no se pod\u00eda dar la espalda\u2026","rel":"","context":"En \u00ab\u00a1No a los TLC y al ALCA!\u00bb","block_context":{"text":"\u00a1No a los TLC y al ALCA!","link":"https:\/\/moir.com.co\/web\/category\/temas\/no-a-los-tlc-y-al-alca\/"},"img":{"alt_text":"","src":"","width":0,"height":0},"classes":[]},{"id":1887,"url":"https:\/\/moir.com.co\/web\/declaracion-de-la-gran-coalicion-democratica-y-de-la-alianza-social-continental\/","url_meta":{"origin":1890,"position":3},"title":"DECLARACI\u00d3N DE LA GRAN COALICI\u00d3N DEMOCR\u00c1TICA Y DE LA ALIANZA SOCIAL CONTINENTAL","author":"admin","date":"marzo 11, 2007","format":false,"excerpt":"\u00a1FUERA BUSH, PRESIDENTE DE LA GUERRA Y EL SAQUEO, DE AM\u00c9RICA LATINA! LA MILITARIZACI\u00d3N Y EL \u201cLIBRE COMERCIO\u201d NO SON BIENVENIDOS Bogot\u00e1, marzo 11 de 2007\u00a0 La visita del presidente de Estados Unidos, George W. Bush, a Uruguay, Brasil, Colombia, Guatemala y M\u00e9xico representa una ofensa y una amenaza para\u2026","rel":"","context":"En \u00abPronunciamientos de Organizaciones Sociales\u00bb","block_context":{"text":"Pronunciamientos de Organizaciones Sociales","link":"https:\/\/moir.com.co\/web\/category\/pronunciamientos-de-organizaciones-sociales\/"},"img":{"alt_text":"","src":"","width":0,"height":0},"classes":[]},{"id":1880,"url":"https:\/\/moir.com.co\/web\/que-washington-diga-lo-que-sabe-sobre-el-paramilitarismo-y-la-parapolitica-en-colombia\/","url_meta":{"origin":1890,"position":4},"title":"QUE WASHINGTON DIGA LO QUE SABE SOBRE EL PARAMILITARISMO Y LA PARAPOLITICA EN COLOMBIA","author":"admin","date":"marzo 6, 2007","format":false,"excerpt":"Oficina de Prensa Senador Jorge Enrique Robledo, Vocero del Polo Democr\u00e1tico Alternativo (PDA), Bogot\u00e1, 6 de marzo de 2007 (English version) A prop\u00f3sito de la visita que realizar\u00e1 a Colombia el presidente George W. Bush, el senador Jorge Enrique Robledo, vocero en el Senado del Polo Democr\u00e1tico Alternativo (PDA), pregunt\u00f3:\u2026","rel":"","context":"En \u00abTemas\u00bb","block_context":{"text":"Temas","link":"https:\/\/moir.com.co\/web\/category\/temas\/"},"img":{"alt_text":"","src":"","width":0,"height":0},"classes":[]},{"id":1889,"url":"https:\/\/moir.com.co\/web\/el-brindis-de-bush-y-uribe\/","url_meta":{"origin":1890,"position":5},"title":"EL BRINDIS DE BUSH Y URIBE","author":"admin","date":"marzo 12, 2007","format":false,"excerpt":"Aurelio Su\u00e1rez Montoya, La tarde, Pereira, marzo 13 de 2007 El portal de Internet del Partido Republicano de los Estados Unidos anuncia la visita del presidente Bush a Am\u00e9rica Latina como campa\u00f1a por la Justicia Social. No obstante, las noticias de los pa\u00edses visitados hasta ahora, Brasil, Uruguay y Colombia,\u2026","rel":"","context":"En \u00abTemas\u00bb","block_context":{"text":"Temas","link":"https:\/\/moir.com.co\/web\/category\/temas\/"},"img":{"alt_text":"","src":"","width":0,"height":0},"classes":[]}],"jetpack_sharing_enabled":true,"_links":{"self":[{"href":"https:\/\/moir.com.co\/web\/wp-json\/wp\/v2\/posts\/1890","targetHints":{"allow":["GET"]}}],"collection":[{"href":"https:\/\/moir.com.co\/web\/wp-json\/wp\/v2\/posts"}],"about":[{"href":"https:\/\/moir.com.co\/web\/wp-json\/wp\/v2\/types\/post"}],"author":[{"embeddable":true,"href":"https:\/\/moir.com.co\/web\/wp-json\/wp\/v2\/users\/1"}],"replies":[{"embeddable":true,"href":"https:\/\/moir.com.co\/web\/wp-json\/wp\/v2\/comments?post=1890"}],"version-history":[{"count":0,"href":"https:\/\/moir.com.co\/web\/wp-json\/wp\/v2\/posts\/1890\/revisions"}],"wp:attachment":[{"href":"https:\/\/moir.com.co\/web\/wp-json\/wp\/v2\/media?parent=1890"}],"wp:term":[{"taxonomy":"category","embeddable":true,"href":"https:\/\/moir.com.co\/web\/wp-json\/wp\/v2\/categories?post=1890"},{"taxonomy":"post_tag","embeddable":true,"href":"https:\/\/moir.com.co\/web\/wp-json\/wp\/v2\/tags?post=1890"}],"curies":[{"name":"wp","href":"https:\/\/api.w.org\/{rel}","templated":true}]}}