{"id":1857,"date":"2007-02-19T12:31:43","date_gmt":"2007-02-19T12:31:43","guid":{"rendered":"https:\/\/moir.org.co\/web\/unidad-nacional-por-el-agua-como-bien-comun-y-derecho-fundamental\/"},"modified":"2007-02-19T12:31:43","modified_gmt":"2007-02-19T12:31:43","slug":"unidad-nacional-por-el-agua-como-bien-comun-y-derecho-fundamental","status":"publish","type":"post","link":"https:\/\/moir.com.co\/web\/unidad-nacional-por-el-agua-como-bien-comun-y-derecho-fundamental\/","title":{"rendered":"UNIDAD NACIONAL POR EL AGUA COMO BIEN COM\u00daN Y DERECHO FUNDAMENTAL"},"content":{"rendered":"<p style=\"background: white none repeat scroll 0% 50%; -moz-background-clip: -moz-initial; -moz-background-origin: -moz-initial; -moz-background-inline-policy: -moz-initial\" align=\"justify\"> <strong><span style=\"font-family: Times New Roman; background-position: 0pt 50%\">Doc<\/span><span style=\"font-family: Times New Roman\">umento  de Trabajo, Convocatoria Referendo por el Agua, febrero 19 de 2007<\/span><\/strong><\/p>\n<p style=\"background: white none repeat scroll 0% 50%; -moz-background-clip: -moz-initial; -moz-background-origin: -moz-initial; -moz-background-inline-policy: -moz-initial\" align=\"justify\"><strong><\/strong><span style=\"font-family: Times New Roman\">Colombia vive la paradoja de ser  \tun pa\u00eds de abundantes recursos h\u00eddricos al tiempo que gran parte de su  \tpoblaci\u00f3n padece en la actualidad escasez del vital l\u00edquido, la cual, seg\u00fan  \tel IDEAM, alcanzar\u00e1 al 70% de los colombianos y colombianas en el 2025.<\/span><\/p>\n<div class=\"Section1\">\n<p style=\"background: white none repeat scroll 0% 50%; -moz-background-clip: -moz-initial; -moz-background-origin: -moz-initial; -moz-background-inline-policy: -moz-initial\" align=\"justify\"> \t<span style=\"font-family: Times New Roman\">La oferta h\u00eddrica de nuestro pa\u00eds  \tes de 58 litros por segundo por kil\u00f3metro cuadrado, cuatro veces el promedio  \tsuramericano y siete veces el promedio mundial, que alcanzar\u00eda  \tsuficientemente para atender las necesidades de toda la poblaci\u00f3n. Esta  \tabundante disponibilidad de agua de nuestro pa\u00eds no se utiliza para  \tsatisfacer las necesidades de los colombianos. As\u00ed formamos parte del  \tproblema mundial consistente en que a pesar de ser el agua un elemento  \tnatural renovable, es cada vez m\u00e1s escaso. Regiones enteras del planeta se  \ttornan \u00e1ridas o padecen prolongadas sequ\u00edas y cientos de millones de  \tpersonas no disponen del l\u00edquido vital, por lo que los grandes consorcios  \tven en el agua una fuente de negocios y especulaci\u00f3n financiera. Las  \tpol\u00edticas de libre mercado est\u00e1n convirtiendo las fuentes de agua en coto de  \tcaza de las grandes multinacionales.<\/span><\/p>\n<p style=\"background: white none repeat scroll 0% 50%; -moz-background-clip: -moz-initial; -moz-background-origin: -moz-initial; -moz-background-inline-policy: -moz-initial\" align=\"justify\"> \t<span style=\"font-family: Times New Roman\">Las fuentes de agua, las cuencas,  \tlos bosques, los p\u00e1ramos, los humedales y las aguas subterr\u00e1neas, sagradas  \tpara los 82 pueblos ind\u00edgenas que habitan el territorio colombiano, no s\u00f3lo  \test\u00e1n amenazadas sino indefensas. El Banco Mundial y el Fondo Monetario  \tInternacional, como agencias oficiosas de la estrategia de las  \tmultinacionales, presionan la entrega en concesi\u00f3n de las fuentes naturales  \tdel l\u00edquido y de los sistemas p\u00fablicos de acueducto y alcantarillado y los  \tgobiernos obedientes a sus mandatos van adecuando la legislaci\u00f3n a los  \tmismos. A partir de la Constituci\u00f3n Nacional de 1991 y la Ley 142 de 1994,  \tse propiciaron pol\u00edticas de privatizaci\u00f3n y concesi\u00f3n de acueductos, que hoy  \tse quieren profundizar. De aprobarse una Ley del Agua, con base en un  \tproyecto como el que fuera presentado el a\u00f1o pasado, y se implemente el  \tTratado de Libre Comercio -TLC- con los Estados Unidos, este vital elemento  \tacabar\u00e1 siendo una mercanc\u00eda m\u00e1s en manos de poderosas multinacionales que  \timpondr\u00e1n condiciones de mercado, similares a las que hoy tiene el petr\u00f3leo.  \tLos colombianos no dispondremos de fuentes de agua, pero las multinacionales  \ts\u00ed dispondr\u00e1n de fuentes de ingresos. <span class=\"SpellE\">Vivendi<\/span>,  \tSuez, Aguas de Barcelona y otras transnacionales ya controlan importantes  \tacueductos del pa\u00eds. La industria nacional, el agro y los sectores comercial  \ty residencial, habr\u00e1n de soportar los incrementos <span class=\"SpellE\"> \ttarifarios<\/span> y la dictadura que sobre el recurso ejercer\u00e1 el capital  \tfinanciero internacional.<\/span><\/p>\n<p style=\"background: white none repeat scroll 0% 50%; -moz-background-clip: -moz-initial; -moz-background-origin: -moz-initial; -moz-background-inline-policy: -moz-initial\" align=\"justify\"> \t<span style=\"font-family: Times New Roman\">Nada justifica las bajas y  \tdeficientes actuales coberturas de acueducto. Este fen\u00f3meno es  \tparticularmente grave en las \u00e1reas rurales donde la cobertura de acueducto  \tapenas llega al 50% de la poblaci\u00f3n. Pero en las \u00e1reas urbanas donde la  \tcobertura alcanza el 97,3% se presenta, seg\u00fan el informe de la Defensor\u00eda  \tdel Pueblo de 2005, una situaci\u00f3n angustiosa pues mas de doce millones de  \thabitantes de las cabeceras municipales del pa\u00eds \u00a1esta recibiendo agua no  \tapta para el consumo humano!. El panorama del servicio de alcantarillado es  \ta\u00fan peor pues su cobertura en \u00e1reas urbanas es tan solo del 83,6% y en \u00e1reas  \trurales apenas del 39,8%, a lo cual se a\u00f1ade el pr\u00e1cticamente inexistente  \tmanejo integral del agua, lo cual contribuye al c\u00edrculo vicioso de escasez y  \tcontaminaci\u00f3n.<\/span><\/p>\n<p style=\"background: white none repeat scroll 0% 50%; -moz-background-clip: -moz-initial; -moz-background-origin: -moz-initial; -moz-background-inline-policy: -moz-initial\" align=\"justify\"> \t<span style=\"font-family: Times New Roman\">Este \u00e1rido panorama nos obliga a  \torganizar una campa\u00f1a de unidad nacional en defensa del agua. Quienes  \tsuscribimos este documento convocamos a las organizaciones c\u00edvicas,  \tambientalistas, populares, de mujeres, sindicales y de usuarios; a los  \tgremios, los centros de estudio e investigaci\u00f3n, y a las organizaciones  \tpol\u00edticas y religiosas, que nos quieran acompa\u00f1ar, a constituir un Comit\u00e9 de  \tImpulso, amplio, diverso y democr\u00e1tico, para promover un referendo de origen  \tpopular que modifique la Constituci\u00f3n Nacional en el sentido de elevar el  \tagua a la categor\u00eda de derecho fundamental y bien com\u00fan de los colombianos.  \tIgualmente para incluir en ella que el servicio p\u00fablico de acueducto y  \talcantarillado sea prestado por entidades estatales del orden municipal o  \tregional, con control social, transparencia y \u00e1nimo de servicio, o por  \tacueductos comunitarios, sin \u00e1nimo de lucro, garantizando a todas las  \tpersonas un m\u00ednimo vital gratuito. As\u00ed mismo estableciendo una especial y  \tadecuada protecci\u00f3n a los ecosistemas estrat\u00e9gicos en el ciclo hidrol\u00f3gico.<\/span><\/p>\n<p style=\"background: white none repeat scroll 0% 50%; -moz-background-clip: -moz-initial; -moz-background-origin: -moz-initial; -moz-background-inline-policy: -moz-initial\" align=\"justify\"> \t<span style=\"font-family: Times New Roman\">Reconocemos la importancia que  \ttienen en Colombia las experiencias de las comunidades campesinas, \u00e9tnicas y  \turbanas, que han encontrado en las fuentes de agua sus formas de  \tsupervivencia y han desarrollado procesos de resistencia para enfrentar los  \tconflictos ambientales generados por la apropiaci\u00f3n y uso inequitativo del  \tpatrimonio natural que desarticulan su gesti\u00f3n y niegan la posibilidad de  \tacceso al agua.<\/span><\/p>\n<p style=\"background: white none repeat scroll 0% 50%; -moz-background-clip: -moz-initial; -moz-background-origin: -moz-initial; -moz-background-inline-policy: -moz-initial\" align=\"justify\"> \t<span style=\"font-family: Times New Roman\">Un\u00e1monos pues en torno a una  \tcausa com\u00fan, esencial para el futuro de la vida y de Colombia.<\/span><\/p>\n<\/div>\n<div class=\"Section1\">\n<p style=\"text-align: justify\"><strong> \t<span style=\"font-family: Times New Roman\">Organizaciones que respaldan la  \tconvocatoria:<\/span><\/strong><\/p>\n<p style=\"text-align: justify\"> \t<span class=\"SpellE\"><span style=\"font-family: Times New Roman\">Acuapance<\/span><\/span><span style=\"font-family: Times New Roman\">  \tAcueducto Comunitario de <span class=\"SpellE\">Minca<\/span><\/span><\/p>\n<p style=\"text-align: justify\"> \t<span style=\"font-family: Times New Roman\">ADAMIUAIN Aguas de \t<span class=\"SpellE\">Bonda<\/span><\/span><\/p>\n<p style=\"text-align: justify\"> \t<span style=\"font-family: Times New Roman\">AMAC AQUACOL<\/span><\/p>\n<p style=\"text-align: justify\"> \t<span style=\"font-family: Times New Roman\">Asociaci\u00f3n de Usuarios de  \tMalagana <span class=\"SpellE\">Asoservicios<\/span> P\u00fablicos de Popay\u00e1n<\/span><\/p>\n<p style=\"text-align: justify\"> \t<span style=\"font-family: Times New Roman\">CENCOOSER CODESCAC<\/span><\/p>\n<p style=\"text-align: justify\"> \t<span style=\"font-family: Times New Roman\">Comit\u00e9 Ciudadano de Usuarios de  \tSSPP de Cali Comit\u00e9 Popular de Usuarios<\/span><\/p>\n<p style=\"text-align: justify\"> \t<span class=\"SpellE\"><span style=\"font-family: Times New Roman\">Cooaguas<\/span><\/span><span style=\"font-family: Times New Roman\">  \tde <span class=\"SpellE\">Chocho<\/span> Corporaci\u00f3n Avocar<\/span><\/p>\n<p style=\"text-align: justify\"> \t<span style=\"font-family: Times New Roman\">Corporaci\u00f3n <span class=\"SpellE\"> \tEcofondo<\/span> Corporaci\u00f3n Penca de S\u00e1bila<\/span><\/p>\n<p style=\"text-align: justify\"> \t<span style=\"font-family: Times New Roman\">Fundaci\u00f3n Ambiental Alto  \tMagdalena Fundaci\u00f3n San Isidro<\/span><\/p>\n<p style=\"text-align: justify\"> \t<span style=\"font-family: Times New Roman\">Fundaci\u00f3n <span class=\"SpellE\"> \tSwissaid<\/span> Grupo Semillas<\/span><\/p>\n<p style=\"text-align: justify\"> \t<span class=\"SpellE\"><span style=\"font-family: Times New Roman\">Ilsa<\/span><\/span><span style=\"font-family: Times New Roman\">  \tLiga de Usuarios de los Servicios P\u00fablicos de <span class=\"SpellE\">Bolivar<\/span><\/span><\/p>\n<p style=\"text-align: justify\"> \t<span style=\"font-family: Times New Roman\">Liga de Usuarios de los Servicios  \tP\u00fablicos de <span class=\"SpellE\">Risaralda<\/span> Liga de Usuarios de los  \tServicios P\u00fablicos del Quind\u00edo Liga de Usuarios SDER Compromiso<\/span><\/p>\n<p style=\"text-align: justify\"> \t<span style=\"font-family: Times New Roman\">Liga Nacional de Usuarios  \tMovimiento por la Vida<\/span><\/p>\n<p style=\"text-align: justify\"> \t<span style=\"font-family: Times New Roman\">Fundaci\u00f3n <span class=\"SpellE\"> \tProagua<\/span> <span class=\"SpellE\">Rapalmira<\/span><\/span><\/p>\n<p style=\"text-align: justify\"> \t<span style=\"font-family: Times New Roman\">SINTRAINAL <\/span><\/p>\n<p style=\"text-align: justify\"> \t<span class=\"SpellE\"><span style=\"font-family: Times New Roman\">Corporate<\/span><\/span><span style=\"font-family: Times New Roman\"> \t<span class=\"SpellE\">Accountability<\/span> <span class=\"SpellE\"> \tinternational<\/span><\/span><\/p>\n<p style=\"text-align: justify\"><strong> \t<span style=\"font-family: Times New Roman\">Uni\u00f3n Nacional de Usuarios y  \tdefensores de los servicios p\u00fablicos domiciliarios<\/span><\/strong><\/p>\n<\/div>\n","protected":false},"excerpt":{"rendered":"<p>Documento de Trabajo, Convocatoria Referendo por el Agua, febrero 19 de 2007 Colombia vive la paradoja de ser un pa\u00eds de abundantes recursos h\u00eddricos al tiempo que gran parte de su poblaci\u00f3n padece en la actualidad escasez del vital l\u00edquido, la cual, seg\u00fan el IDEAM, alcanzar\u00e1 al 70% de los colombianos y colombianas en el [&hellip;]<\/p>\n","protected":false},"author":1,"featured_media":0,"comment_status":"open","ping_status":"open","sticky":false,"template":"","format":"standard","meta":{"advanced_seo_description":"","jetpack_seo_html_title":"","jetpack_seo_noindex":false,"_jetpack_memberships_contains_paid_content":false,"footnotes":""},"categories":[7],"tags":[],"class_list":["post-1857","post","type-post","status-publish","format-standard","hentry","category-pronunciamientos-de-organizaciones-sociales"],"jetpack_featured_media_url":"","jetpack-related-posts":[{"id":2210,"url":"https:\/\/moir.com.co\/web\/llamamiento-pueblo-colombiano-defendamos-el-agua-y-la-vida\/","url_meta":{"origin":1857,"position":0},"title":"LLAMAMIENTO: \u00a1PUEBLO COLOMBIANO! \u00a1DEFENDAMOS EL AGUA Y LA VIDA!","author":"admin","date":"marzo 6, 2008","format":false,"excerpt":"Comit\u00e9 Nacional en Defensa del Agua y por el Referendo, Bogot\u00e1, marzo 6 de 2008 Nosotros, mujeres y hombres de todos los rincones del pa\u00eds asistentes a la Segunda Asamblea Nacional del Agua realizada en Bogot\u00e1 el 29 de febrero y 1 de marzo de 2008, impulsada por 1.255 organizaciones\u2026","rel":"","context":"En \u00abPronunciamientos de Organizaciones Sociales\u00bb","block_context":{"text":"Pronunciamientos de Organizaciones Sociales","link":"https:\/\/moir.com.co\/web\/category\/pronunciamientos-de-organizaciones-sociales\/"},"img":{"alt_text":"","src":"","width":0,"height":0},"classes":[]},{"id":9023,"url":"https:\/\/moir.com.co\/web\/la-delimitacion-de-santurban\/","url_meta":{"origin":1857,"position":1},"title":"La \u201cdelimitaci\u00f3n\u201d de Santurb\u00e1n","author":"admin","date":"enero 20, 2015","format":false,"excerpt":"RESULTA POCO VISIONARIO PENSAR que a quienes defendemos el agua y los p\u00e1ramos del pa\u00eds s\u00f3lo nos importa el agua de Bucaramanga, como afirm\u00f3, recientemente, un columnista en este diario. Del agua de Santurb\u00e1n se benefician m\u00e1s de 20 municipios del Gran Santander, y \u00e9ste marcar\u00e1 la pauta de lo\u2026","rel":"","context":"En \u00abRevista de Prensa\u00bb","block_context":{"text":"Revista de Prensa","link":"https:\/\/moir.com.co\/web\/category\/prensa\/revista-de-prensa\/"},"img":{"alt_text":"","src":"","width":0,"height":0},"classes":[]},{"id":9676,"url":"https:\/\/moir.com.co\/web\/declaracion-de-dignidad-agropecuaria-colombiana-construir-soluciones-integrales-beneficiar-a-toda-la-poblacion\/","url_meta":{"origin":1857,"position":2},"title":"Declaraci\u00f3n de Dignidad Agropecuaria Colombiana: Construir soluciones integrales, beneficiar a toda la poblaci\u00f3n","author":"admin","date":"septiembre 29, 2015","format":false,"excerpt":"Muy temprano, el pr\u00f3ximo mi\u00e9rcoles 30 de septiembre, miles de productores agropecuarios y quienes dependen de las actividades del agro -al igual que quienes son solidarios con ellos- se movilizar\u00e1n por las principales calles y avenidas de C\u00facuta, haciendo o\u00edr su voz y dejando ver sus pancartas, para expresarle a\u2026","rel":"","context":"En \u00abPronunciamientos de Organizaciones Sociales\u00bb","block_context":{"text":"Pronunciamientos de Organizaciones Sociales","link":"https:\/\/moir.com.co\/web\/category\/pronunciamientos-de-organizaciones-sociales\/"},"img":{"alt_text":"","src":"","width":0,"height":0},"classes":[]},{"id":4737,"url":"https:\/\/moir.com.co\/web\/el-gobierno-de-santos-y-el-derecho-humano-al-agua-potable\/","url_meta":{"origin":1857,"position":3},"title":"El gobierno de Santos y el derecho humano al agua potable","author":"admin","date":"septiembre 1, 2010","format":false,"excerpt":"El pasado 26 de julio, la Asamblea General de la Organizaci\u00f3n de Naciones Unidas -ONU- aprob\u00f3 la resoluci\u00f3n, presentada por Bolivia y otras 33 naciones, referente al derecho humano al agua y al saneamiento. Teniendo en consideraci\u00f3n varias resoluciones y decisiones del organismo multinacional y reconociendo que 884 millones de\u2026","rel":"","context":"En \u00abOscar Guti\u00e9rrez Reyes\u00bb","block_context":{"text":"Oscar Guti\u00e9rrez Reyes","link":"https:\/\/moir.com.co\/web\/category\/bitacoras\/oscar-gutierrez-reyes\/"},"img":{"alt_text":"","src":"","width":0,"height":0},"classes":[]},{"id":3011,"url":"https:\/\/moir.com.co\/web\/intentan-trampa-con-el-referendo-del-agua\/","url_meta":{"origin":1857,"position":4},"title":"INTENTAN TRAMPA CON EL REFERENDO DEL AGUA","author":"admin","date":"abril 23, 2009","format":false,"excerpt":"El uribismo de la Comisi\u00f3n Primera de la C\u00e1mara de Representantes aprob\u00f3 el Referendo del Agua. Pero el texto aprobado no se parece en nada al que respaldaron con sus firmas m\u00e1s de dos millones de compatriotas. En el articulado que pasa a la Plenaria de la C\u00e1mara no aparece\u2026","rel":"","context":"En \u00abJorge Enrique Robledo\u00bb","block_context":{"text":"Jorge Enrique Robledo","link":"https:\/\/moir.com.co\/web\/category\/jorge-enrique-robledo\/"},"img":{"alt_text":"","src":"","width":0,"height":0},"classes":[]},{"id":3029,"url":"https:\/\/moir.com.co\/web\/el-referendo-del-agua-aprobado-no-es-el-referendo-solicitado\/","url_meta":{"origin":1857,"position":5},"title":"El Referendo del Agua aprobado no es el referendo solicitado","author":"admin","date":"abril 28, 2009","format":false,"excerpt":"El 21 de Abril, el Comit\u00e9 Nacional de Promotores del referendo El Agua: Un derecho Fundamental, solicit\u00f3 a la Comisi\u00f3n Primera de la C\u00e1mara de Representantes, se respetara y aprobara el texto que hab\u00edan respaldado con su firma m\u00e1s de dos millones 200 mil colombianos. Sin embargo, acatando la orden\u2026","rel":"","context":"En \u00abOscar Guti\u00e9rrez Reyes\u00bb","block_context":{"text":"Oscar Guti\u00e9rrez Reyes","link":"https:\/\/moir.com.co\/web\/category\/bitacoras\/oscar-gutierrez-reyes\/"},"img":{"alt_text":"","src":"","width":0,"height":0},"classes":[]}],"jetpack_sharing_enabled":true,"_links":{"self":[{"href":"https:\/\/moir.com.co\/web\/wp-json\/wp\/v2\/posts\/1857","targetHints":{"allow":["GET"]}}],"collection":[{"href":"https:\/\/moir.com.co\/web\/wp-json\/wp\/v2\/posts"}],"about":[{"href":"https:\/\/moir.com.co\/web\/wp-json\/wp\/v2\/types\/post"}],"author":[{"embeddable":true,"href":"https:\/\/moir.com.co\/web\/wp-json\/wp\/v2\/users\/1"}],"replies":[{"embeddable":true,"href":"https:\/\/moir.com.co\/web\/wp-json\/wp\/v2\/comments?post=1857"}],"version-history":[{"count":0,"href":"https:\/\/moir.com.co\/web\/wp-json\/wp\/v2\/posts\/1857\/revisions"}],"wp:attachment":[{"href":"https:\/\/moir.com.co\/web\/wp-json\/wp\/v2\/media?parent=1857"}],"wp:term":[{"taxonomy":"category","embeddable":true,"href":"https:\/\/moir.com.co\/web\/wp-json\/wp\/v2\/categories?post=1857"},{"taxonomy":"post_tag","embeddable":true,"href":"https:\/\/moir.com.co\/web\/wp-json\/wp\/v2\/tags?post=1857"}],"curies":[{"name":"wp","href":"https:\/\/api.w.org\/{rel}","templated":true}]}}