{"id":1777,"date":"2007-01-31T21:17:47","date_gmt":"2007-01-31T21:17:47","guid":{"rendered":"https:\/\/moir.org.co\/web\/carta-abierta-al-ministro-de-ambiente-vivienda-y-desarrollo-territorial-que-la-drummond-cese-la-contaminacion-ambiental\/"},"modified":"2007-01-31T21:17:47","modified_gmt":"2007-01-31T21:17:47","slug":"carta-abierta-al-ministro-de-ambiente-vivienda-y-desarrollo-territorial-que-la-drummond-cese-la-contaminacion-ambiental","status":"publish","type":"post","link":"https:\/\/moir.com.co\/web\/carta-abierta-al-ministro-de-ambiente-vivienda-y-desarrollo-territorial-que-la-drummond-cese-la-contaminacion-ambiental\/","title":{"rendered":"CARTA ABIERTA AL MINISTRO DE AMBIENTE, VIVIENDA Y DESARROLLO TERRITORIAL, QUE LA DRUMMOND CESE LA CONTAMINACION AMBIENTAL"},"content":{"rendered":"<p><strong>Valledupar, enero 31 de 2007<\/strong><\/p>\n<p style=\"text-align: justify\"><span>La convocatoria de Audiencia  P\u00fablica que ese Ministerio cita para el 2 de Febrero de 2007 en el municipio El  Paso con el fin de escuchar las inquietudes de los habitantes del corredor  minero, en lo referente al otorgamiento de la licencia ambiental del proyecto de  explotaci\u00f3n minera en las \u00e1reas de los contratos 144\/97 \u201cel Descanso\u201d, 283\/95  \u201cSimiloa\u201d y 284\/95 \u201cRinconhondo\u201d, conocida a \u00faltima hora por algunos sectores  sociales, nos obliga a plantearle lo siguiente. <\/span><\/p>\n<p style=\"text-align: justify\"><span>La explotaci\u00f3n carbon\u00edfera  actual ha ocasionado una alto grado de deterioro ambiental y no se insin\u00faa la  menor acci\u00f3n de rehabilitaci\u00f3n que permita el uso futuro de los terrenos  intervenido a pesar de que es obligaci\u00f3n de las empresas garantizar la  restauraci\u00f3n o la sustituci\u00f3n morfol\u00f3gica y ambiental del suelo. Los diversos  estudios realizados muestran un considerable aumento de patolog\u00edas relacionadas  con la presencia de agentes contaminantes generados por la explotaci\u00f3n y  transporte del carb\u00f3n. <\/span><\/p>\n<p style=\"text-align: justify\"><span>Sin lugar a duda el nuevo  proyecto afectar\u00eda en materia grave el sistema hidrol\u00f3gico en donde se destacan  dos subcuencas que hacen parte de la vertiente izquierda del r\u00edo Cesar,  conformadas por los r\u00edos Fernambuco, Sicarare, Calenturitas, Maraca, Tucuy, los  ca\u00f1os San Antonio, Platanal, P\u00e9rez, Guasimal, y los arroyos Las Animas, Jobo, El  Zorro, Mocho, Tamasucal, al igual que la Ci\u00e9naga de Matepalma, entre otros,  determinantes todos del ecosistema y de la vida econ\u00f3mica de los poblados  aleda\u00f1os. <\/span><\/p>\n<p style=\"text-align: justify\"><span>Son inminentes los efectos  ambientales que se producir\u00e1n  por las alteraciones ocasionadas sobre las aguas  subterr\u00e1neas que alimentan el complejo cenagoso. <\/span><\/p>\n<p style=\"text-align: justify\"><span>Las poblaciones de La Aurora,  La Estaci\u00f3n, Aguas Fr\u00edas, Ojo de Agua, Cerrajones, Platanal, Mechoacan, Plan  Bonito y Potrerillo se ver\u00edan desplazadas ineludiblemente. <\/span><\/p>\n<p style=\"text-align: justify\"><span>Como se deduce, el impacto  ambiental que ocasionar\u00eda en la zona de influencia la ejecuci\u00f3n del nuevo  proyecto amerita garantizar la participaci\u00f3n efectiva de las comunidades  afectadas mediante una amplia difusi\u00f3n de la convocatoria de la audiencia  p\u00fablica ya que el proceso de informaci\u00f3n suministrada hasta hoy, tanto de la  fecha de realizaci\u00f3n como del contenido del proyecto impide que los pobladores  intervengan en este importante evento. <\/span><\/p>\n<p style=\"text-align: justify\"><span>La Central Unitaria de  Trabajadores Cut y sus sindicatos filiales, el Polo Democr\u00e1tico Alternativo,  Aducesar, la Liga Departamental de Usuarios de Servicios P\u00fablicos, la  Organizaci\u00f3n Colombiana de Estudiantes y Salvaci\u00f3n Nacional Agropecuaria,  Regional Cesar,  le solicitamos el aplazamiento de la Audiencia P\u00fablica del 2 de  febrero del a\u00f1o en curso, citada en el marco del proceso de licenciamiento  ambiental del proyecto de explotaci\u00f3n minera a fin de que se facilite una  verdadera intervenci\u00f3n de la comunidad. <\/span><\/p>\n<p><span>ROBINSON OLIVARES<\/span><\/p>\n<p><span>Presidente Cut-Cesar<\/span><\/p>\n<p><span>JUAN CARLOS PRIETO<\/span><\/p>\n<p><span>Pte. O.C.E.<\/span><\/p>\n<p><span>ALDEMAR PALMERA<\/span><\/p>\n<p><span>Pte. PDA<\/span><\/p>\n<p><span>DORA NOVOA<\/span><\/p>\n<p><span>Pte. Aducesar<\/span><\/p>\n<p><span>FELIPE RODRIGUEZ<\/span><\/p>\n<p><span>Pte. Liga Departamental de Usuarios<\/span><\/p>\n","protected":false},"excerpt":{"rendered":"<p>Valledupar, enero 31 de 2007 La convocatoria de Audiencia P\u00fablica que ese Ministerio cita para el 2 de Febrero de 2007 en el municipio El Paso con el fin de escuchar las inquietudes de los habitantes del corredor minero, en lo referente al otorgamiento de la licencia ambiental del proyecto de explotaci\u00f3n minera en las [&hellip;]<\/p>\n","protected":false},"author":1,"featured_media":0,"comment_status":"open","ping_status":"open","sticky":false,"template":"","format":"standard","meta":{"advanced_seo_description":"","jetpack_seo_html_title":"","jetpack_seo_noindex":false,"_jetpack_memberships_contains_paid_content":false,"footnotes":""},"categories":[7],"tags":[],"class_list":["post-1777","post","type-post","status-publish","format-standard","hentry","category-pronunciamientos-de-organizaciones-sociales"],"jetpack_featured_media_url":"","jetpack-related-posts":[{"id":4539,"url":"https:\/\/moir.com.co\/web\/consecuencias-laborales-sociales-y-ambientales-de-la-explotacion-minera-transnacional-en-el-cesar\/","url_meta":{"origin":1777,"position":0},"title":"Consecuencias laborales, sociales y ambientales de la explotaci\u00f2n minera transnacional en el Cesar","author":"admin","date":"julio 7, 2010","format":false,"excerpt":"LA CENTRAL UNITARIA DE TRABAJADORES DEL CESAR, SINTRAMIENERGETICA NACIONAL, SINTRACARB\u00d2N, ADUCESAR, CENTRO DE ESTUDIOS DEL CARB\u00d2N Y LA RED COLOMBIANA FRENTE A LA GRAN MINER\u00cdA TRANSNACIONAL CONVOCAN AL FORO SOBRE \u201cCONSECUENCIAS LABORALES, SOCIALES Y AMBIENTALES DE LA EXPLOTACI\u00d2N MINERA TRANSNACIONAL EN EL CESAR\u201d A REALIZARSE EN LA JAGUA DE IBIRICO\u2026","rel":"","context":"En \u00abPronunciamientos de Organizaciones Sociales\u00bb","block_context":{"text":"Pronunciamientos de Organizaciones Sociales","link":"https:\/\/moir.com.co\/web\/category\/pronunciamientos-de-organizaciones-sociales\/"},"img":{"alt_text":"","src":"","width":0,"height":0},"classes":[]},{"id":7370,"url":"https:\/\/moir.com.co\/web\/estigmatizacion-minera-o-cruda-realidad\/","url_meta":{"origin":1777,"position":1},"title":"\u00bfEstigmatizaci\u00f3n minera o cruda realidad?","author":"admin","date":"marzo 14, 2013","format":false,"excerpt":"Algunos dirigentes de la miner\u00eda se vienen lamentando de que en Colombia exista un proceso de estigmatizaci\u00f3n en su contra. Lejos de esta imputaci\u00f3n, quienes conformamos procesos sociales como la Red Colombiana Frente a la Gran Miner\u00eda Transnacional, Reclame, m\u00e1s que detractores del sector minero-energ\u00e9tico somos ciudadanos conscientes de los\u2026","rel":"","context":"En \u00abPronunciamientos de Organizaciones Sociales\u00bb","block_context":{"text":"Pronunciamientos de Organizaciones Sociales","link":"https:\/\/moir.com.co\/web\/category\/pronunciamientos-de-organizaciones-sociales\/"},"img":{"alt_text":"","src":"","width":0,"height":0},"classes":[]},{"id":4612,"url":"https:\/\/moir.com.co\/web\/ecos-del-debate-de-mineria-a-cielo-abierto-en-santurban\/","url_meta":{"origin":1777,"position":2},"title":"Ecos del debate de miner\u00eda a cielo abierto en Santurb\u00e1n","author":"admin","date":"agosto 1, 2010","format":false,"excerpt":"El jueves 29 de Julio, en la Asamblea Departamental de Santander, se realiz\u00f3 el debate sobre el proyecto minero en el p\u00e1ramo de Santurb\u00e1n, ubicado entre los municipios de Vetas y California. En esta Sesi\u00f3n Plenaria se analiz\u00f3 las repercusiones para la poblaci\u00f3n de dichos municipios, las zonas pr\u00f3ximas y\u2026","rel":"","context":"En \u00abTemas\u00bb","block_context":{"text":"Temas","link":"https:\/\/moir.com.co\/web\/category\/temas\/"},"img":{"alt_text":"","src":"","width":0,"height":0},"classes":[]},{"id":8333,"url":"https:\/\/moir.com.co\/web\/en-medio-de-un-mar-de-conflictos-ambientales\/","url_meta":{"origin":1777,"position":3},"title":"En medio de un mar de conflictos ambientales","author":"admin","date":"marzo 26, 2014","format":false,"excerpt":"Ten\u00eda que tocarnos tan cerca, como la puerta de la casa, para que empez\u00e1ramos a reaccionar. Me refiero a la amenaza ambiental que se cierne sobre la cuenca hidrogr\u00e1fica del r\u00edo de Las Ceibas por la posible exploraci\u00f3n y explotaci\u00f3n de petr\u00f3leo. Un peligro que se mete con un recurso\u2026","rel":"","context":"En \u00abTemas\u00bb","block_context":{"text":"Temas","link":"https:\/\/moir.com.co\/web\/category\/temas\/"},"img":{"alt_text":"","src":"","width":0,"height":0},"classes":[]},{"id":5886,"url":"https:\/\/moir.com.co\/web\/senador-robledo-une-su-voz-a-la-preocupacion-del-diario-la-patria-por-mineria-en-manizales\/","url_meta":{"origin":1777,"position":4},"title":"Senador Robledo une su voz a la preocupaci\u00f3n del diario La Patria por miner\u00eda en Manizales","author":"admin","date":"septiembre 1, 2011","format":false,"excerpt":"Explotaci\u00f3n minera en Villamar\u00eda amenaza el acueducto de Manizales. Las licencias ambientales deben impedir proyectos indeseables. El senador Jorge Enrique Robledo se uni\u00f3 a la preocupaci\u00f3n del diario La Patria sobre la explotaci\u00f3n de oro que una multinacional brasilera pretende adelantar en el municipio de Villamar\u00eda, Caldas. En su editorial\u2026","rel":"","context":"En \u00abJorge Enrique Robledo\u00bb","block_context":{"text":"Jorge Enrique Robledo","link":"https:\/\/moir.com.co\/web\/category\/jorge-enrique-robledo\/"},"img":{"alt_text":"","src":"","width":0,"height":0},"classes":[]},{"id":2176,"url":"https:\/\/moir.com.co\/web\/encerrona-en-el-paso-para-seguir-permitiendo-el-saqueo-de-drummond\/","url_meta":{"origin":1777,"position":5},"title":"ENCERRONA EN EL PASO PARA SEGUIR PERMITIENDO EL SAQUEO DE DRUMMOND","author":"admin","date":"febrero 13, 2008","format":false,"excerpt":"Polo Democr\u00e1tico Alternativo, Cesar, febrero 13 de 2008 En consonancia con la caracter\u00edstica del gobierno de \u00c1lvaro Uribe V\u00e9lez, de colocar los intereses de las multinacionales por encima de la suerte de los Colombianos, se llev\u00f3 a cabo una \u201caudiencia p\u00fablica\u201d en el municipio de El Paso el pasado once\u2026","rel":"","context":"En \u00abPolo Democr\u00e1tico Alternativo\u00bb","block_context":{"text":"Polo Democr\u00e1tico Alternativo","link":"https:\/\/moir.com.co\/web\/category\/polo-democratico-alternativo\/"},"img":{"alt_text":"","src":"","width":0,"height":0},"classes":[]}],"jetpack_sharing_enabled":true,"_links":{"self":[{"href":"https:\/\/moir.com.co\/web\/wp-json\/wp\/v2\/posts\/1777","targetHints":{"allow":["GET"]}}],"collection":[{"href":"https:\/\/moir.com.co\/web\/wp-json\/wp\/v2\/posts"}],"about":[{"href":"https:\/\/moir.com.co\/web\/wp-json\/wp\/v2\/types\/post"}],"author":[{"embeddable":true,"href":"https:\/\/moir.com.co\/web\/wp-json\/wp\/v2\/users\/1"}],"replies":[{"embeddable":true,"href":"https:\/\/moir.com.co\/web\/wp-json\/wp\/v2\/comments?post=1777"}],"version-history":[{"count":0,"href":"https:\/\/moir.com.co\/web\/wp-json\/wp\/v2\/posts\/1777\/revisions"}],"wp:attachment":[{"href":"https:\/\/moir.com.co\/web\/wp-json\/wp\/v2\/media?parent=1777"}],"wp:term":[{"taxonomy":"category","embeddable":true,"href":"https:\/\/moir.com.co\/web\/wp-json\/wp\/v2\/categories?post=1777"},{"taxonomy":"post_tag","embeddable":true,"href":"https:\/\/moir.com.co\/web\/wp-json\/wp\/v2\/tags?post=1777"}],"curies":[{"name":"wp","href":"https:\/\/api.w.org\/{rel}","templated":true}]}}