{"id":16343,"date":"2018-11-06T17:28:09","date_gmt":"2018-11-06T17:28:09","guid":{"rendered":"https:\/\/moir.org.co\/web\/?p=16343"},"modified":"2018-11-06T17:28:09","modified_gmt":"2018-11-06T17:28:09","slug":"video-14-respuestas-de-robledo-sobre-los-impuestos-de-duque-carrasquilla-contra-los-colombianos","status":"publish","type":"post","link":"https:\/\/moir.com.co\/web\/video-14-respuestas-de-robledo-sobre-los-impuestos-de-duque-carrasquilla-contra-los-colombianos\/","title":{"rendered":"Video: 14 respuestas de Robledo sobre los impuestos de Duque-Carrasquilla contra los colombianos"},"content":{"rendered":"<p>Jorge Enrique Robledo explica la cruel reforma tributaria de Duque-Carrasquilla, entrevista realizada por Martha Perdomo. Bogot\u00e1, noviembre 6 de 2018<\/p>\n","protected":false},"excerpt":{"rendered":"<p>Jorge Enrique Robledo explica la cruel reforma tributaria de Duque-Carrasquilla, entrevista realizada por Martha Perdomo. Bogot\u00e1, noviembre 6 de 2018<\/p>\n","protected":false},"author":1,"featured_media":0,"comment_status":"open","ping_status":"open","sticky":false,"template":"","format":"video","meta":{"advanced_seo_description":"","jetpack_seo_html_title":"","jetpack_seo_noindex":false,"_jetpack_memberships_contains_paid_content":false,"footnotes":""},"categories":[114,102,97,4,98],"tags":[],"class_list":["post-16343","post","type-post","status-publish","format-video","hentry","category-agro","category-economia","category-imperialismo-y-neoliberalismo","category-jorge-enrique-robledo","category-politica","post_format-post-format-video"],"jetpack_featured_media_url":"","jetpack-related-posts":[{"id":16257,"url":"https:\/\/moir.com.co\/web\/video-intervencion-en-la-plenaria-de-la-camara-de-representantes-en-la-mocion-de-censura-contra-carrasquilla-probados-los-cargos-duque-saque-a-carrasquilla-robledo\/","url_meta":{"origin":16343,"position":0},"title":"Video: Intervenci\u00f3n en la plenaria de la C\u00e1mara de Representantes en la Moci\u00f3n de Censura contra Carrasquilla: &#8220;Probados los cargos Duque saque a Carrasquilla&#8221;: Robledo","author":"admin","date":"octubre 25, 2018","format":"video","excerpt":"Bogot\u00e1, octubre 24 de 2018","rel":"","context":"En \u00abEconom\u00eda\u00bb","block_context":{"text":"Econom\u00eda","link":"https:\/\/moir.com.co\/web\/category\/temas\/economia\/"},"img":{"alt_text":"","src":"","width":0,"height":0},"classes":[]},{"id":16376,"url":"https:\/\/moir.com.co\/web\/video-el-senador-robledo-lee-su-articulo-quincenal-la-reforma-de-duque-carrasquilla-la-peor-de-todas\/","url_meta":{"origin":16343,"position":1},"title":"Video: El senador Robledo lee su art\u00edculo quincenal: &#8220;La Reforma de Duque-Carrasquilla, la peor de todas&#8221;","author":"admin","date":"noviembre 10, 2018","format":"video","excerpt":"Bogot\u00e1, noviembre 9 de 2018","rel":"","context":"En \u00abCiencia\u00bb","block_context":{"text":"Ciencia","link":"https:\/\/moir.com.co\/web\/category\/temas\/ciencia\/"},"img":{"alt_text":"","src":"","width":0,"height":0},"classes":[]},{"id":16253,"url":"https:\/\/moir.com.co\/web\/video-presidente-duque-el-que-la-hace-la-paga-pregunta-el-senador-jorge-enrique-robledo\/","url_meta":{"origin":16343,"position":2},"title":"Video: Presidente Duque \u00bfEl que la hace la paga?, pregunta el senador Jorge Enrique Robledo","author":"admin","date":"octubre 24, 2018","format":"video","excerpt":"Carrasquilla meti\u00f3 las manos en la masa en este negociado de principio a fin. Hay pruebas de sobra. Presidente Duque: \u00bfEl que la hace la paga? Bogot\u00e1, octubre 24 de 2018","rel":"","context":"En \u00abEconom\u00eda\u00bb","block_context":{"text":"Econom\u00eda","link":"https:\/\/moir.com.co\/web\/category\/temas\/economia\/"},"img":{"alt_text":"","src":"","width":0,"height":0},"classes":[]},{"id":15431,"url":"https:\/\/moir.com.co\/web\/video-en-debate-en-el-senado-demostrare-por-que-carrasquilla-no-debe-ser-ministro-robledo\/","url_meta":{"origin":16343,"position":3},"title":"Video: En debate en el Senado demostrar\u00e9 por qu\u00e9 Carrasquilla no debe ser ministro: Robledo","author":"admin","date":"julio 13, 2018","format":"video","excerpt":"Jorge Enrique Robledo, 6 veces elegido como mejor senador de Colombia, anuncia un debate de control pol\u00edtico por el nombramiento de Alberto Carrasquilla como ministro de hacienda del gobierno de Duque. Bogot\u00e1, julio 13 de 2018","rel":"","context":"En \u00abAgro\u00bb","block_context":{"text":"Agro","link":"https:\/\/moir.com.co\/web\/category\/temas\/agro\/"},"img":{"alt_text":"","src":"","width":0,"height":0},"classes":[]},{"id":16324,"url":"https:\/\/moir.com.co\/web\/video-la-de-duque-y-carrasquilla-la-mas-cruel-de-las-reformas-tributarias-senador-robledo\/","url_meta":{"origin":16343,"position":4},"title":"Video: La de Duque y Carrasquilla la m\u00e1s cruel de las reformas tributarias, senador Robledo","author":"admin","date":"noviembre 4, 2018","format":"video","excerpt":"La cruel reforma tributaria DuqueCarrasquilla les clava a pobres y clases medias IVA por otros $12 billones y les rebaja $10 billones en impuestos a los magnates (2020). En renta tambi\u00e9n ataca a clase media en retenciones, deducciones y pensiones. Bogot\u00e1, noviembre 4 de 2018","rel":"","context":"En \u00abAgro\u00bb","block_context":{"text":"Agro","link":"https:\/\/moir.com.co\/web\/category\/temas\/agro\/"},"img":{"alt_text":"","src":"","width":0,"height":0},"classes":[]},{"id":15649,"url":"https:\/\/moir.com.co\/web\/plata-de-regalias-y-del-estado-para-la-luz-en-la-costa-robledo\/","url_meta":{"origin":16343,"position":5},"title":"Plata de regal\u00edas y del Estado para la luz en la Costa: Robledo","author":"admin","date":"agosto 15, 2018","format":false,"excerpt":"Oficina de prensa del senador Jorge Enrique Robledo, Bogot\u00e1, agosto 15 de 2018 Electricaribe debe convertirse en una empresa p\u00fablica y eficiente.\u00a0En la ra\u00edz de los problemas del servicio de electricidad en la Costa Caribe est\u00e1n las malas pol\u00edticas de Uribe y Santos, y Carrasquilla (Duque) propone lo mismo. #ChaoElectricaribe\u00a0\u2026","rel":"","context":"En \u00abEconom\u00eda\u00bb","block_context":{"text":"Econom\u00eda","link":"https:\/\/moir.com.co\/web\/category\/temas\/economia\/"},"img":{"alt_text":"","src":"https:\/\/i0.wp.com\/moir.com.co\/web\/wp-content\/uploads\/2018\/08\/electricariberobledocomision2018.png?fit=481%2C380&ssl=1&resize=350%2C200","width":350,"height":200},"classes":[]}],"jetpack_sharing_enabled":true,"_links":{"self":[{"href":"https:\/\/moir.com.co\/web\/wp-json\/wp\/v2\/posts\/16343","targetHints":{"allow":["GET"]}}],"collection":[{"href":"https:\/\/moir.com.co\/web\/wp-json\/wp\/v2\/posts"}],"about":[{"href":"https:\/\/moir.com.co\/web\/wp-json\/wp\/v2\/types\/post"}],"author":[{"embeddable":true,"href":"https:\/\/moir.com.co\/web\/wp-json\/wp\/v2\/users\/1"}],"replies":[{"embeddable":true,"href":"https:\/\/moir.com.co\/web\/wp-json\/wp\/v2\/comments?post=16343"}],"version-history":[{"count":1,"href":"https:\/\/moir.com.co\/web\/wp-json\/wp\/v2\/posts\/16343\/revisions"}],"predecessor-version":[{"id":16344,"href":"https:\/\/moir.com.co\/web\/wp-json\/wp\/v2\/posts\/16343\/revisions\/16344"}],"wp:attachment":[{"href":"https:\/\/moir.com.co\/web\/wp-json\/wp\/v2\/media?parent=16343"}],"wp:term":[{"taxonomy":"category","embeddable":true,"href":"https:\/\/moir.com.co\/web\/wp-json\/wp\/v2\/categories?post=16343"},{"taxonomy":"post_tag","embeddable":true,"href":"https:\/\/moir.com.co\/web\/wp-json\/wp\/v2\/tags?post=16343"}],"curies":[{"name":"wp","href":"https:\/\/api.w.org\/{rel}","templated":true}]}}