{"id":1566,"date":"2006-11-29T22:25:39","date_gmt":"2006-11-29T22:25:39","guid":{"rendered":"https:\/\/moir.org.co\/web\/posicion-de-la-corriente-sindical-clasista-y-unitaria-ante-la-convocatoria-para-la-concertacion-del-salario-minimo-legal\/"},"modified":"2006-11-29T22:25:39","modified_gmt":"2006-11-29T22:25:39","slug":"posicion-de-la-corriente-sindical-clasista-y-unitaria-ante-la-convocatoria-para-la-concertacion-del-salario-minimo-legal","status":"publish","type":"post","link":"https:\/\/moir.com.co\/web\/posicion-de-la-corriente-sindical-clasista-y-unitaria-ante-la-convocatoria-para-la-concertacion-del-salario-minimo-legal\/","title":{"rendered":"POSICI\u00d3N DE LA CORRIENTE SINDICAL CLASISTA Y UNITARIA ANTE LA CONVOCATORIA PARA LA \u201cCONCERTACI\u00d3N DEL SALARIO M\u00cdNIMO LEGAL\u201d"},"content":{"rendered":"<p align=\"justify\"><strong><span>Bogot\u00e1, noviembre de 2006<\/span><\/strong><\/p>\n<p align=\"justify\"><span>Como cada a\u00f1o por esta \u00e9poca, las  centrales sindicales y los pensionados, son convocados junto a los empresarios y  el gobierno a discutir el salario m\u00ednimo legal. El ejercicio ha perdido  credibilidad sobre todo en los gobiernos de Uribe, es una farsa y un escenario  donde los resultados se saben con antelaci\u00f3n, lo que patronos y gobierno  dispongan, por ejemplo la Ley del Presupuesto ya fij\u00f3 el aumento salarial para  los estatales en 4.5%. La convocatoria obedece al inter\u00e9s de \u00c1lvaro Uribe de  posar como conciliador. <\/span><\/p>\n<p align=\"justify\"><span>La comisi\u00f3n se convoca a conveniencia del  uribismo. Existe por Constituci\u00f3n Pol\u00edtica, tiene decreto reglamentario para su  funcionamiento, y se\u00f1ala la obligatoriedad del gobierno de llevar a la misma lo  relacionado con los asuntos laborales como la reforma tributaria que disminuye  los impuestos a la oligarqu\u00eda y a las multinacionales mientras extiende y  aumenta el IVA a los art\u00edculos de la canasta familiar, la reforma de la ley 100,  la reforma sobre pensiones y el recorte de las transferencias. Tampoco se cita a  reuniones para discutir la reestructuraci\u00f3n del Estado que incluye la  eliminaci\u00f3n de las plantas de personal de la red p\u00fablica hospitalaria y sus  convenciones colectivas, tampoco en la privatizaci\u00f3n de Bancaf\u00e9, ECOPETROL, las  electrificadotas, procesos que han debilitado considerablemente al Movimiento  Sindical Colombiano, as\u00ed en Viena en la creaci\u00f3n de la Central Internacional  Sindical, CIS se haya triplicado el n\u00famero de afiliados por razones de  \u201cconveniencia\u201d.<\/span><\/p>\n<p align=\"justify\"><span>Al gobierno le interesa conversar con el  sindicalismo cuando est\u00e1 de por medio la necesidad de posar de concertador. En  la campa\u00f1a para la reelecci\u00f3n exprimi\u00f3 al m\u00e1ximo el \u201cAcuerdo Tripartito\u201d  propuesto por el Ministro de la Protecci\u00f3n social y firmado en Ginebra en el  desarrollo de la asamblea anual de la OIT, cuesti\u00f3n que suscito gran pol\u00e9mica al  interior de la CUT.  <\/span><\/p>\n<p align=\"justify\"><span>No se requiere un gran esfuerzo para  llegar a la conclusi\u00f3n que los \u201cacuerdos\u201d realizados durante el actual gobierno,  no han tra\u00eddo ning\u00fan beneficio para los trabajadores y por el contrario han  causado enormes frustraciones. Aumenta el desempleo, disminuye el poder de  compra, se acaban los contratos a t\u00e9rmino indefinido, se burla el salario m\u00ednimo  legal, hay extrema flexibilidad en los contratos, se acaba con las convenciones  y nunca como ahora est\u00e1n negados los derechos a la asociaci\u00f3n, contrataci\u00f3n y  huelga. Entre tanto mantiene inmodificable su desici\u00f3n de aprobar el TLC, seguir  con la pol\u00edtica de seguridad democr\u00e1tica, el plan Colombia las fumigaciones y  otros proyectos imperialistas que socavan la soberan\u00eda. Por ello es tan  importante resaltar las movilizaciones del 26 de septiembre y 9 de octubre que  ponen de manifiesto un repunte de las protestas populares. <\/span><\/p>\n<p align=\"justify\"><span>Y los \u00faltimos hechos son definitivos para  virar el rumbo, por lo menos de la CUT, nunca como ahora, es tan evidente la  corrupci\u00f3n y descomposici\u00f3n del r\u00e9gimen. No ha sido solamente el nombramiento de  embajadores, c\u00f3nsules, directores de entidades, de ministros, compra de  congresistas, etc., en lo que se apoy\u00f3 Uribe para ganarse la reelecci\u00f3n, sino  que el actual esc\u00e1ndalo pol\u00edtico nacional pone en evidencia el apoyo del  paramilitarismo, profundamente comprometido con el narcotr\u00e1fico y la guerra  sucia. Hasta ahora asoma la punta del iceberg que muestra a las claras que Uribe  y sus compinches est\u00e1n dispuestos a todo para mantenerse en el poder y seguir  sirviendo en bandeja de oro los intereses nacionales a la potencia del norte. <\/span><\/p>\n<p align=\"justify\"><span>La Corriente Sindical Clasita y Unitaria  se aparta de participar en la farsa de la \u201cconcertaci\u00f3n\u201d, consecuente con lo  sostenido en el V Congreso de la CUT. Llamamos a los colombianos a movilizarnos  en la lucha por la recuperaci\u00f3n de la dignidad nacional y los derechos del  pueblo. A quienes van a participar en la concertaci\u00f3n les reclamamos una  redefinici\u00f3n de sus posturas, para recuperar credibilidad y liderazgo del  sindicalismo y ponernos al frente de las grandes batallas que demanda alcanzar  un gobierno realmente democr\u00e1tico. <\/span><\/p>\n<p align=\"justify\"><span>Tarcisio Rivera, Di\u00f3genes Orjuela, Alberto  Vanegas, Orlando Ospina, Miguel Antonio Caro, Domingo Tovar, Gustavo Triana,  Alvaro Morales y Luis Alfonso Vel\u00e1squez R.<\/span><\/p>\n","protected":false},"excerpt":{"rendered":"<p>Bogot\u00e1, noviembre de 2006 Como cada a\u00f1o por esta \u00e9poca, las centrales sindicales y los pensionados, son convocados junto a los empresarios y el gobierno a discutir el salario m\u00ednimo legal. El ejercicio ha perdido credibilidad sobre todo en los gobiernos de Uribe, es una farsa y un escenario donde los resultados se saben con [&hellip;]<\/p>\n","protected":false},"author":1,"featured_media":0,"comment_status":"open","ping_status":"open","sticky":false,"template":"","format":"standard","meta":{"advanced_seo_description":"","jetpack_seo_html_title":"","jetpack_seo_noindex":false,"_jetpack_memberships_contains_paid_content":false,"footnotes":""},"categories":[7],"tags":[],"class_list":["post-1566","post","type-post","status-publish","format-standard","hentry","category-pronunciamientos-de-organizaciones-sociales"],"jetpack_featured_media_url":"","jetpack-related-posts":[{"id":1324,"url":"https:\/\/moir.com.co\/web\/posicion-sobre-el-acuerdo-del-salario-minimo-legal\/","url_meta":{"origin":1566,"position":0},"title":"POSICI\u00d3N SOBRE EL ACUERDO DEL SALARIO M\u00cdNIMO LEGAL","author":"admin","date":"diciembre 7, 2005","format":false,"excerpt":"El acuerdo tripartito en la Comisi\u00f3n Permanente de Concertaci\u00f3n entre gobierno, patronos y centrales obreras, no corresponde a la realidad que viven el movimiento sindical y las masas laboriosas y significa un rev\u00e9s en la lucha contra las pol\u00edticas de Uribe y sus prop\u00f3sitos reeleccionistas. Tampoco se resuelve ninguno de\u2026","rel":"","context":"En \u00abPronunciamientos de Organizaciones Sociales\u00bb","block_context":{"text":"Pronunciamientos de Organizaciones Sociales","link":"https:\/\/moir.com.co\/web\/category\/pronunciamientos-de-organizaciones-sociales\/"},"img":{"alt_text":"","src":"","width":0,"height":0},"classes":[]},{"id":161,"url":"https:\/\/moir.com.co\/web\/la-concertacion-del-salario-minimo-un-duro-golpe-a-los-trabajadores-y-la-poblacion\/","url_meta":{"origin":1566,"position":1},"title":"LA CONCERTACION DEL SALARIO MINIMO, UN DURO GOLPE A LOS TRABAJADORES Y LA POBLACION","author":"admin","date":"agosto 6, 2004","format":false,"excerpt":"El salario m\u00ednimo que concertaron gobierno, empresarios y centrales obreras, en 286.000 pesos mensuales, empeora el grado de sobreexplotaci\u00f3n a que tiene sometida a la naci\u00f3n colombiana el imperialismo con la ayuda de Pastrana y su equipo de gobierno. El abaratamiento de la mano de obra, los altos \u00edndices de\u2026","rel":"","context":"En \u00abTemas\u00bb","block_context":{"text":"Temas","link":"https:\/\/moir.com.co\/web\/category\/temas\/"},"img":{"alt_text":"","src":"","width":0,"height":0},"classes":[]},{"id":15730,"url":"https:\/\/moir.com.co\/web\/la-propuesta-de-uribe-de-aumentar-el-salario-minimo-es-mentirosa-e-inconstitucional\/","url_meta":{"origin":1566,"position":2},"title":"La propuesta de Uribe de aumentar el salario m\u00ednimo es mentirosa e inconstitucional","author":"admin","date":"agosto 24, 2018","format":false,"excerpt":"Oficina de prensa del representante a la c\u00e1mara por Antioquia Jorge G\u00f3mez Gallego, Medell\u00edn, agosto 23 de 2018 El Representante a la C\u00e1mara por Antioquia del POLO Jorge G\u00f3mez explicar\u00e1, en la Comisi\u00f3n S\u00e9ptima de asuntos laborales, que bajo el falso pretexto de subir el salario m\u00ednimo el Senador \u00c1lvaro\u2026","rel":"","context":"En \u00abEconom\u00eda\u00bb","block_context":{"text":"Econom\u00eda","link":"https:\/\/moir.com.co\/web\/category\/temas\/economia\/"},"img":{"alt_text":"","src":"https:\/\/i0.wp.com\/moir.com.co\/web\/wp-content\/uploads\/2018\/08\/jorgegomezsalariominimoestafa.jpeg?fit=907%2C550&ssl=1&resize=350%2C200","width":350,"height":200,"srcset":"https:\/\/i0.wp.com\/moir.com.co\/web\/wp-content\/uploads\/2018\/08\/jorgegomezsalariominimoestafa.jpeg?fit=907%2C550&ssl=1&resize=350%2C200 1x, https:\/\/i0.wp.com\/moir.com.co\/web\/wp-content\/uploads\/2018\/08\/jorgegomezsalariominimoestafa.jpeg?fit=907%2C550&ssl=1&resize=525%2C300 1.5x, https:\/\/i0.wp.com\/moir.com.co\/web\/wp-content\/uploads\/2018\/08\/jorgegomezsalariominimoestafa.jpeg?fit=907%2C550&ssl=1&resize=700%2C400 2x"},"classes":[]},{"id":2189,"url":"https:\/\/moir.com.co\/web\/los-enredos-de-uribe-ahora-tambien-son-con-el-tlc-con-canada\/","url_meta":{"origin":1566,"position":3},"title":"LOS ENREDOS DE URIBE AHORA TAMBI\u00c9N SON CON EL TLC CON CANAD\u00c1","author":"admin","date":"febrero 20, 2008","format":false,"excerpt":"RECALCA, Bogot\u00e1, febrero 20 de 2008 A los l\u00edos para aprobar el TLC con Estados Unidos ahora se suman los que han aparecido para firmar el TLC con Canad\u00e1. Colombia inici\u00f3 las negociaciones de este TLC el 16 de julio de 2007 y aunque las 4 rondas que dur\u00f3 la\u2026","rel":"","context":"En \u00ab\u00a1No a los TLC y al ALCA!\u00bb","block_context":{"text":"\u00a1No a los TLC y al ALCA!","link":"https:\/\/moir.com.co\/web\/category\/temas\/no-a-los-tlc-y-al-alca\/"},"img":{"alt_text":"","src":"","width":0,"height":0},"classes":[]},{"id":2851,"url":"https:\/\/moir.com.co\/web\/intervencion-del-dr-carlos-bula-camacho-secretario-general-del-polo-democratico-alternativo-en-el-50-aniversario-de-la-fundacion-de-la-federacion-colombiana-de-educadores\/","url_meta":{"origin":1566,"position":4},"title":"Intervenci\u00f3n del Dr. Carlos Bula Camacho, Secretario General del Polo Democr\u00e1tico Alternativo en el 50 aniversario de la fundaci\u00f3n de la Federaci\u00f3n Colombiana de Educadores","author":"admin","date":"marzo 26, 2009","format":false,"excerpt":"Reciban en primer lugar el saludo de nuestro Presidente; Maestro Carlos Gaviria, quien no se ha podido hacer presente por encontrarse fuera del pa\u00eds. Las organizaciones y ciudadanos aqu\u00ed convocados por la Gran Coalici\u00f3n Democr\u00e1tica, estamos realizando esta significativa movilizaci\u00f3n en el marco de la conmemoraci\u00f3n de los 50 a\u00f1os\u2026","rel":"","context":"En \u00abPolo Democr\u00e1tico Alternativo\u00bb","block_context":{"text":"Polo Democr\u00e1tico Alternativo","link":"https:\/\/moir.com.co\/web\/category\/polo-democratico-alternativo\/"},"img":{"alt_text":"","src":"","width":0,"height":0},"classes":[]},{"id":15831,"url":"https:\/\/moir.com.co\/web\/las-cortinas-de-humo-de-uribe\/","url_meta":{"origin":1566,"position":5},"title":"Las cortinas de humo de Uribe","author":"admin","date":"septiembre 3, 2018","format":false,"excerpt":"Jos\u00e9 Arlex Arias, Cartagena, septiembre 3 de 2018 El pasado 21 de agosto el senador \u00c1lvaro Uribe radic\u00f3 un proyecto de ley que contempla: \"Art\u00edculo 1\u00b0...rev\u00edstase al presidente de la Rep\u00fablica de precisas facultades extraordinarias, por el t\u00e9rmino de seis (6) meses, contados a partir de la fecha de publicaci\u00f3n\u2026","rel":"","context":"En \u00abEconom\u00eda\u00bb","block_context":{"text":"Econom\u00eda","link":"https:\/\/moir.com.co\/web\/category\/temas\/economia\/"},"img":{"alt_text":"","src":"","width":0,"height":0},"classes":[]}],"jetpack_sharing_enabled":true,"_links":{"self":[{"href":"https:\/\/moir.com.co\/web\/wp-json\/wp\/v2\/posts\/1566","targetHints":{"allow":["GET"]}}],"collection":[{"href":"https:\/\/moir.com.co\/web\/wp-json\/wp\/v2\/posts"}],"about":[{"href":"https:\/\/moir.com.co\/web\/wp-json\/wp\/v2\/types\/post"}],"author":[{"embeddable":true,"href":"https:\/\/moir.com.co\/web\/wp-json\/wp\/v2\/users\/1"}],"replies":[{"embeddable":true,"href":"https:\/\/moir.com.co\/web\/wp-json\/wp\/v2\/comments?post=1566"}],"version-history":[{"count":0,"href":"https:\/\/moir.com.co\/web\/wp-json\/wp\/v2\/posts\/1566\/revisions"}],"wp:attachment":[{"href":"https:\/\/moir.com.co\/web\/wp-json\/wp\/v2\/media?parent=1566"}],"wp:term":[{"taxonomy":"category","embeddable":true,"href":"https:\/\/moir.com.co\/web\/wp-json\/wp\/v2\/categories?post=1566"},{"taxonomy":"post_tag","embeddable":true,"href":"https:\/\/moir.com.co\/web\/wp-json\/wp\/v2\/tags?post=1566"}],"curies":[{"name":"wp","href":"https:\/\/api.w.org\/{rel}","templated":true}]}}