{"id":15581,"date":"2018-08-09T14:16:25","date_gmt":"2018-08-09T14:16:25","guid":{"rendered":"https:\/\/moir.org.co\/web\/?p=15581"},"modified":"2018-08-09T14:16:25","modified_gmt":"2018-08-09T14:16:25","slug":"la-investidura-presidencial-colombiana-en-crisis","status":"publish","type":"post","link":"https:\/\/moir.com.co\/web\/la-investidura-presidencial-colombiana-en-crisis\/","title":{"rendered":"La investidura presidencial colombiana en crisis"},"content":{"rendered":"<p><strong>Jos\u00e9 Arlex Arias, Cartagena, agosto 6 de 2018<\/strong><\/p>\n<p>Seg\u00fan la enciclopedia digital Wikipedia, &#8220;la investidura era la entrega simb\u00f3lica del bien concedido por el se\u00f1or feudal a su vasallo, se hac\u00eda entregando tierra, luego una espada y por \u00faltimo un documento de reconocimiento feudal&#8230;El t\u00e9rmino\u00a0<em>investidura<\/em>\u00a0se toma algunas veces por el t\u00edtulo primitivo de concesi\u00f3n de un\u00a0<a href=\"https:\/\/es.wikipedia.org\/wiki\/Feudo\">feudo<\/a>\u00a0o por el acto por el cual un se\u00f1or inviste de \u00e9l a un\u00a0vasallo. El nombre investidura se deriva del lat\u00edn\u00a0<em>vestire<\/em>, vestir o revestir\u201d. Esta enciclopedia define al\u00a0presidente de la Rep\u00fablica de Colombia\u00a0como \u201cel\u00a0<a href=\"https:\/\/es.wikipedia.org\/wiki\/Jefe_de_Estado\">jefe de Estado<\/a>\u00a0y de\u00a0Gobierno, suprema autoridad administrativa de\u00a0<a href=\"https:\/\/es.wikipedia.org\/wiki\/Colombia\">Colombia<\/a>, comandante supremo de las Fuerzas Armadas y ostenta el t\u00edtulo de gran maestre de la\u00a0<a href=\"https:\/\/es.wikipedia.org\/wiki\/Orden_de_Boyac%C3%A1\">Orden de Boyac\u00e1<\/a>&#8220;; estas son, entre muchas otras, las investiduras que se le otorgan a las 60 personas, incluyendo al electo Iv\u00e1n Duque M\u00e1rquez, que ocupan el solio que por primera vez tuvo Sim\u00f3n Bol\u00edvar. Esto indicar\u00eda que esos personajes designados para ostentar tan distinguidas investiduras, como m\u00ednimo deben tener las condiciones m\u00e1s excelsas de principios, valores, moral y \u00e9tica.<\/p>\n<p>&nbsp;<\/p>\n<p>Infortunadamente, la historia de Colombia est\u00e1 plagada de presidentes que han carecido de dichas virtudes, con el agravante de que la inmunidad presidencial, convertida en una completa m\u00e1scara de impunidad, no ha permitido un juzgamiento ejemplarizante, conllevando a que, con excepci\u00f3n de Gustavo Rojas Pinillas en 1959, ninguno otro haya sido condenado por sus arbitrarias actuaciones. Ah\u00ed est\u00e1n impunes las \u00faltimas investigaciones de corrupci\u00f3n por financiaci\u00f3n irregular de las campa\u00f1as electorales. De 1.227 procesos que reposaban en la Comisi\u00f3n de Acusaciones de la C\u00e1mara de Representantes, 276 eran en contra de \u00c1lvaro Uribe V\u00e9lez, siendo quien ten\u00eda el mayor n\u00famero de investigaciones pendientes; la Corporaci\u00f3n Excelencia en la Justicia se\u00f1al\u00f3 que desde 2012 hasta 2014 se recibieron 3.496 denuncias, de las cuales 1.957 fueron archivadas y 1.538 casos estaban sin resolver.<\/p>\n<p>&nbsp;<\/p>\n<p>Otra novela nos han montado con el llamado a indagatoria que la Corte Suprema le hizo al expresidente Uribe. &#8220;La Corte Suprema me llama a indagatoria, no me oyeron previamente, me siento moralmente impedido para ser senador, enviar\u00e9 mi carta de renuncia para que mi defensa no interfiera con las tareas del Senado&#8221;, dijo Uribe, que despu\u00e9s recul\u00f3 recogiendo dicha renuncia. Como a cualquier colombiano, se le debe garantizar el debido proceso; pero por la dimensi\u00f3n de las denuncias y los elementos procesales que se han dado a conocer mal hace el presidente electo Iv\u00e1n Duque, el utilizar su investidura para presionar a la Corte Suprema de Justicia al afirmar: \u201cConocemos al expresidente Uribe. Somos testigos de su honorabilidad, su rectitud, su patriotismo y su incuestionable servicio al pa\u00eds y al estado de derecho&#8221;, es decir, que si el se\u00f1or Uribe es condenado, el fallo ser\u00eda controvertido por el presidente Duque que lo declar\u00f3 inocente abusando de su investidura. Debemos exigir que no se politice a la justicia, que por el contrario, haya un juzgamiento objetivo, puesto que adem\u00e1s de la gravedad de las denuncias est\u00e1 en jaque la investidura presidencial, cada vez m\u00e1s desacreditada por rufianes que han llegado al poder. La lucha contra la corrupci\u00f3n pasa por apartar del Estado a quienes practican esta doble moral. \u00a1El 26 de agosto, digamos 7 veces s\u00ed en la Consulta Popular Anticorrupci\u00f3n!<\/p>\n","protected":false},"excerpt":{"rendered":"<p>Jos\u00e9 Arlex Arias, Cartagena, agosto 6 de 2018 Seg\u00fan la enciclopedia digital Wikipedia, &#8220;la investidura era la entrega simb\u00f3lica del bien concedido por el se\u00f1or feudal a su vasallo, se hac\u00eda entregando tierra, luego una espada y por \u00faltimo un documento de reconocimiento feudal&#8230;El t\u00e9rmino\u00a0investidura\u00a0se toma algunas veces por el t\u00edtulo primitivo de concesi\u00f3n de [&hellip;]<\/p>\n","protected":false},"author":1,"featured_media":0,"comment_status":"open","ping_status":"open","sticky":false,"template":"","format":"standard","meta":{"advanced_seo_description":"","jetpack_seo_html_title":"","jetpack_seo_noindex":false,"_jetpack_memberships_contains_paid_content":false,"footnotes":""},"categories":[102,97,98],"tags":[],"class_list":["post-15581","post","type-post","status-publish","format-standard","hentry","category-economia","category-imperialismo-y-neoliberalismo","category-politica"],"jetpack_featured_media_url":"","jetpack-related-posts":[{"id":12867,"url":"https:\/\/moir.com.co\/web\/me-quieren-quitar-la-investidura-para-inhabilitarme-y-mandarme-preso-jorge-enrique-robledo\/","url_meta":{"origin":15581,"position":0},"title":"Audio: &#8220;Me quieren quitar la investidura para inhabilitarme y mandarme preso&#8221; Jorge Enrique Robledo","author":"admin","date":"julio 12, 2017","format":"audio","excerpt":"","rel":"","context":"En \u00abImperialismo y Neoliberalismo\u00bb","block_context":{"text":"Imperialismo y Neoliberalismo","link":"https:\/\/moir.com.co\/web\/category\/temas\/imperialismo-y-neoliberalismo\/"},"img":{"alt_text":"","src":"https:\/\/i0.wp.com\/moir.com.co\/web\/wp-content\/uploads\/2017\/07\/Robledo2.jpg?fit=360%2C240&ssl=1&resize=350%2C200","width":350,"height":200},"classes":[]},{"id":2486,"url":"https:\/\/moir.com.co\/web\/uribe-lanza-agresion-contra-la-corte-suprema-y-el-fiscal-para-acallar-las-denuncias-hechas-por-semana-y-cambio\/","url_meta":{"origin":15581,"position":1},"title":"URIBE LANZA AGRESI\u00d3N CONTRA LA CORTE SUPREMA Y EL FISCAL PARA ACALLAR LAS DENUNCIAS HECHAS POR SEMANA Y CAMBIO","author":"admin","date":"agosto 26, 2008","format":false,"excerpt":"Oficina de Prensa Senador Jorge Enrique Robledo, Bogot\u00e1, 26 de agosto de 2008 La agresi\u00f3n lanzada ayer por el presidente de la Rep\u00fablica contra los magistrados de la Corte Suprema y el Fiscal General busca acallar con improperios las denuncias hechas por la revista Semana y Cambio. Semana acus\u00f3 a\u2026","rel":"","context":"En \u00abJorge Enrique Robledo\u00bb","block_context":{"text":"Jorge Enrique Robledo","link":"https:\/\/moir.com.co\/web\/category\/jorge-enrique-robledo\/"},"img":{"alt_text":"","src":"","width":0,"height":0},"classes":[]},{"id":6639,"url":"https:\/\/moir.com.co\/web\/uribe-y-santos-representan-lo-mismo-la-extrema-derecha\/","url_meta":{"origin":15581,"position":2},"title":"\u201cUribe y Santos representan lo mismo, la extrema derecha\u201d","author":"admin","date":"junio 26, 2012","format":false,"excerpt":"Qu\u00e9 balance hace de la presidencia de Juan Manuel Santos cuando han transcurrido dos a\u00f1os desde su investidura? Malo, hago un mal balance, pues contin\u00faan las pol\u00edticas fundamentales que han desbarato a este pa\u00eds desde 1990. No hay ninguna f\u00f3rmula del denominado Consenso de Washington que no se haya seguido\u2026","rel":"","context":"En \u00abJorge Enrique Robledo\u00bb","block_context":{"text":"Jorge Enrique Robledo","link":"https:\/\/moir.com.co\/web\/category\/jorge-enrique-robledo\/"},"img":{"alt_text":"","src":"","width":0,"height":0},"classes":[]},{"id":2358,"url":"https:\/\/moir.com.co\/web\/uribe-debe-respetar-y-acatar-la-constitucion-nacional\/","url_meta":{"origin":15581,"position":3},"title":"Uribe debe respetar y acatar la Constituci\u00f3n Nacional","author":"admin","date":"mayo 30, 2008","format":false,"excerpt":"Polo Democr\u00e1tico Alternativo, Bogot\u00e1, mayo 30 de 2008 En su \u00faltimo consejo comunitario realizado en el municipio de Florida en el departamento del Valle, el Presidente de la Rep\u00fablica en un acto inadmisible e impropio de la investidura del Jefe del Estado, orden\u00f3 a un general de la Rep\u00fablica detener\u2026","rel":"","context":"En \u00abPolo Democr\u00e1tico Alternativo\u00bb","block_context":{"text":"Polo Democr\u00e1tico Alternativo","link":"https:\/\/moir.com.co\/web\/category\/polo-democratico-alternativo\/"},"img":{"alt_text":"","src":"","width":0,"height":0},"classes":[]},{"id":12880,"url":"https:\/\/moir.com.co\/web\/no-ceder-ante-el-matoneo-del-fiscal\/","url_meta":{"origin":15581,"position":4},"title":"No ceder ante el matoneo del Fiscal","author":"admin","date":"julio 14, 2017","format":false,"excerpt":"Jorge Enrique Robledo, Bogot\u00e1, julio 14 de 2017 El martes ir\u00e9 a la Corte Suprema de Justicia a decir que no tengo nada que conciliar con el Fiscal N\u00e9stor Humberto Mart\u00ednez, quien debe retractarse de su acusaci\u00f3n embaucadora e ilegal. Primero, porque he probado mis acusaciones en su contra, incluidos\u2026","rel":"","context":"En \u00abImperialismo y Neoliberalismo\u00bb","block_context":{"text":"Imperialismo y Neoliberalismo","link":"https:\/\/moir.com.co\/web\/category\/temas\/imperialismo-y-neoliberalismo\/"},"img":{"alt_text":"","src":"https:\/\/i0.wp.com\/moir.com.co\/web\/wp-content\/uploads\/2017\/07\/robledoplenaria.jpg?fit=600%2C366&ssl=1&resize=350%2C200","width":350,"height":200,"srcset":"https:\/\/i0.wp.com\/moir.com.co\/web\/wp-content\/uploads\/2017\/07\/robledoplenaria.jpg?fit=600%2C366&ssl=1&resize=350%2C200 1x, https:\/\/i0.wp.com\/moir.com.co\/web\/wp-content\/uploads\/2017\/07\/robledoplenaria.jpg?fit=600%2C366&ssl=1&resize=525%2C300 1.5x"},"classes":[]},{"id":6634,"url":"https:\/\/moir.com.co\/web\/tribuna-libre-de-opinion-con-reparto-de-canonjias-privatizaron-la-justicia\/","url_meta":{"origin":15581,"position":5},"title":"Tribuna Libre de Opini\u00f3n: Con reparto de canonj\u00edas privatizaron la justicia","author":"admin","date":"junio 25, 2012","format":false,"excerpt":"Desde el pasado 26 de diciembre, en columna que publiqu\u00e9 en este espacio, denominada \u201cREFORMA A LA JUSTICIA: Santos peor que Uribe\u201d, advert\u00ed que el gran salto del presidente Juan Manuel Santos lo estaba dando con la Reforma a la Justicia, porque va en el camino de la adecuaci\u00f3n de\u2026","rel":"","context":"En \u00abTemas\u00bb","block_context":{"text":"Temas","link":"https:\/\/moir.com.co\/web\/category\/temas\/"},"img":{"alt_text":"","src":"","width":0,"height":0},"classes":[]}],"jetpack_sharing_enabled":true,"_links":{"self":[{"href":"https:\/\/moir.com.co\/web\/wp-json\/wp\/v2\/posts\/15581","targetHints":{"allow":["GET"]}}],"collection":[{"href":"https:\/\/moir.com.co\/web\/wp-json\/wp\/v2\/posts"}],"about":[{"href":"https:\/\/moir.com.co\/web\/wp-json\/wp\/v2\/types\/post"}],"author":[{"embeddable":true,"href":"https:\/\/moir.com.co\/web\/wp-json\/wp\/v2\/users\/1"}],"replies":[{"embeddable":true,"href":"https:\/\/moir.com.co\/web\/wp-json\/wp\/v2\/comments?post=15581"}],"version-history":[{"count":1,"href":"https:\/\/moir.com.co\/web\/wp-json\/wp\/v2\/posts\/15581\/revisions"}],"predecessor-version":[{"id":15583,"href":"https:\/\/moir.com.co\/web\/wp-json\/wp\/v2\/posts\/15581\/revisions\/15583"}],"wp:attachment":[{"href":"https:\/\/moir.com.co\/web\/wp-json\/wp\/v2\/media?parent=15581"}],"wp:term":[{"taxonomy":"category","embeddable":true,"href":"https:\/\/moir.com.co\/web\/wp-json\/wp\/v2\/categories?post=15581"},{"taxonomy":"post_tag","embeddable":true,"href":"https:\/\/moir.com.co\/web\/wp-json\/wp\/v2\/tags?post=15581"}],"curies":[{"name":"wp","href":"https:\/\/api.w.org\/{rel}","templated":true}]}}